{"id":43181,"date":"2019-08-06T22:12:05","date_gmt":"2019-08-07T01:12:05","guid":{"rendered":"https:\/\/www.cordobatimes.com\/deportes\/?p=43181"},"modified":"2019-08-07T20:54:34","modified_gmt":"2019-08-07T23:54:34","slug":"copa-sudamericana-silvio-romero-ingreso-y-le-dio-el-triunfo-a-independiente","status":"publish","type":"post","link":"https:\/\/www.cordobatimes.com\/deportes\/futbol\/2019\/08\/06\/copa-sudamericana-silvio-romero-ingreso-y-le-dio-el-triunfo-a-independiente\/","title":{"rendered":"Copa Sudamericana: Silvio Romero ingres\u00f3 y le dio el triunfo a Independiente"},"content":{"rendered":"<h3><strong>El ex delantero de Lan\u00fas reemplaz\u00f3 a Ch\u00e1vez en el complemento y le dio la victoria al equipo de Beccacece en el Libertadores de Am\u00e9rica. Romero marc\u00f3 los dos goles que aventajaron al Rojo 2-1 sobre Independiente del Valle.<\/strong><\/h3>\n<p>Independiente se enfrent\u00f3 al verdugo de Boca y River en la Libertadores 2016 y luego de ir abajo en el marcador, logr\u00f3 quedarse con el partido. El conjunto ecuatoriano tom\u00f3 las riendas del partido en el complemento pero el ingreso de Silvio Romero le dio la ventaja al Rojo de cara a la revancha.<\/p>\n<p>La primera parte tuvo al conjunto local como dominador que busc\u00f3 la apertura del marcador pero el gol no lleg\u00f3, y en su lugar Pablo Hern\u00e1ndez se lesion\u00f3 y tuvo que dejar el campo en el descanso. El complemento inici\u00f3 con dominio del equipo visitante, sin generar peligro en el arco de Campa\u00f1a. El duelo se abri\u00f3 tras un error de Mart\u00edn Ben\u00edtez que deriv\u00f3 en los pies de Jhon S\u00e1nchez, quien recibi\u00f3 el bal\u00f3n y remat\u00f3 al palo derecho de un Mart\u00edn Campa\u00f1a que no pudo hacer nada. A partir del gol, el elenco argentino retom\u00f3 el control y tras una dudosa decisi\u00f3n del \u00e1rbitro, lleg\u00f3 el penal que posibilit\u00f3 el empate. Silvio Romero se encarg\u00f3 de la definici\u00f3n y a los 74&#8242; puso el 1-1. En el final del partido, Romero conect\u00f3 un tiro de esquina de Sebasti\u00e1n Palacios y marc\u00f3 la victoria del Rojo.<\/p>\n<p>La revancha se jugar\u00e1 en Ecuador el pr\u00f3ximo mi\u00e9rcoles 13 de agosto. Independiente debe un el duelo de Superliga con Newell&#8217;s, ya que el calendario de la Sudamericana se interpuso con el cruce local con el equipo rosarino.<\/p>\n<p><iframe loading=\"lazy\" title=\"Sudamericana 2019 - 4tos. (ida) | Independiente 2-1 Independiente del Valle\" width=\"696\" height=\"392\" src=\"https:\/\/www.youtube.com\/embed\/fmLzH_o5eTc?feature=oembed\" frameborder=\"0\" allow=\"accelerometer; autoplay; encrypted-media; gyroscope; picture-in-picture\" allowfullscreen><\/iframe><\/p>\n","protected":false},"excerpt":{"rendered":"<p>El ex delantero de Lan\u00fas reemplaz\u00f3 a Ch\u00e1vez en el complemento y le dio la victoria al equipo de Beccacece en el Libertadores de Am\u00e9rica. Romero marc\u00f3 los dos goles que aventajaron al Rojo 2-1 sobre Independiente del Valle. Independiente se enfrent\u00f3 al verdugo de Boca y River en la Libertadores 2016 y luego de [&hellip;]<\/p>\n","protected":false},"author":33,"featured_media":43194,"comment_status":"closed","ping_status":"closed","sticky":false,"template":"","format":"standard","meta":{"_seopress_robots_primary_cat":"none","_seopress_titles_title":"","_seopress_titles_desc":"","_seopress_robots_index":"","footnotes":""},"categories":[2,16],"tags":[5570,642,65,1971,2209,51,5683,3770,3905],"class_list":["post-43181","post","type-post","status-publish","format-standard","has-post-thumbnail","hentry","category-futbol","category-primera-division","tag-copa-sudamericana","tag-ecuador","tag-independiente","tag-independiente-del-valle","tag-libertadores-de-america","tag-newells","tag-sebastian-palacios","tag-silvio-romero","tag-sudamericana"],"_links":{"self":[{"href":"https:\/\/www.cordobatimes.com\/deportes\/wp-json\/wp\/v2\/posts\/43181","targetHints":{"allow":["GET"]}}],"collection":[{"href":"https:\/\/www.cordobatimes.com\/deportes\/wp-json\/wp\/v2\/posts"}],"about":[{"href":"https:\/\/www.cordobatimes.com\/deportes\/wp-json\/wp\/v2\/types\/post"}],"author":[{"embeddable":true,"href":"https:\/\/www.cordobatimes.com\/deportes\/wp-json\/wp\/v2\/users\/33"}],"replies":[{"embeddable":true,"href":"https:\/\/www.cordobatimes.com\/deportes\/wp-json\/wp\/v2\/comments?post=43181"}],"version-history":[{"count":0,"href":"https:\/\/www.cordobatimes.com\/deportes\/wp-json\/wp\/v2\/posts\/43181\/revisions"}],"wp:featuredmedia":[{"embeddable":true,"href":"https:\/\/www.cordobatimes.com\/deportes\/wp-json\/wp\/v2\/media\/43194"}],"wp:attachment":[{"href":"https:\/\/www.cordobatimes.com\/deportes\/wp-json\/wp\/v2\/media?parent=43181"}],"wp:term":[{"taxonomy":"category","embeddable":true,"href":"https:\/\/www.cordobatimes.com\/deportes\/wp-json\/wp\/v2\/categories?post=43181"},{"taxonomy":"post_tag","embeddable":true,"href":"https:\/\/www.cordobatimes.com\/deportes\/wp-json\/wp\/v2\/tags?post=43181"}],"curies":[{"name":"wp","href":"https:\/\/api.w.org\/{rel}","templated":true}]}}