{"id":43173,"date":"2019-08-05T23:35:46","date_gmt":"2019-08-06T02:35:46","guid":{"rendered":"https:\/\/www.cordobatimes.com\/deportes\/?p=43173"},"modified":"2019-08-06T00:56:27","modified_gmt":"2019-08-06T03:56:27","slug":"arsenal-cerro-la-fecha-con-victoria-y-punta-del-campeonato","status":"publish","type":"post","link":"https:\/\/www.cordobatimes.com\/deportes\/futbol\/2019\/08\/05\/arsenal-cerro-la-fecha-con-victoria-y-punta-del-campeonato\/","title":{"rendered":"Arsenal cerr\u00f3 la fecha con victoria y punta del campeonato"},"content":{"rendered":"<h3><strong>El conjunto de Sarand\u00ed, dirigido por Sergio Rondino cosech\u00f3 su segundo triunfo en la Superliga tras vencer 2-0 a Godoy Cruz en Mendoza. Los goles de Gim\u00e9nez y So\u00f1ora dejaron al Arse en la cima del torneo.<\/strong><\/h3>\n<p>Luego de una temporada en la B Nacional, Arsenal de Sarand\u00ed regres\u00f3 a Primera Divisi\u00f3n con el objetivo principal de mantenerse en la categor\u00eda y engrosar el promedio, que por ahora se mantiene como medida de descenso. Aunque el equipo fundado por Julio Humberto Grondona se arm\u00f3 con una meta de permanencia, sorprendi\u00f3 en su vuelta a la Superliga con dos victorias al hilo que lo posicionan en la cima de la tabla.<\/p>\n<p>Arsenal visit\u00f3 al Tomba en Mendoza tard\u00f3 solo 12&#8242; en golpear al elenco de Lucas Bernardi. Aunque comienzo fue parejo con ambos equipos generaron peligro, Nicol\u00e1s Gim\u00e9nez abri\u00f3 el marcador con una gran jugada individual y un remate de zurda imposible para Roberto Ram\u00edrez, y descontrol\u00f3 completamente al conjunto mendocino. Ram\u00edrez reemplazo en el arco a Andr\u00e9s Mehring, que hab\u00eda tenido una mala noche ante Palmeiras por Copa Libertadores. Luego del 1-0, Arsenal tom\u00f3 el control y aprovech\u00f3 cada contra para llegar al \u00e1rea de Godoy Cruz, pero no fue hasta la \u00faltima jugada con Joel So\u00f1ora como protagonista que logr\u00f3 el segundo tanto. El hijo de Diego So\u00f1ora y ex futbolista de Talleres, remat\u00f3 de media distancia a los 92&#8242;, venci\u00f3 la mala defensa de Ram\u00edrez y liquid\u00f3 el encuentro a favor de los de Sarand\u00ed.<\/p>\n<p><iframe loading=\"lazy\" title=\"Resumen de Godoy Cruz vs Arsenal (0-2) | Fecha 2 - Superliga Argentina 2019\/2020\" width=\"696\" height=\"392\" src=\"https:\/\/www.youtube.com\/embed\/60qUJ0YupGo?feature=oembed\" frameborder=\"0\" allow=\"accelerometer; autoplay; encrypted-media; gyroscope; picture-in-picture\" allowfullscreen><\/iframe><\/p>\n<p>Con 6 puntos sobre 6, 3 goles a favor y ninguno en contra, Arsenal qued\u00f3 como l\u00edder del torneo junto a Rosario Central y San Lorenzo. El duelo entre Independiente y Newell&#8217;s se posterg\u00f3 por el cruce del Rojo frente a Independiente del Valle por Copa Sudamericana y a\u00fan no hay fecha confirmada. Godoy Cruz sum\u00f3 su segunda derrota en Superliga, tercer consecutiva contando el encuentro con Palmeiras en Brasil y quinto partido sin ganar, sumando la ida en Mendoza de los Octavos de Libertadores y el partido por Copa Argentina ante Hurac\u00e1n, donde logr\u00f3 el pase por penales.<\/p>\n","protected":false},"excerpt":{"rendered":"<p>El conjunto de Sarand\u00ed, dirigido por Sergio Rondino cosech\u00f3 su segundo triunfo en la Superliga tras vencer 2-0 a Godoy Cruz en Mendoza. Los goles de Gim\u00e9nez y So\u00f1ora dejaron al Arse en la cima del torneo. Luego de una temporada en la B Nacional, Arsenal de Sarand\u00ed regres\u00f3 a Primera Divisi\u00f3n con el objetivo [&hellip;]<\/p>\n","protected":false},"author":33,"featured_media":43178,"comment_status":"closed","ping_status":"closed","sticky":false,"template":"","format":"standard","meta":{"_seopress_robots_primary_cat":"none","_seopress_titles_title":"","_seopress_titles_desc":"","_seopress_robots_index":"","footnotes":""},"categories":[2,16],"tags":[8347,71,2142,8207,7466,8346,50,8348,6327,8349,5605,2305],"class_list":["post-43173","post","type-post","status-publish","format-standard","has-post-thumbnail","hentry","category-futbol","category-primera-division","tag-arse","tag-arsenal","tag-arsenal-de-sarandi","tag-bernardi","tag-gimenez","tag-godoy","tag-godoy-cruz","tag-rondina","tag-saf","tag-sonora","tag-superliga","tag-tomba"],"_links":{"self":[{"href":"https:\/\/www.cordobatimes.com\/deportes\/wp-json\/wp\/v2\/posts\/43173","targetHints":{"allow":["GET"]}}],"collection":[{"href":"https:\/\/www.cordobatimes.com\/deportes\/wp-json\/wp\/v2\/posts"}],"about":[{"href":"https:\/\/www.cordobatimes.com\/deportes\/wp-json\/wp\/v2\/types\/post"}],"author":[{"embeddable":true,"href":"https:\/\/www.cordobatimes.com\/deportes\/wp-json\/wp\/v2\/users\/33"}],"replies":[{"embeddable":true,"href":"https:\/\/www.cordobatimes.com\/deportes\/wp-json\/wp\/v2\/comments?post=43173"}],"version-history":[{"count":0,"href":"https:\/\/www.cordobatimes.com\/deportes\/wp-json\/wp\/v2\/posts\/43173\/revisions"}],"wp:featuredmedia":[{"embeddable":true,"href":"https:\/\/www.cordobatimes.com\/deportes\/wp-json\/wp\/v2\/media\/43178"}],"wp:attachment":[{"href":"https:\/\/www.cordobatimes.com\/deportes\/wp-json\/wp\/v2\/media?parent=43173"}],"wp:term":[{"taxonomy":"category","embeddable":true,"href":"https:\/\/www.cordobatimes.com\/deportes\/wp-json\/wp\/v2\/categories?post=43173"},{"taxonomy":"post_tag","embeddable":true,"href":"https:\/\/www.cordobatimes.com\/deportes\/wp-json\/wp\/v2\/tags?post=43173"}],"curies":[{"name":"wp","href":"https:\/\/api.w.org\/{rel}","templated":true}]}}