{"id":43060,"date":"2019-07-31T16:18:51","date_gmt":"2019-07-31T19:18:51","guid":{"rendered":"https:\/\/www.cordobatimes.com\/deportes\/?p=43060"},"modified":"2019-07-31T16:19:15","modified_gmt":"2019-07-31T19:19:15","slug":"la-copa-america-ya-ha-confirmado-que-argentina-y-colombia-seran-sede-del-proximo-torneo","status":"publish","type":"post","link":"https:\/\/www.cordobatimes.com\/deportes\/futbol-internacional\/2019\/07\/31\/la-copa-america-ya-ha-confirmado-que-argentina-y-colombia-seran-sede-del-proximo-torneo\/","title":{"rendered":"La Copa Am\u00e9rica ya ha confirmado que Argentina y Colombia ser\u00e1n sede del pr\u00f3ximo torneo"},"content":{"rendered":"<p align=\"justify\">Hace tan solo un mes que Alejandro Dominguez, Presidente de la CONMEBOL, y recordado por el curioso enredo del Boca Vs River, confirmaba que la final de la <span style=\"color: #0563c1;\"><u><a href=\"https:\/\/www.entradafan.com.ar\/entradas-copa-america-2020\/c1695\"><span style=\"color: #008000;\">Copa Am\u00e9rica 2020<\/span><\/a><\/u><\/span> se jugar\u00e1 en Colombia. Mientras tanto, Argentina ser\u00e1 sede de la inauguraci\u00f3n del torneo y de la mitad de los partidos que se disputar\u00e1n entre el 12 de Junio y 12 de Julio, fechas confirmadas por la Confederaci\u00f3n Sudamericana de Futbol, para llevar adelante el torneo de selecciones m\u00e1s antiguo del mundo.<\/p>\n<p align=\"justify\">A diferencia de los 28 partidos que se jugaron este a\u00f1o, el 2020 viene con m\u00e1s f\u00fatbol. Con 36 partidos confirmados y con la presencia de Qatar y Australia como invitados, la pr\u00f3xima Copa Am\u00e9rica busca reencontrarse con los fan\u00e1ticos del f\u00fatbol a los que han desencantado. Con esta particularidad hacer base en dos pa\u00edses distintos, y por cierto, bastante alejados, el Grupo Norte, con sede en Colombia re\u00fane, al pa\u00eds anfitri\u00f3n junto a Brasil, Per\u00fa, Venezuela, Ecuador y uno de los invitados, mientras que el grupo Sur, jugar\u00e1 en suelo argentino con el conjunto liderado por Messi, sumado a Bolivia, Chile, Uruguay, Paraguay m\u00e1s el otro invitado.<\/p>\n<p align=\"justify\">Al parecer, las posibilidades de llegar a una final Brasil Vs Argentina vuelve a cobrar fuerzas y da aliento a aquellos que a\u00fan esperan ganar la copa. La gran inc\u00f3gnita para el pr\u00f3ximo a\u00f1o, es qu\u00e9 pasar\u00e1 con el DT argentino, ya que luego de las demostraciones del \u00faltimo certamen, el grupo albiceleste parece presentar un claro caso de acefal\u00eda. Pero\u2026 \u00bfqui\u00e9n dice? Tal vez, el 2020 sea el a\u00f1o en el que Messi, finalmente, logr\u00e9 su sue\u00f1o y el de toda una naci\u00f3n, levantar la copa con la camiseta argentina.<\/p>\n<p align=\"justify\">En C\u00f3rdoba, el estadio que recibir\u00e1 algunos partidos de la Copa Am\u00e9rica 2020 ser\u00e1 el <span style=\"color: #0563c1;\"><u><a href=\"https:\/\/www.entradafan.com.ar\/entradas-estadio-kempes\/c165\"><span style=\"color: #008000;\">Kempes<\/span><\/a><\/u><\/span>, con una capacidad para 57mil espectadores.<\/p>\n","protected":false},"excerpt":{"rendered":"<p>Hace tan solo un mes que Alejandro Dominguez, Presidente de la CONMEBOL, y recordado por el curioso enredo del Boca Vs River, confirmaba que la final de la Copa Am\u00e9rica 2020 se jugar\u00e1 en Colombia. Mientras tanto, Argentina ser\u00e1 sede de la inauguraci\u00f3n del torneo y de la mitad de los partidos que se disputar\u00e1n [&hellip;]<\/p>\n","protected":false},"author":20,"featured_media":43065,"comment_status":"closed","ping_status":"closed","sticky":false,"template":"","format":"standard","meta":{"_seopress_robots_primary_cat":"none","_seopress_titles_title":"","_seopress_titles_desc":"","_seopress_robots_index":"","footnotes":""},"categories":[18],"tags":[8321,8322],"class_list":["post-43060","post","type-post","status-publish","format-standard","has-post-thumbnail","hentry","category-futbol-internacional","tag-entradas-copa-america-argentina-2020","tag-venta-de-entradas-para-la-copa-america-argentina"],"_links":{"self":[{"href":"https:\/\/www.cordobatimes.com\/deportes\/wp-json\/wp\/v2\/posts\/43060","targetHints":{"allow":["GET"]}}],"collection":[{"href":"https:\/\/www.cordobatimes.com\/deportes\/wp-json\/wp\/v2\/posts"}],"about":[{"href":"https:\/\/www.cordobatimes.com\/deportes\/wp-json\/wp\/v2\/types\/post"}],"author":[{"embeddable":true,"href":"https:\/\/www.cordobatimes.com\/deportes\/wp-json\/wp\/v2\/users\/20"}],"replies":[{"embeddable":true,"href":"https:\/\/www.cordobatimes.com\/deportes\/wp-json\/wp\/v2\/comments?post=43060"}],"version-history":[{"count":0,"href":"https:\/\/www.cordobatimes.com\/deportes\/wp-json\/wp\/v2\/posts\/43060\/revisions"}],"wp:featuredmedia":[{"embeddable":true,"href":"https:\/\/www.cordobatimes.com\/deportes\/wp-json\/wp\/v2\/media\/43065"}],"wp:attachment":[{"href":"https:\/\/www.cordobatimes.com\/deportes\/wp-json\/wp\/v2\/media?parent=43060"}],"wp:term":[{"taxonomy":"category","embeddable":true,"href":"https:\/\/www.cordobatimes.com\/deportes\/wp-json\/wp\/v2\/categories?post=43060"},{"taxonomy":"post_tag","embeddable":true,"href":"https:\/\/www.cordobatimes.com\/deportes\/wp-json\/wp\/v2\/tags?post=43060"}],"curies":[{"name":"wp","href":"https:\/\/api.w.org\/{rel}","templated":true}]}}