{"id":42895,"date":"2019-07-26T20:34:51","date_gmt":"2019-07-26T23:34:51","guid":{"rendered":"https:\/\/www.cordobatimes.com\/deportes\/?p=42895"},"modified":"2019-07-27T04:35:40","modified_gmt":"2019-07-27T07:35:40","slug":"juegos-panamericanos-gran-comienzo-argentino-en-patinaje-artistico","status":"publish","type":"post","link":"https:\/\/www.cordobatimes.com\/deportes\/polideportivo\/2019\/07\/26\/juegos-panamericanos-gran-comienzo-argentino-en-patinaje-artistico\/","title":{"rendered":"Juegos Panamericanos: gran comienzo argentino en Patinaje Art\u00edstico"},"content":{"rendered":"<h3><b>En el d\u00eda de la inauguraci\u00f3n de los Juegos, el patinaje art\u00edstico\u00a0 inici\u00f3 con liderazgo argentino. La patinadora Giselle Soler y el patinador Juan S\u00e1nchez lograron el primer lugar en el programa corto.<\/b><\/h3>\n<p>El patinaje art\u00edstico cuenta con poca competici\u00f3n dentro de los Juegos Panamericanos ya que solo tiene dos jornadas de acci\u00f3n. En el d\u00eda de hoy se realiz\u00f3 el Programa Corto en la disciplina y tanto Giselle Soler como Juan S\u00e1nchez alcanzaron la cima de la tabla. Ma\u00f1ana s\u00e1bado se llevar\u00e1 a cabo el Programa Largo en el cual se entregar\u00e1n las medallas, algo que parece cercano para los argentinos tras su desempe\u00f1o en el debut.<\/p>\n<p>La medallista dorada de Toronto 2015 finaliz\u00f3 con 38,53 puntos y super\u00f3 por 1,83 a su escolta, la brasile\u00f1a Bruna Wurts. Soler sum\u00f3 22,87 en contenido t\u00e9cnico y 15,66 en impresi\u00f3n art\u00edstica, adem\u00e1s de no recibir ninguna penalizaci\u00f3n. Tras lo mostrado en el primer d\u00eda, la argentina se perfila para repetir lo conseguido hace 4 a\u00f1os.<\/p>\n<blockquote class=\"twitter-tweet\" data-width=\"550\" data-dnt=\"true\">\n<p lang=\"es\" dir=\"ltr\"><a href=\"https:\/\/twitter.com\/hashtag\/Lima2019EnTyCSports?src=hash&amp;ref_src=twsrc%5Etfw\">#Lima2019EnTyCSports<\/a> <a href=\"https:\/\/twitter.com\/hashtag\/Pat%C3%ADnArt%C3%ADstico?src=hash&amp;ref_src=twsrc%5Etfw\">#Pat\u00ednArt\u00edstico<\/a> | Ella es Gisele Soler en su performance programa libre \ud83d\ude0d\ud83c\udde6\ud83c\uddf7 <a href=\"https:\/\/t.co\/2bIby4PbN4\">pic.twitter.com\/2bIby4PbN4<\/a><\/p>\n<p>&mdash; TyC Sports (@TyCSports) <a href=\"https:\/\/twitter.com\/TyCSports\/status\/1154783354924855302?ref_src=twsrc%5Etfw\">July 26, 2019<\/a><\/p><\/blockquote>\n<p><script async src=\"https:\/\/platform.twitter.com\/widgets.js\" charset=\"utf-8\"><\/script><\/p>\n<p>Pero no solo Soler hizo una gran performance, ya que Juan S\u00e1nchez espera sumar la primer medalla de oro en patinaje art\u00edstico masculino desde los JJPP de 1999. El argentino sac\u00f3 una diferencia de 10 puntos a su perseguidor, el paraguayo V\u00edctor L\u00f3pez. S\u00e1nchez sum\u00f3 60,95 puntos a ra\u00edz de 39,20 en contenido t\u00e9cnico y 21,75 en impresi\u00f3n art\u00edstica.<\/p>\n<p><iframe loading=\"lazy\" title=\"Pat\u00edn Art\u00edstico - Juan Francisco S\u00e1nchez - Juegos Panamericanos Lima 2019\" width=\"696\" height=\"392\" src=\"https:\/\/www.youtube.com\/embed\/9NgMgi-4Yhk?feature=oembed\" frameborder=\"0\" allow=\"accelerometer; autoplay; encrypted-media; gyroscope; picture-in-picture\" allowfullscreen><\/iframe><\/p>\n","protected":false},"excerpt":{"rendered":"<p>En el d\u00eda de la inauguraci\u00f3n de los Juegos, el patinaje art\u00edstico\u00a0 inici\u00f3 con liderazgo argentino. La patinadora Giselle Soler y el patinador Juan S\u00e1nchez lograron el primer lugar en el programa corto. El patinaje art\u00edstico cuenta con poca competici\u00f3n dentro de los Juegos Panamericanos ya que solo tiene dos jornadas de acci\u00f3n. En el [&hellip;]<\/p>\n","protected":false},"author":33,"featured_media":42902,"comment_status":"closed","ping_status":"closed","sticky":false,"template":"","format":"standard","meta":{"_seopress_robots_primary_cat":"none","_seopress_titles_title":"","_seopress_titles_desc":"","_seopress_robots_index":"","footnotes":""},"categories":[8231,6],"tags":[26,2031,7497,1853,8278,8276,8277],"class_list":["post-42895","post","type-post","status-publish","format-standard","has-post-thumbnail","hentry","category-panamericanos-lima-2019","category-polideportivo","tag-argentina","tag-juegos-panamericanos","tag-lima-2019","tag-medalla-de-oro","tag-patinaje-argentina","tag-patinaje-artistico","tag-toronto-2015"],"_links":{"self":[{"href":"https:\/\/www.cordobatimes.com\/deportes\/wp-json\/wp\/v2\/posts\/42895","targetHints":{"allow":["GET"]}}],"collection":[{"href":"https:\/\/www.cordobatimes.com\/deportes\/wp-json\/wp\/v2\/posts"}],"about":[{"href":"https:\/\/www.cordobatimes.com\/deportes\/wp-json\/wp\/v2\/types\/post"}],"author":[{"embeddable":true,"href":"https:\/\/www.cordobatimes.com\/deportes\/wp-json\/wp\/v2\/users\/33"}],"replies":[{"embeddable":true,"href":"https:\/\/www.cordobatimes.com\/deportes\/wp-json\/wp\/v2\/comments?post=42895"}],"version-history":[{"count":0,"href":"https:\/\/www.cordobatimes.com\/deportes\/wp-json\/wp\/v2\/posts\/42895\/revisions"}],"wp:featuredmedia":[{"embeddable":true,"href":"https:\/\/www.cordobatimes.com\/deportes\/wp-json\/wp\/v2\/media\/42902"}],"wp:attachment":[{"href":"https:\/\/www.cordobatimes.com\/deportes\/wp-json\/wp\/v2\/media?parent=42895"}],"wp:term":[{"taxonomy":"category","embeddable":true,"href":"https:\/\/www.cordobatimes.com\/deportes\/wp-json\/wp\/v2\/categories?post=42895"},{"taxonomy":"post_tag","embeddable":true,"href":"https:\/\/www.cordobatimes.com\/deportes\/wp-json\/wp\/v2\/tags?post=42895"}],"curies":[{"name":"wp","href":"https:\/\/api.w.org\/{rel}","templated":true}]}}