{"id":42795,"date":"2019-07-24T23:35:09","date_gmt":"2019-07-25T02:35:09","guid":{"rendered":"https:\/\/www.cordobatimes.com\/deportes\/?p=42795"},"modified":"2019-07-25T03:18:29","modified_gmt":"2019-07-25T06:18:29","slug":"copa-libertadores-boca-se-llevo-un-triunfo-clave-en-brasil","status":"publish","type":"post","link":"https:\/\/www.cordobatimes.com\/deportes\/futbol\/2019\/07\/24\/copa-libertadores-boca-se-llevo-un-triunfo-clave-en-brasil\/","title":{"rendered":"Copa Libertadores: Boca se llev\u00f3 un triunfo clave en Brasil"},"content":{"rendered":"<h3><strong>El Xeneize venci\u00f3 1-0 a Athletico Paranaense con gol de Alexis Mac Allister en el Arena da Baixada. Sobre la hora, Marco Ruben malogr\u00f3 un penal repleto de pol\u00e9mica.<\/strong><\/h3>\n<p>En la ciudad de Curitiba, Boca consigui\u00f3 una ventaja importante de cara a la revancha. El equipo de Alfaro no mostr\u00f3 su mejor nivel pero fue suficiente para superar al Fura\u00e7ao con un golazo de Mac Allister. En la \u00faltima jugada del partido, el \u00e1rbitro Daniel Fedorczuk sancion\u00f3 penal para el conjunto local pero el argentino Ruben, que le hab\u00eda marcado en los dos partidos de fase de grupos al Xeneize, no pudo empatar desde los 12 pasos con un remate que impact\u00f3 en el poste izquierdo de Esteban Andrada. Adem\u00e1s, el equipo argentino estren\u00f3 la nueva indumentaria alternativa.<\/p>\n<figure id=\"attachment_42778\" aria-describedby=\"caption-attachment-42778\" style=\"width: 696px\" class=\"wp-caption alignnone\"><img loading=\"lazy\" decoding=\"async\" class=\"size-large wp-image-42778\" src=\"https:\/\/www.cordobatimes.com\/deportes\/wp-content\/uploads\/2019\/07\/Boca-1024x768.jpg\" alt=\"\" width=\"696\" height=\"522\" srcset=\"https:\/\/www.cordobatimes.com\/deportes\/wp-content\/uploads\/2019\/07\/Boca-1024x768.jpg 1024w, https:\/\/www.cordobatimes.com\/deportes\/wp-content\/uploads\/2019\/07\/Boca-300x225.jpg 300w, https:\/\/www.cordobatimes.com\/deportes\/wp-content\/uploads\/2019\/07\/Boca-768x576.jpg 768w, https:\/\/www.cordobatimes.com\/deportes\/wp-content\/uploads\/2019\/07\/Boca-80x60.jpg 80w, https:\/\/www.cordobatimes.com\/deportes\/wp-content\/uploads\/2019\/07\/Boca-265x198.jpg 265w, https:\/\/www.cordobatimes.com\/deportes\/wp-content\/uploads\/2019\/07\/Boca-696x522.jpg 696w, https:\/\/www.cordobatimes.com\/deportes\/wp-content\/uploads\/2019\/07\/Boca-1068x801.jpg 1068w, https:\/\/www.cordobatimes.com\/deportes\/wp-content\/uploads\/2019\/07\/Boca-560x420.jpg 560w, https:\/\/www.cordobatimes.com\/deportes\/wp-content\/uploads\/2019\/07\/Boca-1920x1440.jpg 1920w, https:\/\/www.cordobatimes.com\/deportes\/wp-content\/uploads\/2019\/07\/Boca.jpg 2048w\" sizes=\"auto, (max-width: 696px) 100vw, 696px\" \/><figcaption id=\"caption-attachment-42778\" class=\"wp-caption-text\">Boca estrenar\u00e1 la nueva equipaci\u00f3n frente a Paranaense<\/figcaption><\/figure>\n<p>En la primera mitad, el conjunto de La Ribera cont\u00f3 con varias ocasiones para marcar pero la falta de contundencia en la ofensiva no le permiti\u00f3 abrir el marcador. El punto m\u00e1s flaco del Xeneize en el encuentro fueron \u00c1bila y Z\u00e1rate, por lo que el entrenador decidi\u00f3 reemplazarnos en la segunda etapa. Paranaense tambi\u00e9n tuvo jugadas para anotar con remates desde media distancia.<\/p>\n<p>En el segundo tiempo, Boca comenz\u00f3 a sufrir el desgaste de la primera mitad, motivo por el cual Alexis Mac Allister dej\u00f3 el campo de juego tras el gol. El hijo menor de Carlos Mac Allister hizo su debut oficial en el club azul y oro por Copa Libertadores (ya hab\u00eda jugada en los amistosos de pretemporada donde le marc\u00f3 a Chivas de Guadalajara en su primer partido), y al igual que su padre, lo hizo con un gol. A eso se le suma que es el primer caso de padre e hijo que anotan con la camiseta de Boca. El ex Argentinos estaba listo para dejar la cancha y darle su lugar a Emanuel Reynoso, pero como el juego no se deten\u00eda, el 8 se mantuvo en dentro del campo y cont\u00f3 con la fortuna de capturar una pelota que qued\u00f3 boyando cerca del \u00e1rea para convertir el gol de la victoria a los 83&#8242;. A los 92&#8242;, el \u00e1rbitro Fedorczuk sancion\u00f3 un dudoso penal dentro del \u00e1rea de Boca, luego de un choque entre Rony y Andrada. El juez se apoy\u00f3 en el VAR y decidi\u00f3 cobrar la pena m\u00e1xima a favor del local. El encargado de ejecutarlo fue Marco Ruben, que ven\u00eda de anotarle los 4 goles de Paranaense a Boca en la fase de grupos, pero el 9 no tuvo la misma suerte y desperdici\u00f3 la \u00faltima oportunidad de empatar.<\/p>\n<p>Con este triunfo, el Xeneize recibir\u00e1 al Fura\u00e7ao el pr\u00f3ximo mi\u00e9rcoles desde las 21.30 en La Bombonera.<\/p>\n<p><iframe loading=\"lazy\" title=\"Atl\u00e9tico Paranaense - Boca Juniors [0-1] | GOLES | Octavos de final (Ida) | CONMEBOL Libertadores\" width=\"696\" height=\"392\" src=\"https:\/\/www.youtube.com\/embed\/Ai5NrLv6xYk?feature=oembed\" frameborder=\"0\" allow=\"accelerometer; autoplay; encrypted-media; gyroscope; picture-in-picture\" allowfullscreen><\/iframe><\/p>\n<p>&nbsp;<\/p>\n<p>El &#8220;nuevo&#8221; San Lorenzo dirigido por Juan Antonio Pizzi, mejor\u00f3 en comparaci\u00f3n al primer semestre cuando Jorge Almir\u00f3n estaba al mando del equipo, pero no pudo pasar del 0-0 frente a Cerro Porte\u00f1o, dirigido por Miguel \u00c1ngel Russo. Alberto Esp\u00edndola vio la roja a los 63&#8242; en el elenco paraguayo. La vuelta se jugar\u00e1 en el Estadio General Pablo Rojas el mi\u00e9rcoles 31 de julio a las 19.15.<\/p>\n<p><iframe loading=\"lazy\" title=\"San Lorenzo - Cerro Porte\u00f1o [0-0] | RESUMEN | Octavos de final (Ida) | CONMEBOL Libertadores\" width=\"696\" height=\"392\" src=\"https:\/\/www.youtube.com\/embed\/-JbUn4RQVAY?feature=oembed\" frameborder=\"0\" allow=\"accelerometer; autoplay; encrypted-media; gyroscope; picture-in-picture\" allowfullscreen><\/iframe><\/p>\n<p>En otro de los cruces, Emelec venci\u00f3 2-0 a Flamengo con goles de Godoy, a los 10&#8242;, y Caicedo, a los 79&#8242;. El conjunto ecuatoriano sufri\u00f3 la expulsi\u00f3n del argentino ex River, Leandro Vega a los 53&#8242;. La revancha se jugar\u00e1 en el Maracan\u00e1.<\/p>\n<p><iframe loading=\"lazy\" title=\"Emelec - Flamengo [2-0] | GOLES | Octavos de final (Ida) | CONMEBOL Libertadores\" width=\"696\" height=\"392\" src=\"https:\/\/www.youtube.com\/embed\/bUssUgoubdA?feature=oembed\" frameborder=\"0\" allow=\"accelerometer; autoplay; encrypted-media; gyroscope; picture-in-picture\" allowfullscreen><\/iframe><\/p>\n<p>Nacional recibi\u00f3 a Internacional en Montevideo. El conjunto de Porto Alegre se llev\u00f3 la victoria con un gol de Paolo Guerrero a los 90&#8242;. La revancha se jugar\u00e1 el pr\u00f3ximo mi\u00e9rcoles en Estadio Beira-Rio.<\/p>\n<p><iframe loading=\"lazy\" title=\"Nacional - Internacional [0-1] | GOLES | Octavos de final (Ida) | CONMEBOL Libertadores\" width=\"696\" height=\"392\" src=\"https:\/\/www.youtube.com\/embed\/ezE9IOkhEx8?feature=oembed\" frameborder=\"0\" allow=\"accelerometer; autoplay; encrypted-media; gyroscope; picture-in-picture\" allowfullscreen><\/iframe><\/p>\n","protected":false},"excerpt":{"rendered":"<p>El Xeneize venci\u00f3 1-0 a Athletico Paranaense con gol de Alexis Mac Allister en el Arena da Baixada. Sobre la hora, Marco Ruben malogr\u00f3 un penal repleto de pol\u00e9mica. En la ciudad de Curitiba, Boca consigui\u00f3 una ventaja importante de cara a la revancha. El equipo de Alfaro no mostr\u00f3 su mejor nivel pero fue [&hellip;]<\/p>\n","protected":false},"author":33,"featured_media":42805,"comment_status":"closed","ping_status":"closed","sticky":false,"template":"","format":"standard","meta":{"_seopress_robots_primary_cat":"none","_seopress_titles_title":"","_seopress_titles_desc":"","_seopress_robots_index":"","footnotes":""},"categories":[21,2],"tags":[2210,7042,52,8228,8208,7373,8220],"class_list":["post-42795","post","type-post","status-publish","format-standard","has-post-thumbnail","hentry","category-copa-libertadores","category-futbol","tag-alfaro","tag-atletico-paranaense-vs-boca","tag-boca","tag-libertadores-2019","tag-mac-allister","tag-paranaense","tag-paranaense-boca"],"_links":{"self":[{"href":"https:\/\/www.cordobatimes.com\/deportes\/wp-json\/wp\/v2\/posts\/42795","targetHints":{"allow":["GET"]}}],"collection":[{"href":"https:\/\/www.cordobatimes.com\/deportes\/wp-json\/wp\/v2\/posts"}],"about":[{"href":"https:\/\/www.cordobatimes.com\/deportes\/wp-json\/wp\/v2\/types\/post"}],"author":[{"embeddable":true,"href":"https:\/\/www.cordobatimes.com\/deportes\/wp-json\/wp\/v2\/users\/33"}],"replies":[{"embeddable":true,"href":"https:\/\/www.cordobatimes.com\/deportes\/wp-json\/wp\/v2\/comments?post=42795"}],"version-history":[{"count":0,"href":"https:\/\/www.cordobatimes.com\/deportes\/wp-json\/wp\/v2\/posts\/42795\/revisions"}],"wp:featuredmedia":[{"embeddable":true,"href":"https:\/\/www.cordobatimes.com\/deportes\/wp-json\/wp\/v2\/media\/42805"}],"wp:attachment":[{"href":"https:\/\/www.cordobatimes.com\/deportes\/wp-json\/wp\/v2\/media?parent=42795"}],"wp:term":[{"taxonomy":"category","embeddable":true,"href":"https:\/\/www.cordobatimes.com\/deportes\/wp-json\/wp\/v2\/categories?post=42795"},{"taxonomy":"post_tag","embeddable":true,"href":"https:\/\/www.cordobatimes.com\/deportes\/wp-json\/wp\/v2\/tags?post=42795"}],"curies":[{"name":"wp","href":"https:\/\/api.w.org\/{rel}","templated":true}]}}