{"id":42763,"date":"2019-07-23T21:15:56","date_gmt":"2019-07-24T00:15:56","guid":{"rendered":"https:\/\/www.cordobatimes.com\/deportes\/?p=42763"},"modified":"2019-07-24T03:43:58","modified_gmt":"2019-07-24T06:43:58","slug":"copa-libertadores-river-igualo-sin-goles-con-cruzeiro-en-el-monumental","status":"publish","type":"post","link":"https:\/\/www.cordobatimes.com\/deportes\/futbol\/2019\/07\/23\/copa-libertadores-river-igualo-sin-goles-con-cruzeiro-en-el-monumental\/","title":{"rendered":"Copa Libertadores: River igual\u00f3 sin goles con Cruzeiro en el Monumental"},"content":{"rendered":"<h3><strong>En el cruce de ida por los 8vos de final de la Copa Libertadores, el campe\u00f3n defensor se midi\u00f3 con el conjunto de Belo Horizonte pero el resultado no pas\u00f3 de un empate en cero, a pesar del penal a favor de los locales en la \u00faltima jugada del partido.<\/strong><\/h3>\n<p>La Copa Libertadores abri\u00f3 la fase de mano a mano con el duelo entre River y Cruzeiro en el Estadio Monumental. El equipo de Marcelo Gallardo ven\u00eda de eliminar por penales a Gimnasia de Mendoza en Copa Argentina dejando una imagen pobre, pero lo hecho en la primera etapa del partido de hoy puso al Millonario nuevamente entre los favoritos.<\/p>\n<p>La primera mitad fue un mon\u00f3logo de River con dominio completo de bal\u00f3n, profundidad en ataque, pero falto de contundencia, lo que deriv\u00f3 en un 0-0 de cara al descanso. En el primer per\u00edodo el elenco brasile\u00f1o no molest\u00f3 al arquero riverplatense, que no tuvo incidencia en el juego m\u00e1s all\u00e1 de su participaci\u00f3n en la salida con los pies. Las mejores contaron con las asistencias de Ignacio Fern\u00e1ndez junto a los desbordes de Gonzalo Montiel, algo que se repiti\u00f3 en varias oportunidades y que casi conduce al primer gol tras un centro del lateral para Nicol\u00e1s De La Cruz, que no pudo conectar con firmeza y concluy\u00f3 la jugada con un rebote que contuvo F\u00e1bio, el uno de Cruzeiro. Lo m\u00e1s destacado del primer tiempo fue la lesi\u00f3n de Javier Pinola que abandon\u00f3 la cancha a los 32&#8242; para darle su lugar al paraguayo Robert Rojas.<\/p>\n<p>En el complemento, Cruzeiro dej\u00f3 de lado la pasividad y a fuerza de contragolpes se aproxim\u00f3 a la porter\u00eda de Armani, al punto tal de convertir un gol que luego fue anulado por el \u00e1rbitro asistente en colaboraci\u00f3n con el VAR. Aunque la jugada gener\u00f3 dudas en primer momento, la tecnolog\u00eda reafirm\u00f3 la decisi\u00f3n del juez de l\u00ednea. El resto del segundo tiempo demostr\u00f3 mayor paridad entre ambos equipos, con algunos contraataques de Cruzeiro que carecieron de contundencia, mientras que el Millonario aprovech\u00f3 la entrada de Lucas Pratto por Juli\u00e1n \u00c1lvarez para atacar por intermedio de centros. El Oso estuvo a punto de marcar de cabeza a la salida de un c\u00f3rner, pero el 27 desvi\u00f3 el remate tras la mala salida de F\u00e1bio. Dentro del \u00e1rea de Cruzeiro se percibieron tres jugadas pol\u00e9micas que se definieron con la intervenci\u00f3n del VAR. En las primeras dos, el juez Bascu\u00f1\u00e1n no se acerc\u00f3 a las pantallas de Video Arbitraje y se apoy\u00f3 en la decisi\u00f3n tomada por los asistentes del VAR. La primer jugada tuvo como protagonistas a Ded\u00e9 y Montiel, donde el brasile\u00f1o (conocido por su choque con Esteban Andrada que termin\u00f3 con la fractura de mand\u00edbula del arquero xeneize) pis\u00f3 sin intenci\u00f3n al lateral millonario. En la segunda, un defensor de Cruzeiro impact\u00f3, sin intenci\u00f3n, el bal\u00f3n con la mano tras un rebote fortuito, por lo que tampoco se sancion\u00f3 penal. Pero en la \u00faltima pelota del partido, el capit\u00e1n brasile\u00f1o Henrique, tom\u00f3 de la camiseta a Lucas Pratto lo que deriv\u00f3 en el cobro de la pena m\u00e1xima a favor de River. El \u00e1rbitro del encuentro fue advertido por los jueces del VAR y tras ratificar en las pantallas, le cedi\u00f3 el tiro del final al conjunto de Gallardo. El encargado fue Mat\u00edas Su\u00e1rez, pero el cordob\u00e9s no pudo concretar y desvi\u00f3 su remate por encima del travesa\u00f1o. Luego de 98&#8242;, Bascu\u00f1\u00e1n marc\u00f3 el centro del campo y baj\u00f3 el tel\u00f3n de un encuentro que deja la serie abierta para definirse en Brasil.<\/p>\n<p><iframe loading=\"lazy\" title=\"River Plate - Cruzeiro [0-0] | RESUMEN | Octavos de final (Ida) | CONMEBOL Libertadores\" width=\"696\" height=\"392\" src=\"https:\/\/www.youtube.com\/embed\/9NjQA-HGl_U?feature=oembed\" frameborder=\"0\" allow=\"accelerometer; autoplay; encrypted-media; gyroscope; picture-in-picture\" allowfullscreen><\/iframe><\/p>\n<p>La revancha se jugar\u00e1 el pr\u00f3ximo martes a las 19.15 en el Estadio Mineirao de Belo Horizonte. Rive recuperar\u00e1 a Rafael Santos Borr\u00e9 y Milton Casco, que cumplieron su sanci\u00f3n, al igual que contar\u00e1 desde el arranque con el Oso Pratto. Ignacio Scocco podr\u00eda ir al banco en Brasil. Mientras se espera los estudios y el grado de lesi\u00f3n de Javier Pinola, el Millonario intentar\u00e1 cerrar el fichaje de Paulo D\u00edaz, pero el chileno no ser\u00eda de la partida en la vuelta por lo que Robert Rojas se apunta como el central titular junto a Lucas Mart\u00ednez Quarta.<\/p>\n<p>En otros partidos de la jornada, Godoy Cruz igual\u00f3 2-2 con Palmeiras como local. Goles de Santiago Garc\u00eda a los 6&#8242; y 29&#8242; para el Tomba que comenz\u00f3 ganando 2-0 pero sufri\u00f3 los tantos de Felipe Melo y Borja a los 34&#8242; y 59&#8242; respectivamente para el empate final. La vuelta se llevar\u00e1 a cabo el martes 30 de julio desde las 21.30 en el Estadio Allianz Parque de Sao Paulo.<\/p>\n<p><iframe loading=\"lazy\" title=\"Godoy Cruz - Palmeiras [2-2] | GOLES | Octavos de final (Ida) | CONMEBOL Libertadores\" width=\"696\" height=\"392\" src=\"https:\/\/www.youtube.com\/embed\/TNYHj4xIxS4?feature=oembed\" frameborder=\"0\" allow=\"accelerometer; autoplay; encrypted-media; gyroscope; picture-in-picture\" allowfullscreen><\/iframe><\/p>\n<p>Fuera de los equipos argentinos, Liga de Quito consigui\u00f3 una gran victoria 3-1 sobre Olimpia, equipo que dirige Daniel Garnero, en Ecuador. Ayov\u00ed, Julio y Aguirre marcaron para la Liga, mientras que Rodrigo Rojas hab\u00eda igualado moment\u00e1neamente para el equipo paraguayo. La vuelta se disputar\u00e1 el pr\u00f3ximo martes a las 21.30 en Asunci\u00f3n.<\/p>\n<p><iframe loading=\"lazy\" title=\"Liga de Quito - Olimpia [3-1] | GOLES | Octavos de final (Ida) | CONMEBOL Libertadores\" width=\"696\" height=\"392\" src=\"https:\/\/www.youtube.com\/embed\/kaxJNgP6bRc?feature=oembed\" frameborder=\"0\" allow=\"accelerometer; autoplay; encrypted-media; gyroscope; picture-in-picture\" allowfullscreen><\/iframe><\/p>\n","protected":false},"excerpt":{"rendered":"<p>En el cruce de ida por los 8vos de final de la Copa Libertadores, el campe\u00f3n defensor se midi\u00f3 con el conjunto de Belo Horizonte pero el resultado no pas\u00f3 de un empate en cero, a pesar del penal a favor de los locales en la \u00faltima jugada del partido. La Copa Libertadores abri\u00f3 la [&hellip;]<\/p>\n","protected":false},"author":33,"featured_media":42768,"comment_status":"closed","ping_status":"closed","sticky":false,"template":"","format":"standard","meta":{"_seopress_robots_primary_cat":"none","_seopress_titles_title":"","_seopress_titles_desc":"","_seopress_robots_index":"","footnotes":""},"categories":[21,2],"tags":[7182,8219,219,777,8218,50,8217,7424,6615,152,8216,2995,1644,5616,217,74,2305,6523],"class_list":["post-42763","post","type-post","status-publish","format-standard","has-post-thumbnail","hentry","category-copa-libertadores","category-futbol","tag-armani","tag-bascunan","tag-copa-libertadores-2","tag-cruzeiro","tag-fabio","tag-godoy-cruz","tag-ldu","tag-liga-de-quito","tag-matias-suarez","tag-octavos-de-final","tag-olimpia","tag-palmeiras","tag-penales","tag-pinola","tag-pratto","tag-river","tag-tomba","tag-var"],"_links":{"self":[{"href":"https:\/\/www.cordobatimes.com\/deportes\/wp-json\/wp\/v2\/posts\/42763","targetHints":{"allow":["GET"]}}],"collection":[{"href":"https:\/\/www.cordobatimes.com\/deportes\/wp-json\/wp\/v2\/posts"}],"about":[{"href":"https:\/\/www.cordobatimes.com\/deportes\/wp-json\/wp\/v2\/types\/post"}],"author":[{"embeddable":true,"href":"https:\/\/www.cordobatimes.com\/deportes\/wp-json\/wp\/v2\/users\/33"}],"replies":[{"embeddable":true,"href":"https:\/\/www.cordobatimes.com\/deportes\/wp-json\/wp\/v2\/comments?post=42763"}],"version-history":[{"count":0,"href":"https:\/\/www.cordobatimes.com\/deportes\/wp-json\/wp\/v2\/posts\/42763\/revisions"}],"wp:featuredmedia":[{"embeddable":true,"href":"https:\/\/www.cordobatimes.com\/deportes\/wp-json\/wp\/v2\/media\/42768"}],"wp:attachment":[{"href":"https:\/\/www.cordobatimes.com\/deportes\/wp-json\/wp\/v2\/media?parent=42763"}],"wp:term":[{"taxonomy":"category","embeddable":true,"href":"https:\/\/www.cordobatimes.com\/deportes\/wp-json\/wp\/v2\/categories?post=42763"},{"taxonomy":"post_tag","embeddable":true,"href":"https:\/\/www.cordobatimes.com\/deportes\/wp-json\/wp\/v2\/tags?post=42763"}],"curies":[{"name":"wp","href":"https:\/\/api.w.org\/{rel}","templated":true}]}}