{"id":42712,"date":"2019-07-16T17:28:54","date_gmt":"2019-07-16T20:28:54","guid":{"rendered":"https:\/\/www.cordobatimes.com\/deportes\/?p=42712"},"modified":"2019-07-16T17:28:54","modified_gmt":"2019-07-16T20:28:54","slug":"gran-dia-para-el-tenis-argentino-ganaron-londero-mayer-delbonis-y-bagnis","status":"publish","type":"post","link":"https:\/\/www.cordobatimes.com\/deportes\/tenis\/2019\/07\/16\/gran-dia-para-el-tenis-argentino-ganaron-londero-mayer-delbonis-y-bagnis\/","title":{"rendered":"Gran d\u00eda para el tenis argentino: Ganaron Londero, Mayer, Delbonis y Bagnis"},"content":{"rendered":"<h3><strong>El azule\u00f1o y el de Jes\u00fas Mar\u00eda triunfaron en el debut del ATP 250 de Bastad, el correntino y el rosarino tambi\u00e9n consiguieron avanzar en el ATP de la misma categor\u00eda, en Umag.<\/strong><\/h3>\n<p>Juan Ignacio Londero super\u00f3 a su coterr\u00e1neo cordob\u00e9s, Facundo Arg\u00fcello (no jugaba un partido ATP desde el abierto de buenos Aires en el 2016), por 6-3 y 6-2. En la pr\u00f3xima ronda deber\u00e1 enfrentar al boliviano Hugo Dellien, que venci\u00f3 al let\u00f3n Ernests Gulbis por 6-2, 2-1 y el abandono de su rival del partido.<\/p>\n<p>Federico Delbonis, luego de consagrarse en el Challenger de Perugia, derrot\u00f3 al jugador proveniente de la clasificaci\u00f3n, Bernabe Zapata Miralles, por 7-5, 3-6 y 6-2. En la siguiente instancia su oponente ser\u00e1 el uruguayo Pablo Cuevas, preclasificado N\u00b03 del certamen, que arranca directo desde la segunda ronda.<\/p>\n<p>Por su parte, en el abierto de Croacia, Leonardo Mayer se impuso al espa\u00f1ol Pablo Andujar por 6-1 y 7-5 en 1h 24m de juego. En segunda ronda, chocar\u00e1 frente al checo Jiri Vesely, qui\u00e9n bati\u00f3 al alem\u00e1n Cedrik-Marcel Stebe por 7-6 (5), 3-6 y 7-6 (2).<\/p>\n<p>La cuarta victoria del d\u00eda, la obtuvo Facundo Bagnis, qui\u00e9n en una dura batalla derrot\u00f3 al eslovaco Martin Klizan por 4-6, 6-3 y 7-5 en 2h 28m de partido. Ahora deber\u00e1 batirse con el tenista local, el croata Nino Serdarusic, que dej\u00f3 en el camino al santiague\u00f1o Marco Trungelliti por un doble 6-3.<\/p>\n","protected":false},"excerpt":{"rendered":"<p>El azule\u00f1o y el de Jes\u00fas Mar\u00eda triunfaron en el debut del ATP 250 de Bastad, el correntino y el rosarino tambi\u00e9n consiguieron avanzar en el ATP de la misma categor\u00eda, en Umag. Juan Ignacio Londero super\u00f3 a su coterr\u00e1neo cordob\u00e9s, Facundo Arg\u00fcello (no jugaba un partido ATP desde el abierto de buenos Aires en [&hellip;]<\/p>\n","protected":false},"author":36,"featured_media":42717,"comment_status":"closed","ping_status":"closed","sticky":false,"template":"","format":"standard","meta":{"_seopress_robots_primary_cat":"none","_seopress_titles_title":"","_seopress_titles_desc":"","_seopress_robots_index":"","footnotes":""},"categories":[4],"tags":[1260,26,202,7984,3017,3506,2499,7103,1528,5559,8047,7104,8051,8050,8196],"class_list":["post-42712","post","type-post","status-publish","format-standard","has-post-thumbnail","hentry","category-tenis","tag-aat","tag-argentina","tag-atp","tag-atpworldtour","tag-bagnis","tag-bastad","tag-delbonis","tag-londero","tag-mayer","tag-tenis","tag-tenisargentino","tag-tennis","tag-tennispro","tag-tennisworld","tag-umag"],"_links":{"self":[{"href":"https:\/\/www.cordobatimes.com\/deportes\/wp-json\/wp\/v2\/posts\/42712","targetHints":{"allow":["GET"]}}],"collection":[{"href":"https:\/\/www.cordobatimes.com\/deportes\/wp-json\/wp\/v2\/posts"}],"about":[{"href":"https:\/\/www.cordobatimes.com\/deportes\/wp-json\/wp\/v2\/types\/post"}],"author":[{"embeddable":true,"href":"https:\/\/www.cordobatimes.com\/deportes\/wp-json\/wp\/v2\/users\/36"}],"replies":[{"embeddable":true,"href":"https:\/\/www.cordobatimes.com\/deportes\/wp-json\/wp\/v2\/comments?post=42712"}],"version-history":[{"count":0,"href":"https:\/\/www.cordobatimes.com\/deportes\/wp-json\/wp\/v2\/posts\/42712\/revisions"}],"wp:featuredmedia":[{"embeddable":true,"href":"https:\/\/www.cordobatimes.com\/deportes\/wp-json\/wp\/v2\/media\/42717"}],"wp:attachment":[{"href":"https:\/\/www.cordobatimes.com\/deportes\/wp-json\/wp\/v2\/media?parent=42712"}],"wp:term":[{"taxonomy":"category","embeddable":true,"href":"https:\/\/www.cordobatimes.com\/deportes\/wp-json\/wp\/v2\/categories?post=42712"},{"taxonomy":"post_tag","embeddable":true,"href":"https:\/\/www.cordobatimes.com\/deportes\/wp-json\/wp\/v2\/tags?post=42712"}],"curies":[{"name":"wp","href":"https:\/\/api.w.org\/{rel}","templated":true}]}}