{"id":42660,"date":"2019-07-10T23:34:19","date_gmt":"2019-07-11T02:34:19","guid":{"rendered":"https:\/\/www.cordobatimes.com\/deportes\/?p=42660"},"modified":"2019-07-10T23:34:19","modified_gmt":"2019-07-11T02:34:19","slug":"mercado-de-pases-los-movimientos-mas-destacados-de-la-superliga","status":"publish","type":"post","link":"https:\/\/www.cordobatimes.com\/deportes\/futbol\/2019\/07\/10\/mercado-de-pases-los-movimientos-mas-destacados-de-la-superliga\/","title":{"rendered":"Mercado de pases: los movimientos m\u00e1s destacados de la Superliga"},"content":{"rendered":"<h3><b>El inicio de una nueva temporada se aproxima y los clubes de la m\u00e1xima categor\u00eda del f\u00fatbol argentino ya cuentan con sus altas y bajas. Boca sigue la novela Hurtado, River mantiene un mercado pasivo, Racing piensa en la Libertadores 2020, San Lorenzo con una renovaci\u00f3n casi completa, Independiente en busca del estilo Beccacece.<\/b><\/h3>\n<p>El mercado de pases de julio-agosto es el momento en que cada club se renueva de cara a una nueva temporada. En la Superliga hay equipos con distintos objetivos, ya sea la b\u00fasqueda del t\u00edtulo, citas internacionales, clasificaci\u00f3n a copas, mantener la categor\u00eda o simplemente rearmarse para pelear el pr\u00f3ximo a\u00f1o. Esta nueva temporada ya cuenta con multitudinarios fichajes, renovaciones y rescisiones.<\/p>\n<p>En esta nota vamos a interiorizarnos en los movimientos que se realizaron hasta ahora en el f\u00fatbol argentino, sumado a algunos rumores tanto de salida como llegada de jugadores. De la lista se ausenta <strong>Talleres de C\u00f3rdoba\u00a0<\/strong>que tendr\u00e1 una nota aparte en conjunto con el resto de los equipos cordobeses.<\/p>\n<p><strong>Boca\u00a0<\/strong>y\u00a0<strong>River\u00a0<\/strong>suelen ser los equipos que m\u00e1s impactan durante los mercados de pases pero esta vez parece ser diferente.<\/p>\n<p>En primer lugar porque el plantel dirigido por Marcelo Gallardo solo se desprendi\u00f3 de <strong>Camilo Mayada<\/strong>, qui\u00e9n decidi\u00f3 no renovar su contrato y emigrar al f\u00fatbol mexicano, por lo que el Mu\u00f1eco solo busca reemplazante para el uruguayo y\u00a0<strong>Paulo D\u00edaz\u00a0<\/strong>es el nombre que suena en N\u00fa\u00f1ez desde hace tiempo. El club millonario se encuentra negociando con su pare de Arabia Saudita, Al-Ahli, due\u00f1o del pase del chileno que por no se acerca al Monumental.\u00a0<strong>Iv\u00e1n Rossi\u00a0<\/strong>y\u00a0<strong>Carlos Auzqui\u00a0<\/strong>regresaron de su pr\u00e9stamo en Hurac\u00e1n pero no ser\u00e1n tenidos en cuenta por el entrenador, mientras que\u00a0<strong>Luciano Lollo<\/strong> se fue cedido a Banfield.<\/p>\n<p>Del otro lado de la vereda la mirada es completamente diferente, ya que el entrenador Gustavo Alfaro hizo referencia m\u00e1s de una vez al mercado de pase de julio y lo titul\u00f3 como el momento importante para conformar el equipo que \u00e9l desea, pero las tareas dirigenciales no son las esperadas por el ex DT de Hurac\u00e1n, y la llegada de futbolistas a Boca parece cada vez m\u00e1s complejo.\u00a0<strong>Alexis MacAllister <\/strong>es hasta ahora el \u00fanico refuerzo del club de La Ribera, pero espera la resoluci\u00f3n de la novela <strong>Jan Hurtado<\/strong>, con la llegada del venezolano a La Boca. Adem\u00e1s, <strong>Eduardo Salvio<\/strong> estar\u00eda arribando al pa\u00eds la pr\u00f3xima semana para cerrar la negociaci\u00f3n. La incorporaci\u00f3n del ex delantero de Lan\u00fas le dar\u00eda aire a un mercado bastante complicado para los Xeneizes que so\u00f1aron con <strong>De Rossi<\/strong>, <strong>Acu\u00f1a <\/strong>y <strong>Meza<\/strong> pero resultados no fueron \u00f3ptimos.<\/p>\n<p>El campe\u00f3n vigente de la Superliga tambi\u00e9n se prepara. <strong>Racing<\/strong> viene de festejar la obtenci\u00f3n del torneo local, la clasificaci\u00f3n a la Libertadores y ahora, con medio a\u00f1o por delante, ir\u00e1 en busca de formar el equipo que quiere dar pelea en la pr\u00f3xima edici\u00f3n de la Copa Libertadores. En cuanto a ALTAS, Eduardo Coudet ya cuenta con <strong>Mat\u00edas Rojas<\/strong> (Defensa y Justicia), <strong>David Barbona<\/strong> (Atl. Tucum\u00e1n), <strong>Walter\u00a0<\/strong><b>Montoya\u00a0<\/b>(Cruz Azul) y el regreso de\u00a0<strong>Diego Gonz\u00e1lez<\/strong>. Tan significativas como las llegadas, el club se desprendi\u00f3 de <strong>Renzo Saravia\u00a0<\/strong>(Porto), <strong>Ricardo Centuri\u00f3n\u00a0<\/strong>(Atl. San Luis de M\u00e9xico) y\u00a0<strong>Guillermo &#8220;Pol&#8221; Fern\u00e1ndez\u00a0<\/strong>(Cruz Azul).<\/p>\n<p>En Avellaneda no solo Racing hace movimientos, ya que tras la llegada de <strong>Sebasti\u00e1n Beccacece<\/strong>,\u00a0<strong>Independiente\u00a0<\/strong>se prepara para renovarse con las incorporaciones de\u00a0<strong>Alexander Barboza<\/strong>, uno de los preferidos por el ex ayudante de Sampaoli,\u00a0<strong>Andr\u00e9s Roa<\/strong>, el colombiano que demostr\u00f3 su nivel en el Globo pero no termin\u00f3 de afianzarse, <strong>Cristian Ch\u00e1vez<\/strong>, el goleador de Aldosivi que quiere calzarse la 9 y romper redes con la camiseta del rojo, y el regreso de <strong>Domingo Blanco <\/strong>y <strong>Gast\u00f3n Togni<\/strong>, tras el pr\u00e9stamo a Defensa y Justicia. <strong>Sebasti\u00e1n Palacios<\/strong>, el ex Boca, es una de las negociaciones en curso que el club quiere cerrar, especialmente luego de la imposibilidad de sumar a <strong>Ignacio Piatti<\/strong> al plantel. No todas son ALTAS para los de Beccacece, que luego de rescindir el contrato de <strong>Ariel Holan<\/strong>, le dieron salida a <strong>Ezequiel Cerutti<\/strong> (San Lorenzo), <strong>Emanuel Br\u00edtez<\/strong> (Rosario Central), <strong>Guillermo Burdisso<\/strong>, <strong>Gonzalo As\u00eds<\/strong> (Temperley), <strong>Dami\u00e1n Mart\u00ednez<\/strong> (Uni\u00f3n de Santa Fe), <strong>Lucas Albertengo<\/strong> y <strong>Fernando Gaibor<\/strong> (a pr\u00e9stamo al Al Wasl).<\/p>\n<p>Ya que hablamos del entrenador subcampe\u00f3n de la Superliga, hablemos del equipo que dirig\u00eda Sebasti\u00e1n Beccacece hasta hace poco tiempo. <strong>Defensa y Justicia <\/strong>sum\u00f3 como entrenador a Mariano Soso que se prepara para una nueva temporada con varias altas y bajas. ALTAS: <strong>David Mart\u00ednez<\/strong> (River), <strong>Marcelo Herrera<\/strong> (Belgrano), <strong>Gonzalo Piovi <\/strong>(Racing), <strong>Juan Gabriel Rodr\u00edguez<\/strong> (San Mart\u00edn de San Juan), <strong>Guido Mainero<\/strong> (V\u00e9lez), <strong>Nicol\u00e1s Man\u00e1<\/strong> (Panetolikos de Grecia) y <strong>Enzo Coacci<\/strong> (Olimpo).<br \/>\n<strong>Bajas: Leonel Miranda<\/strong> (Xolos de Tijuana), <strong>Ciro Rius<\/strong> (Rosario Central), <strong>Lisandro Mart\u00ednez<\/strong> (Ajax), <strong>Alexander Barboza<\/strong>, <strong>Domingo Blanco<\/strong> y <strong>Gast\u00f3n Togni<\/strong> (Independiente), <strong>Mat\u00edas Rojas<\/strong> (Racing), <strong>Jonas Guti\u00e9rrez<\/strong> (Banfield) y <strong>Mauricio Tevez <\/strong>e <strong>Ignacio Huguenet<\/strong> (Newell&#8217;s), <strong>Jos\u00e9 Luis Fern\u00e1ndez<\/strong> (Atl\u00e9tico Tucum\u00e1n), <strong>Diego Rodr\u00edguez<\/strong> (Central C\u00f3rdoba), <strong>Fernando M\u00e1rquez<\/strong> (libre) y <strong>Mariano Bareiro<\/strong> (Hurac\u00e1n).<\/p>\n<p>En Boedo habr\u00e1 estadio para\u00a0<strong>San Lorenzo<\/strong>, pero mientras la obra se pone en marca, el Cicl\u00f3n hizo cambi\u00f3 de entrenador con la salida de\u00a0<strong>Jorge Almir\u00f3n\u00a0<\/strong>y el regreso de\u00a0<strong>Juan Antonio Pizzi<\/strong>. El campe\u00f3n de Am\u00e9rica con Chile y \u00faltimo campe\u00f3n local con el club azulgrana realiz\u00f3 una clara renovaci\u00f3n en el plantel, con las salidas de varios jugadores del t\u00e9cnico anterior.\u00a0<strong>Fernando Monetti<\/strong>, <strong>Rom\u00e1n Mart\u00ednez<\/strong>,\u00a0<strong>Andr\u00e9s<\/strong> <strong>Renter\u00eda<\/strong>, <strong>Gustavo<\/strong> <strong>Torres<\/strong>, <strong>Camilo Salazar<\/strong> (Millonarios, Colombia), <strong>Ezequiel \u00c1vila<\/strong> (volvi\u00f3 del Huesca, pero se fue al Osasuna, Espa\u00f1a), <strong>Gonzalo Rodr\u00edguez<\/strong>, <strong>Ariel Rojas<\/strong>, <strong>Gonzalo Castellani<\/strong> y <strong>Dami\u00e1n P\u00e9rez<\/strong> no ser\u00e1n tenidos en cuenta por el entrenador. Pero sumado a las BAJAS, el ex goleador del f\u00fatbol espa\u00f1ol se hizo de varias caras nuevas para la temporada 2019\/20 con el objetivo de la Copa Libertadores como prioridad. ALTAS, <strong>Lucas Menossi<\/strong> (Tigre), <strong>Bruno\u00a0<\/strong><b>Pitton<\/b>\u00a0(Uni\u00f3n de Santa Fe), <strong>Mauro\u00a0<\/strong><b>Pitton<\/b> (Uni\u00f3n de Santa Fe), <strong>Ezequiel Cerutti<\/strong>, <strong>Nicol\u00e1s Navarro<\/strong> (Quer\u00e9taro, M\u00e9xico), <strong>Santiago Vergini<\/strong> (Bursaspor, Turqu\u00eda),\u00a0<b>Adam Bareiro<\/b> (Monterrey, M\u00e9xico) y la renovaci\u00f3n de <strong>Ger\u00f3nimo Poblete<\/strong>.<\/p>\n<div class=\"row pb-content-type-text\">\n<div class=\"col-xs-12 col-print-12\">\n<h4 class=\"element element-paragraph\"><strong>EL MERCADO DE PASES DE LA SUPERLIGA<\/strong><\/h4>\n<\/div>\n<\/div>\n<div class=\"row pb-content-type-text\">\n<div class=\"col-xs-12 col-print-12\">\n<p class=\"element element-paragraph\"><strong>ALDOSIVI<\/strong><\/p>\n<p class=\"element element-paragraph\"><strong>Altas:<\/strong>\u00a0Fernando Evangelista (Estudiantes), Leandro Maciel (Lan\u00fas), Ca\u00edn Fara (Ferro) y Marcos Mier (Deportivo Lara), Gast\u00f3n Gil Romero (Estudiantes).<br \/>\n<strong>Bajas:<\/strong> Iv\u00e1n Colman, Dardo Miloc, Cristian Ch\u00e1vez (Independiente).<\/p>\n<p class=\"element element-paragraph\"><strong>ARGENTINOS JUNIORS<\/strong><\/p>\n<\/div>\n<\/div>\n<div class=\"row pb-content-type-text\">\n<div class=\"col-xs-12 col-print-12\">\n<p class=\"element element-paragraph\"><strong>Altas:<\/strong>\u00a0Iv\u00e1n Colman (volvi\u00f3 desde Aldosivi), Santiago Silva (Gimnasia de La Plata), Nicol\u00e1s Silva (Banfield) y Victorio Ramis (Godoy Cruz).<br \/>\n<strong>Bajas:<\/strong> Leonardo Pisculichi, Gast\u00f3n Bojanich y Gast\u00f3n Mach\u00edn (los tres al Burgos de Espa\u00f1a), Claudio Paul Spinelli (GELP), Alexis Mac Allister (Boca)<\/p>\n<\/div>\n<\/div>\n<div class=\"row pb-content-type-text\">\n<div class=\"col-xs-12 col-print-12\">\n<p class=\"element element-paragraph\"><strong>ARSENAL<\/strong><\/p>\n<p class=\"element element-paragraph\"><strong>Altas:<\/strong> Ezequiel Piovi (Almagro), Federico Milo (San Mart\u00edn de San Juan), Juan Cruz Kaprof (Atl\u00e9tico Tucum\u00e1n), Lautaro Parisi (Guillermo Brown de Puerto Madryn), Ezequiel Rescaldani (Patronato), Daniel Sappa (Estudiantes).<br \/>\n<strong>Bajas:<\/strong> Ramiro L\u00f3pez (Barracas Central), Sebasti\u00e1n Balmaceda (Tigre), Mauricio Aquino, An\u00edbal Leguizam\u00f3n y Leandro Garate.<\/p>\n<\/div>\n<\/div>\n<div class=\"row pb-content-type-text\">\n<div class=\"col-xs-12 col-print-12\">\n<p class=\"element element-paragraph\"><strong>ATL\u00c9TICO TUCUM\u00c1N<\/strong><\/p>\n<p class=\"element element-paragraph\"><strong>Altas:<\/strong>\u00a0Cristian Erbes (Nacional de Paraguay) y Luciano Monz\u00f3n (Universidad de Chile); Federico Bravo (Patronato), Dylan Gissi (Patronato), Jos\u00e9 Luis Fern\u00e1ndez (Defensa y Justicia), Augusto Lotti (Racing) y Gustavo Toledo (Col\u00f3n). Marcelo Ortiz (Boca Unidos) y Leonardo Heredia (Col\u00f3n). Se renov\u00f3 el pr\u00e9stamo de Yonathan Cabral.<br \/>\n<strong>Bajas:<\/strong> Juan Ignacio Mercier, David Barbona (Racing) y Rodrigo Aliendro (Col\u00f3n).<\/p>\n<p class=\"element element-paragraph\"><strong>BANFIELD<\/strong><\/p>\n<\/div>\n<\/div>\n<div class=\"row pb-content-type-text\">\n<div class=\"col-xs-12 col-print-12\">\n<p class=\"element element-paragraph\"><strong>Altas:<\/strong> Luciano Lollo (River), Hern\u00e1n Toledo (Argentinos), Esteban Conde (Nacional de Uruguay), Jon\u00e1s Guti\u00e9rrez (Defensa y Justicia), Israel Damonte (Hurac\u00e1n) y Luciano Lollo (River).<br \/>\n<strong>Bajas:<\/strong>\u00a0Emanuel Cecchini (M\u00e1laga), Marcelo &#8220;Chelo&#8221; Torres (Boca), Nicol\u00e1s Silva (Argentinos), Adri\u00e1n Sporle (Dundee United de Escocia) y Adri\u00e1n Calello (libre).<\/p>\n<\/div>\n<\/div>\n<div class=\"row pb-content-type-text\">\n<div class=\"col-xs-12 col-print-12\">\n<p class=\"element element-paragraph\"><strong>CENTRAL C\u00d3RDOBA (SANTIAGO DEL ESTERO)<\/strong><\/p>\n<\/div>\n<\/div>\n<div class=\"row pb-content-type-text\">\n<div class=\"col-xs-12 col-print-12\">\n<p class=\"element element-paragraph\"><strong>Altas:<\/strong>\u00a0Marcelo Meli (Racing y Belgrano), Ismael Quilez (libre de Aldosivi), Juan Pablo Ruiz G\u00f3mez (Estudiantes de Caseros), Nicol\u00e1s Miracco (Sarmiento de Jun\u00edn), Franco Cristaldo (San Mart\u00edn de San Juan), Juan Galeano (Aldosivi),\u00a0Diego Rodr\u00edguez (Defensa y Justicia) y Nicol\u00e1s Correa (Defensor Sporting)<br \/>\n<strong>Bajas:<\/strong>\u00a0Diego Jara, Alfredo Ram\u00edrez, Pablo Ortega, Cesar Taborda y Javier Rossi.<\/p>\n<\/div>\n<\/div>\n<div class=\"row pb-content-type-text\">\n<div class=\"col-xs-12 col-print-12\">\n<p class=\"element element-paragraph\"><strong>COL\u00d3N<\/strong><\/p>\n<p class=\"element element-paragraph\"><strong>Altas:<\/strong>\u00a0Gast\u00f3n D\u00edaz (V\u00e9lez), Rodrigo Aliendro (Atl\u00e9tico Tucum\u00e1n) y Lucas Acevedo (San Mart\u00edn de Tucum\u00e1n). Adem\u00e1s,\u00a0Cristian Guanca retorna porque Al Ettifaq (Arabia Saudita) no hizo uso de la opci\u00f3n de compra. Renov\u00f3 Mat\u00edas Fritzler.<br \/>\n<strong>Bajas:<\/strong>\u00a0Gustavo Toledo (Atl\u00e9tico Tucum\u00e1n), Adri\u00e1n Bast\u00eda (Belgrano de Serodino de la Liga Regional Totorense), Andr\u00e9s Cadavid (DIM de Colombia). Leonardo Heredia (Atl\u00e9tico Tucum\u00e1n), Franco Zuculini y Andr\u00e9s Cadavid.<\/p>\n<\/div>\n<\/div>\n<div class=\"row pb-content-type-text\">\n<div class=\"col-xs-12 col-print-12\">\n<p class=\"element element-paragraph\"><strong>ESTUDIANTES DE LA PLATA<\/strong><\/p>\n<p class=\"element element-paragraph\"><strong>Altas:<\/strong>\u00a0\u00c1ngel Gonz\u00e1lez (Godoy Cruz). Federico Gonz\u00e1lez (Tigre). Volvieron de sus pr\u00e9stamos Juan Bautista Cascini (Apoel de Chipre), Juli\u00e1n Marchioni (Den Bosch, de la Segunda Divisi\u00f3n de Holanda), Gast\u00f3n Campi (Desportivo de Chaves), Francisco Apaolaza (Patronato), Gast\u00f3n Fern\u00e1ndez (renov\u00f3).<br \/>\n<strong>Bajas:\u00a0<\/strong>Lucas Albertengo (Independiente). Gast\u00f3n Gil Romero (Aldosivi), Mariano Pavone (Defensor Sporting), Rodrigo Bra\u00f1a (retiro), Pablo Lug\u00fcercio (retiro), Daniel Sappa (Arsenal) y Fernando Evangelista (Aldosivi).<\/p>\n<\/div>\n<\/div>\n<div class=\"row pb-content-type-text\">\n<div class=\"col-xs-12 col-print-12\">\n<p class=\"element element-paragraph\"><strong>GIMNASIA Y ESGRIMA LA PLATA<\/strong><\/p>\n<p class=\"element element-paragraph\"><strong>Altas<\/strong>: Mat\u00edas Garc\u00eda (San Mart\u00edn de Tucum\u00e1n), Leonardo Morales (Santamarina de Tandil) y Claudio Spinelli (Argentinos Juniors).<br \/>\n<strong>Bajas:<\/strong> Facundo Oreja (Barracas Central), Santiago Silva (Argentinos Juniors), Lorenzo Faravelli (libre) y Jan Hurtado (Boca).<\/p>\n<\/div>\n<\/div>\n<div class=\"row pb-content-type-text\">\n<div class=\"col-xs-12 col-print-12\">\n<p class=\"element element-paragraph\"><strong>GODOY CRUZ<\/strong><\/p>\n<p class=\"element element-paragraph\"><strong>Altas:<\/strong>\u00a0Gabriel Alan\u00eds (Belgrano). Leandro Vella (libre desde Instituto). Juan Brunetta (Belgrano), Sebasti\u00e1n Lom\u00f3naco (Arsenal). Joaqu\u00edn Mateo (Gimnasia y Tiro de Salta) y N\u00e9stor Breitenbruch (Correcaminos de M\u00e9xico).<br \/>\n<strong>Bajas:<\/strong> \u00c1ngel Gonz\u00e1lez (Estudiantes), Luciano Abecasis y Diego Viera (libres a Libertad de Paraguay), Juan Mart\u00edn Lucero (libre), Brian Alf\u00e9rez (Gimnasia y Esgrima de Mendoza) y Victorio Ramis (Argentinos Juniors).<\/p>\n<p class=\"element element-paragraph\"><strong>HURAC\u00c1N<\/strong><\/p>\n<p class=\"element element-paragraph\"><strong>Altas:<\/strong> Juan Pablo Vojvoda es el nuevo DT. Adri\u00e1n Calello (vuelve tras su paso por Banfield). Gonzalo Bettini (Rosario Central), Mariano Bareiro (Defensa y Justicia), Rodrigo Droopy G\u00f3mez (San Mart\u00edn de Tucum\u00e1n). Mauro Bogado, Fernando Coniglio, Nicol\u00e1s Romat y Diego Mendoza vuelven de sus pr\u00e9stamos. Mart\u00edn Ojeda (Racing) y Lorenzo Faravelli (Gimnasia y Esgrima La Plata).<br \/>\n<strong>Bajas:<\/strong>\u00a0Iv\u00e1n Rossi (termin\u00f3 el pr\u00e9stamo y vuelve a River). Patricio Toranzo (sin lugar, espera club).\u00a0Federico Mancinelli y Cristian Chimino (ambos a Patronato). Pablo Alvarez (qued\u00f3 libre). Israel Damonte (Banfield).<\/p>\n<\/div>\n<\/div>\n<div class=\"row pb-content-type-text\">\n<div class=\"col-xs-12 col-print-12\"><\/div>\n<\/div>\n<div class=\"row pb-content-type-text\">\n<div class=\"col-xs-12 col-print-12\">\n<p class=\"element element-paragraph\"><strong>LAN\u00daS<\/strong><\/p>\n<\/div>\n<\/div>\n<div class=\"row pb-content-type-text\">\n<div class=\"col-xs-12 col-print-12\">\n<p class=\"element element-paragraph\"><strong>Altas:<\/strong>\u00a0Ezequiel Mu\u00f1oz (Legan\u00e9s, Espa\u00f1a), Luciano Abecasis (Godoy Cruz) y Agust\u00edn Rossi (Boca).<br \/>\n<strong>Bajas:<\/strong> Pedro De la Vega (todo acordado con el Genoa de Italia). Marco Torsiglieri (V\u00e9lez), Leandro Maciel (Aldosivi), Mat\u00edas Ib\u00e1\u00f1ez (Patronato), Sebasti\u00e1n Ribas (Rosario Central). Adem\u00e1s, Leonel Di Pl\u00e1cido (Besiktas).<\/p>\n<p class=\"element element-paragraph\"><strong>NEWELL&#8217;S OLD BOYS<\/strong><\/p>\n<\/div>\n<\/div>\n<div class=\"row pb-content-type-text\">\n<div class=\"col-xs-12 col-print-12\">\n<p class=\"element element-paragraph\"><strong>Altas:<\/strong>\u00a0Santiago Gentiletti (Albacete, Espa\u00f1a), Ramiro Macagno (Atl\u00e9tico de Rafaela) y renov\u00f3 Mauro Formica.<br \/>\n<strong>Bajas:<\/strong>\u00a0V\u00edctor Figueroa (Aucas, Ecuador) y Brian Sarmiento (Volos NPS, Grecia).<\/p>\n<\/div>\n<\/div>\n<div class=\"row pb-content-type-text\">\n<div class=\"col-xs-12 col-print-12\">\n<p class=\"element element-paragraph\"><strong>PATRONATO DE PARAN\u00c1<\/strong><\/p>\n<p class=\"element element-paragraph\"><strong>Altas:<\/strong>\u00a0Cristian Tarragona (Platense), Leandro Mar\u00edn (Lausanne Sport, Suiza); Lucas Mancinelli (Temperley), Santiago Rosales (Racing), Mathias Abero (Atl\u00e9tico Tucum\u00e1n), Juli\u00e1n Chicco (Boca), Federico Mancinelli y Cristian Chimino (ambos libres de Hurac\u00e1n), Mart\u00edn Ojeda (Racing), Mat\u00edas Ib\u00e1\u00f1ez (Lan\u00fas), Gabriel D\u00edaz (Ferro), Pablo Cortizo.<br \/>\n<strong>Bajas:<\/strong>\u00a0Germ\u00e1n Berterame (termin\u00f3 el pr\u00e9stamo). Dylan Gissi y Renzo Vera (ambos libres). Gabriel Carabajal (Uni\u00f3n). Ezequiel Rescaldani (libre a Arsenal),\u00a0Federico Bravo, Gast\u00f3n Gil Romero, Juan Apaolaza y Pablo Ledesma.<\/p>\n<\/div>\n<\/div>\n<div class=\"row pb-content-type-text\">\n<div class=\"col-xs-12 col-print-12\">\n<p class=\"element element-paragraph\"><strong>ROSARIO CENTRAL<\/strong><\/p>\n<\/div>\n<\/div>\n<div class=\"row pb-content-type-text\">\n<div class=\"col-xs-12 col-print-12\">\n<p class=\"element element-paragraph\"><strong>Altas:<\/strong>\u00a0Ciro Rius (Defensa y Justicia), Diego Zabala (Uni\u00f3n), Emanuel Br\u00edtez (Uni\u00f3n), Sebasti\u00e1n Ribas (Lan\u00fas) y Diego Novaretti (Quer\u00e9taro, M\u00e9xico).<br \/>\n<strong>Bajas:<\/strong> Jarlan Barrera (Atl\u00e9tico Nacional de Medell\u00edn), Gonzalo Bettini, Nicol\u00e1s Gim\u00e9nez y Marcelo Ortiz. Washington Camacho (Xolos de Tijuana, M\u00e9xico). Adem\u00e1s, Jerem\u00edas Ledesma, Leonardo Gil y Parot podr\u00edan emigrar.<\/p>\n<\/div>\n<\/div>\n<div class=\"row pb-content-type-text\">\n<div class=\"col-xs-12 col-print-12\">\n<p class=\"element element-paragraph\"><strong>UNI\u00d3N DE SANTA FE<\/strong><\/p>\n<p class=\"element element-paragraph\"><strong>Altas:<\/strong> Sebasti\u00e1n Moyano (Gimnasia y Esgrima La Plata), Gabriel Carabajal (Patronato), Ezequiel Bonifacio (libre de Gimnasia). El caso de Jonathan Bottinelli, que luego de darle salida al futbolista el club dio marcha atr\u00e1s y termin\u00f3 renovando, por lo que fue BAJA y ALTA a su vez. Adem\u00e1s, se compr\u00f3 el pase de Dami\u00e1n Mart\u00ednez (Independiente).<br \/>\n<strong>Bajas:<\/strong> Mauro Pitton, Bruno Pitton, Nereo Fern\u00e1ndez, Diego Zabala, Lotti, Federico Andrada, Maximiliano Cuadra, Santiago Zurbriggen, Braian Alvarez, Emanuel Br\u00edtez (volvi\u00f3 de Independiente y pas\u00f3 a Central). Franco Fragapane (Talleres).<\/p>\n<\/div>\n<\/div>\n<div class=\"row pb-content-type-text\">\n<div class=\"col-xs-12 col-print-12\">\n<p class=\"element element-paragraph\"><strong>V\u00c9LEZ SARSFIELD<\/strong><\/p>\n<p class=\"element element-paragraph\"><strong>Altas:<\/strong>\u00a0Tom\u00e1s Guidara\u00a0(Belgrano), Marco Torsiglieri (Lan\u00fas), Maxi Romero (PSV, Holanda), Fernando Gago\u00a0(libre de Boca) y Mauricio Toni (volvi\u00f3 del pr\u00e9stamo en\u00a0Talleres)<br \/>\n<strong>Bajas:<\/strong> Joaqu\u00edn Laso (Atl\u00e9tico San Luis, M\u00e9xico), Gast\u00f3n D\u00edaz (Col\u00f3n) y Guido Mainero (Defensa y Justicia).<\/p>\n<\/div>\n<\/div>\n","protected":false},"excerpt":{"rendered":"<p>El inicio de una nueva temporada se aproxima y los clubes de la m\u00e1xima categor\u00eda del f\u00fatbol argentino ya cuentan con sus altas y bajas. Boca sigue la novela Hurtado, River mantiene un mercado pasivo, Racing piensa en la Libertadores 2020, San Lorenzo con una renovaci\u00f3n casi completa, Independiente en busca del estilo Beccacece. El [&hellip;]<\/p>\n","protected":false},"author":33,"featured_media":42665,"comment_status":"closed","ping_status":"closed","sticky":false,"template":"","format":"standard","meta":{"_seopress_robots_primary_cat":"none","_seopress_titles_title":"","_seopress_titles_desc":"","_seopress_robots_index":"","footnotes":""},"categories":[2,16],"tags":[71,52,5114,360,1004,917,977,50,65,8181,2704,8184,51,555,8183,106,74,274,313,8182,214],"class_list":["post-42660","post","type-post","status-publish","format-standard","has-post-thumbnail","hentry","category-futbol","category-primera-division","tag-arsenal","tag-boca","tag-central-cordoba","tag-defensa-y-justicia","tag-estudiantes-de-la-plata","tag-fichajes","tag-gimnasia-de-la-plata","tag-godoy-cruz","tag-independiente","tag-mercado-de-fichajes","tag-mercado-de-pases","tag-mercado-de-pases-2019-20","tag-newells","tag-patronato","tag-prestamos","tag-racing","tag-river","tag-rosario-central","tag-san-lorenzo","tag-transferencias","tag-velez"],"_links":{"self":[{"href":"https:\/\/www.cordobatimes.com\/deportes\/wp-json\/wp\/v2\/posts\/42660","targetHints":{"allow":["GET"]}}],"collection":[{"href":"https:\/\/www.cordobatimes.com\/deportes\/wp-json\/wp\/v2\/posts"}],"about":[{"href":"https:\/\/www.cordobatimes.com\/deportes\/wp-json\/wp\/v2\/types\/post"}],"author":[{"embeddable":true,"href":"https:\/\/www.cordobatimes.com\/deportes\/wp-json\/wp\/v2\/users\/33"}],"replies":[{"embeddable":true,"href":"https:\/\/www.cordobatimes.com\/deportes\/wp-json\/wp\/v2\/comments?post=42660"}],"version-history":[{"count":0,"href":"https:\/\/www.cordobatimes.com\/deportes\/wp-json\/wp\/v2\/posts\/42660\/revisions"}],"wp:featuredmedia":[{"embeddable":true,"href":"https:\/\/www.cordobatimes.com\/deportes\/wp-json\/wp\/v2\/media\/42665"}],"wp:attachment":[{"href":"https:\/\/www.cordobatimes.com\/deportes\/wp-json\/wp\/v2\/media?parent=42660"}],"wp:term":[{"taxonomy":"category","embeddable":true,"href":"https:\/\/www.cordobatimes.com\/deportes\/wp-json\/wp\/v2\/categories?post=42660"},{"taxonomy":"post_tag","embeddable":true,"href":"https:\/\/www.cordobatimes.com\/deportes\/wp-json\/wp\/v2\/tags?post=42660"}],"curies":[{"name":"wp","href":"https:\/\/api.w.org\/{rel}","templated":true}]}}