{"id":4258,"date":"2013-12-07T22:57:42","date_gmt":"2013-12-08T01:57:42","guid":{"rendered":"http:\/\/www.cordobatimes.com\/deportes\/?p=4258"},"modified":"2013-12-07T22:57:42","modified_gmt":"2013-12-08T01:57:42","slug":"sialle-se-va-de-talleres","status":"publish","type":"post","link":"https:\/\/www.cordobatimes.com\/deportes\/futbol\/nacional-b\/2013\/12\/07\/sialle-se-va-de-talleres\/","title":{"rendered":"Sialle se va de Talleres"},"content":{"rendered":"<h3 style=\"text-align: justify;\"><a href=\"http:\/\/www.cordobatimes.com\/deportes\/wp-content\/uploads\/2013\/12\/sialle-se-va.jpg\"><img loading=\"lazy\" decoding=\"async\" class=\" wp-image-4259 aligncenter\" alt=\"sialle se va\" src=\"http:\/\/www.cordobatimes.com\/deportes\/wp-content\/uploads\/2013\/12\/sialle-se-va.jpg\" width=\"500\" height=\"318\" data-id=\"4259\" \/><\/a><\/h3>\n<h3 style=\"text-align: justify;\"><b>Luego de la derrota de hoy, el DT Arnaldo Sialle confirm\u00f3 su salida de la \u201cT\u201d. Expres\u00f3 que fue \u201cde com\u00fan acuerdo\u201d, refiri\u00e9ndose al trato con la dirigencia del club. <\/b><\/h3>\n<p style=\"text-align: justify;\">\n<p style=\"text-align: justify;\">Talleres de C\u00f3rdoba perdi\u00f3 hoy en el \u00faltimo partido del a\u00f1o con Villa San Carlos por 3-2 de visitante. De esta manera se cierra una buena campa\u00f1a luego de haber ascendido, aunque tuvo algunos altibajos en las \u00faltimas fechas.<\/p>\n<p style=\"text-align: justify;\">Adem\u00e1s de cerrarse el a\u00f1o, tambi\u00e9n se cierra una etapa para los de C\u00f3rdoba, ya que Sialle no continuar\u00e1 dirigiendo el conjunto. \u201cCacho\u201d abandona el equipo luego de haber logrado un ascenso a la segunda divisi\u00f3n, y obtener una campa\u00f1a de 25 puntos en el torneo actual.<\/p>\n<p style=\"text-align: justify;\">&#8220;Como ya se hab\u00eda anticipado en la semana, dej\u00e9 de ser el entrenador de Talleres. Son cosas que pasan. Le dejo un abrazo a toda la gente de Talleres. Me voy como llegu\u00e9, calladito&#8221;, culmin\u00f3 Sialle.<\/p>\n<p style=\"text-align: justify;\"><strong>Por Franco Badano | @badano_fran<\/strong><\/p>\n","protected":false},"excerpt":{"rendered":"<p>Luego de la derrota de hoy, el DT Arnaldo Sialle confirm\u00f3 su salida de la \u201cT\u201d. Expres\u00f3 que fue \u201cde com\u00fan acuerdo\u201d, refiri\u00e9ndose al trato con la dirigencia del club. Talleres de C\u00f3rdoba perdi\u00f3 hoy en el \u00faltimo partido del a\u00f1o con Villa San Carlos por 3-2 de visitante. De esta manera se cierra una [&hellip;]<\/p>\n","protected":false},"author":20,"featured_media":4259,"comment_status":"open","ping_status":"open","sticky":false,"template":"","format":"standard","meta":{"_seopress_robots_primary_cat":"","_seopress_titles_title":"","_seopress_titles_desc":"","_seopress_robots_index":"","footnotes":""},"categories":[17],"tags":[33,330,419,40],"class_list":["post-4258","post","type-post","status-publish","format-standard","has-post-thumbnail","hentry","category-nacional-b","tag-afa","tag-nacional-b-2","tag-sialle","tag-talleres"],"_links":{"self":[{"href":"https:\/\/www.cordobatimes.com\/deportes\/wp-json\/wp\/v2\/posts\/4258","targetHints":{"allow":["GET"]}}],"collection":[{"href":"https:\/\/www.cordobatimes.com\/deportes\/wp-json\/wp\/v2\/posts"}],"about":[{"href":"https:\/\/www.cordobatimes.com\/deportes\/wp-json\/wp\/v2\/types\/post"}],"author":[{"embeddable":true,"href":"https:\/\/www.cordobatimes.com\/deportes\/wp-json\/wp\/v2\/users\/20"}],"replies":[{"embeddable":true,"href":"https:\/\/www.cordobatimes.com\/deportes\/wp-json\/wp\/v2\/comments?post=4258"}],"version-history":[{"count":0,"href":"https:\/\/www.cordobatimes.com\/deportes\/wp-json\/wp\/v2\/posts\/4258\/revisions"}],"wp:featuredmedia":[{"embeddable":true,"href":"https:\/\/www.cordobatimes.com\/deportes\/wp-json\/wp\/v2\/media\/4259"}],"wp:attachment":[{"href":"https:\/\/www.cordobatimes.com\/deportes\/wp-json\/wp\/v2\/media?parent=4258"}],"wp:term":[{"taxonomy":"category","embeddable":true,"href":"https:\/\/www.cordobatimes.com\/deportes\/wp-json\/wp\/v2\/categories?post=4258"},{"taxonomy":"post_tag","embeddable":true,"href":"https:\/\/www.cordobatimes.com\/deportes\/wp-json\/wp\/v2\/tags?post=4258"}],"curies":[{"name":"wp","href":"https:\/\/api.w.org\/{rel}","templated":true}]}}