{"id":42274,"date":"2019-06-27T23:48:37","date_gmt":"2019-06-28T02:48:37","guid":{"rendered":"https:\/\/www.cordobatimes.com\/deportes\/?p=42274"},"modified":"2019-06-28T02:03:12","modified_gmt":"2019-06-28T05:03:12","slug":"brasil-se-metio-en-semifinales-de-la-copa-america-a-traves-de-los-penales","status":"publish","type":"post","link":"https:\/\/www.cordobatimes.com\/deportes\/futbol\/2019\/06\/27\/brasil-se-metio-en-semifinales-de-la-copa-america-a-traves-de-los-penales\/","title":{"rendered":"Brasil se meti\u00f3 en semifinales de la Copa Am\u00e9rica a trav\u00e9s de los penales"},"content":{"rendered":"<h3><b>La Verdeamarela super\u00f3 por penales a Paraguay tras igualar 0-0 en los 90&#8242; reglamentarios. El conjunto anfitri\u00f3n pudo abrir el partido m\u00e1s de una vez pero al punter\u00eda no estuvo acorde a la cantidad de situaciones. Adem\u00e1s, Fabi\u00e1n Balbuena se retir\u00f3 expulsado a los 12&#8242; del complemento.<\/b><\/h3>\n<p>En el inicio de los cuartos de final, el seleccionado local se enfrent\u00f3 a Paraguay con la meta de alcanzar las semifinales. El elenco guaran\u00ed se defendi\u00f3 durante los 90&#8242; y cont\u00f3 con suerte, complementada por la falta de precisi\u00f3n brasile\u00f1a, para llegar a la tanda de penales donde Brasil se hizo fuerte para acceder a la siguiente ronda.<\/p>\n<p>El primer tiempo fue el m\u00e1s parejo. Los dirigidos por Tit\u00e9 dominaron el encuentro de principio a fin, pero durante los 45&#8242; iniciales no pudieron generar la cantidad de ocasiones esperadas para el dominio del bal\u00f3n. Roberto Fern\u00e1ndez control\u00f3 un remate de Dani Alves mientras que Alisson Becker respondi\u00f3 ante la \u00fanica llegada de Paraguay en los pies de Hern\u00e1n P\u00e9rez.<\/p>\n<p>En el complemento, Brasil se hizo cargo totalmente del juego y transform\u00f3 la segunda mitad en un mon\u00f3logo de los locales. A los 12&#8242;, el \u00e1rbitro del partido Roberto Tobar, marc\u00f3 penal para Brasil por un infracci\u00f3n de Balbuena sobre Firmino, pero el llamado del VAR asisti\u00f3 al juez para cambiar su postura cobrando tiro libre y expulsando al central paraguayo. Con 10 jugadores, Eduardo Berizzo realiz\u00f3 cambios defensivo, como la entrada de Bruno Valdez en lugar de P\u00e9rez. La jugada del tiro libre termin\u00f3 en un remate de Dani Alves que se desvi\u00f3 a cent\u00edmetros del poste derecho de Fern\u00e1ndez. La superioridad n\u00famerica acompa\u00f1\u00f3 el desempe\u00f1o de los cariocas que fallaron varios goles dentro del \u00e1rea. En el final, a los 93&#8242; para ser exacto, Paraguay pudo llevarse la victoria en un contragolpe que no resolvi\u00f3 bien Juan Escobar.<\/p>\n<p>Consumados los 90&#8242; m\u00e1s 7&#8242; de adici\u00f3n, el duelo se defini\u00f3 desde los 12 pasos. El primero en patear fue Gustavo G\u00f3mez en Paraguay. El capit\u00e1n y una de las figuras del equipo no remat\u00f3 de la mejor manera y Allison contuvo el penal. William abri\u00f3 la serie para Brasil con un gol. A partir de ah\u00ed, acertaron todos los penales hasta que Roberto Firmino, encargado del cuarto disparo, desvi\u00f3 su derechazo y ni siquiera acert\u00f3 al arco. Detr\u00e1s del delantero de Liverpool, Derlis Gonz\u00e1lez fue por la ventaja, pero al igual que frente a Argentina, el 10 fall\u00f3 su penal y dej\u00f3 todo en los pies de Gabriel Jes\u00fas. El goleador del Manchester City no dud\u00f3 y con una definici\u00f3n excelsa meti\u00f3 a Brasil en semifinales donde espera por la albiceleste o Venezuela. El equipo de Berizzo se despidi\u00f3 de la Copa con 3 empates y una derrota.<\/p>\n<p><iframe loading=\"lazy\" src=\"https:\/\/www.youtube.com\/embed\/sqURLWNe4KI\" width=\"727\" height=\"409\" frameborder=\"0\" allowfullscreen=\"allowfullscreen\"><\/iframe><\/p>\n","protected":false},"excerpt":{"rendered":"<p>La Verdeamarela super\u00f3 por penales a Paraguay tras igualar 0-0 en los 90&#8242; reglamentarios. El conjunto anfitri\u00f3n pudo abrir el partido m\u00e1s de una vez pero al punter\u00eda no estuvo acorde a la cantidad de situaciones. Adem\u00e1s, Fabi\u00e1n Balbuena se retir\u00f3 expulsado a los 12&#8242; del complemento. En el inicio de los cuartos de final, [&hellip;]<\/p>\n","protected":false},"author":33,"featured_media":42285,"comment_status":"closed","ping_status":"closed","sticky":false,"template":"","format":"standard","meta":{"_seopress_robots_primary_cat":"none","_seopress_titles_title":"","_seopress_titles_desc":"","_seopress_robots_index":"","footnotes":""},"categories":[7566,2],"tags":[26,125,4381,7983,7474,8063,7940,749,8064,2287],"class_list":["post-42274","post","type-post","status-publish","format-standard","has-post-thumbnail","hentry","category-copa-america-2019","category-futbol","tag-argentina","tag-brasil","tag-copa-america","tag-derlis-gonzalez","tag-gabriel-jesus","tag-gustavo-gomez","tag-miguel-almiron","tag-paraguay","tag-roberto-firmino","tag-venezuela"],"_links":{"self":[{"href":"https:\/\/www.cordobatimes.com\/deportes\/wp-json\/wp\/v2\/posts\/42274","targetHints":{"allow":["GET"]}}],"collection":[{"href":"https:\/\/www.cordobatimes.com\/deportes\/wp-json\/wp\/v2\/posts"}],"about":[{"href":"https:\/\/www.cordobatimes.com\/deportes\/wp-json\/wp\/v2\/types\/post"}],"author":[{"embeddable":true,"href":"https:\/\/www.cordobatimes.com\/deportes\/wp-json\/wp\/v2\/users\/33"}],"replies":[{"embeddable":true,"href":"https:\/\/www.cordobatimes.com\/deportes\/wp-json\/wp\/v2\/comments?post=42274"}],"version-history":[{"count":0,"href":"https:\/\/www.cordobatimes.com\/deportes\/wp-json\/wp\/v2\/posts\/42274\/revisions"}],"wp:featuredmedia":[{"embeddable":true,"href":"https:\/\/www.cordobatimes.com\/deportes\/wp-json\/wp\/v2\/media\/42285"}],"wp:attachment":[{"href":"https:\/\/www.cordobatimes.com\/deportes\/wp-json\/wp\/v2\/media?parent=42274"}],"wp:term":[{"taxonomy":"category","embeddable":true,"href":"https:\/\/www.cordobatimes.com\/deportes\/wp-json\/wp\/v2\/categories?post=42274"},{"taxonomy":"post_tag","embeddable":true,"href":"https:\/\/www.cordobatimes.com\/deportes\/wp-json\/wp\/v2\/tags?post=42274"}],"curies":[{"name":"wp","href":"https:\/\/api.w.org\/{rel}","templated":true}]}}