{"id":42087,"date":"2019-06-20T22:00:44","date_gmt":"2019-06-21T01:00:44","guid":{"rendered":"https:\/\/www.cordobatimes.com\/deportes\/?p=42087"},"modified":"2019-06-20T23:51:04","modified_gmt":"2019-06-21T02:51:04","slug":"copa-america-uruguay-y-japon-igualaron-en-un-partidazo","status":"publish","type":"post","link":"https:\/\/www.cordobatimes.com\/deportes\/futbol\/2019\/06\/20\/copa-america-uruguay-y-japon-igualaron-en-un-partidazo\/","title":{"rendered":"Copa Am\u00e9rica: Uruguay y Jap\u00f3n igualaron en un partidazo"},"content":{"rendered":"<h3><b>La Celeste fue en busca de su segunda victoria en la Copa pero los nipones sorprendieron con un partido de ida y vuelta que termin\u00f3 empatado 2 a 2.<\/b><\/h3>\n<p>Por el grupo B de la Copa Am\u00e9rica, Uruguay se midi\u00f3 con Jap\u00f3n. En el debut, la Celeste gole\u00f3 4-0 a Ecuador, mismo resultado por el cual los asi\u00e1ticos cayeron ante Chile. En un encuentro muy abierto los Samur\u00e1is azules sorprendieron en dos ocasiones a los charr\u00faas que respondieron r\u00e1pidamente con el empate. La igualdad dej\u00f3 a los sudamericanos l\u00edderes del grupo con 4 unidades, seguido por Chile con 3 puntos y un partido menos, en tercer lugar Jap\u00f3n con 1 y \u00faltimo Ecuador con 0. La roja y la Tricolor se enfrentar\u00e1n ma\u00f1ana para cerrar la segunda fecha.<\/p>\n<p>Uruguay fue superior a su rival durante los 90&#8242;, especialmente en las llegadas de peligro, pero Jap\u00f3n aprovech\u00f3 sus chances para siempre golpear primero. Este elenco nip\u00f3n est\u00e1 compuesto por 20 futbolistas sub 23 y tres jugadores mayores, y eso se vio reflejado en el juego, con Shinji Okazaki y Shoya Nakajima\u00a0 como los m\u00e1s preponderante del conjunto asi\u00e1tico, siendo los encargados de complicar a la defensa uruguaya. El equipo de Tab\u00e1rez por su parte, respondi\u00f3 de gran manera ante los goles japoneses para igualar el partido pero no pudo romper la paridad para llevarse el partido.<\/p>\n<p>El partido se abri\u00f3 a los 25&#8242; con el gol de Koji Miyoshi. El volante japon\u00e9s enfrent\u00f3 mano a mano a Laxalt, lo dej\u00f3 en el camino y defini\u00f3 de derecha al primer palo, que hab\u00eda descubierto Muslera. Tras el gol, Diego Laxalt se retir\u00f3 lesionado y le dej\u00f3 su lugar a Giovanni Gonz\u00e1lez. Despu\u00e9s del tanto asi\u00e1tico, los charr\u00faas salieron en busca del empate y luego de tres minutos, Edinson Cavani cay\u00f3 dentro del \u00e1rea y, luego de la asistencias del VAR, Andr\u00e9s Rojas Noguera cobr\u00f3 penal para Uruguay. El juez en primera instancia no se percat\u00f3 de la clara infracci\u00f3n, pero el llamado del VAR oblig\u00f3 a la revisi\u00f3n y el cobro de la pena m\u00e1xima, de la cual se encarg\u00f3 Luis Su\u00e1rez a los 32&#8242;. El Pistolero no dudo y con el pie abierto marc\u00f3 la igualdad. Tres minutos despu\u00e9s, Cavani pudo haber marcado el segundo gol uruguayo pero el remate del 21 se estrell\u00f3 en el travesa\u00f1o. El empate no cambi\u00f3 y la cortina del primer acto se baj\u00f3 con el empate 1-1.<\/p>\n<p>En el complemento, Uruguay ampli\u00f3 su ventaja futbol\u00edstica, tanto en los remates como en la posesi\u00f3n, pero nuevamente golpe\u00f3 Jap\u00f3n primero con el segundo gol de Miyoshi a los 59&#8242;. Al igual que en el primer tiempo, solo tard\u00f3 6&#8242; la Celeste en igualarlo, en este caso con un cabezazo de Jos\u00e9 Mar\u00eda Gim\u00e9nez. Uruguay continu\u00f3 en b\u00fasqueda de ese gol que le diera la victoria, pero Eiji Kawashima no lo permiti\u00f3 y el empate se mantuvo hasta el final. La preocupaci\u00f3n de Uruguay queda en el estado de Diego Laxalt que se retir\u00f3 lesionado y esperan una mejor respuesta que con Mat\u00edas Vecino, ya que el 5 qued\u00f3 exclu\u00eddo de toda la competici\u00f3n por la lesi\u00f3n sufrida en el partido frente a Ecuador.<\/p>\n<p><iframe loading=\"lazy\" src=\"https:\/\/www.youtube.com\/embed\/UyXLJOTi1-4\" width=\"727\" height=\"409\" frameborder=\"0\" allowfullscreen=\"allowfullscreen\"><\/iframe><\/p>\n<p>En la \u00faltima jornada, Uruguay se cruzar\u00e1 con Chile y Jap\u00f3n con Ecuador. La Celeste est\u00e1 casi clasificada a la siguiente ronda, mientras que los japoneses deben superar a Ecuador y esperar algunos resultados.<\/p>\n","protected":false},"excerpt":{"rendered":"<p>La Celeste fue en busca de su segunda victoria en la Copa pero los nipones sorprendieron con un partido de ida y vuelta que termin\u00f3 empatado 2 a 2. Por el grupo B de la Copa Am\u00e9rica, Uruguay se midi\u00f3 con Jap\u00f3n. En el debut, la Celeste gole\u00f3 4-0 a Ecuador, mismo resultado por el [&hellip;]<\/p>\n","protected":false},"author":33,"featured_media":42092,"comment_status":"closed","ping_status":"closed","sticky":false,"template":"","format":"standard","meta":{"_seopress_robots_primary_cat":"none","_seopress_titles_title":"","_seopress_titles_desc":"","_seopress_robots_index":"","footnotes":""},"categories":[7566,2],"tags":[4818,7992,1068,4381,7491,3243,7994,7990,7991,7993,260,316,7989],"class_list":["post-42087","post","type-post","status-publish","format-standard","has-post-thumbnail","hentry","category-copa-america-2019","category-futbol","tag-cavani","tag-celeste","tag-conmebol","tag-copa-america","tag-copa-america-brasil-2019","tag-japon","tag-josema-gimenez","tag-laxalt","tag-miyoshi","tag-samurais","tag-suarez","tag-uruguay","tag-vecino"],"_links":{"self":[{"href":"https:\/\/www.cordobatimes.com\/deportes\/wp-json\/wp\/v2\/posts\/42087","targetHints":{"allow":["GET"]}}],"collection":[{"href":"https:\/\/www.cordobatimes.com\/deportes\/wp-json\/wp\/v2\/posts"}],"about":[{"href":"https:\/\/www.cordobatimes.com\/deportes\/wp-json\/wp\/v2\/types\/post"}],"author":[{"embeddable":true,"href":"https:\/\/www.cordobatimes.com\/deportes\/wp-json\/wp\/v2\/users\/33"}],"replies":[{"embeddable":true,"href":"https:\/\/www.cordobatimes.com\/deportes\/wp-json\/wp\/v2\/comments?post=42087"}],"version-history":[{"count":0,"href":"https:\/\/www.cordobatimes.com\/deportes\/wp-json\/wp\/v2\/posts\/42087\/revisions"}],"wp:featuredmedia":[{"embeddable":true,"href":"https:\/\/www.cordobatimes.com\/deportes\/wp-json\/wp\/v2\/media\/42092"}],"wp:attachment":[{"href":"https:\/\/www.cordobatimes.com\/deportes\/wp-json\/wp\/v2\/media?parent=42087"}],"wp:term":[{"taxonomy":"category","embeddable":true,"href":"https:\/\/www.cordobatimes.com\/deportes\/wp-json\/wp\/v2\/categories?post=42087"},{"taxonomy":"post_tag","embeddable":true,"href":"https:\/\/www.cordobatimes.com\/deportes\/wp-json\/wp\/v2\/tags?post=42087"}],"curies":[{"name":"wp","href":"https:\/\/api.w.org\/{rel}","templated":true}]}}