{"id":42040,"date":"2019-06-19T19:15:50","date_gmt":"2019-06-19T22:15:50","guid":{"rendered":"https:\/\/www.cordobatimes.com\/deportes\/?p=42040"},"modified":"2019-06-19T19:15:50","modified_gmt":"2019-06-19T22:15:50","slug":"argentina-en-busca-del-primer-triunfo-en-la-copa-america","status":"publish","type":"post","link":"https:\/\/www.cordobatimes.com\/deportes\/futbol\/2019\/06\/19\/argentina-en-busca-del-primer-triunfo-en-la-copa-america\/","title":{"rendered":"Argentina en busca del primer triunfo en la Copa Am\u00e9rica"},"content":{"rendered":"<h3><strong>Belo Horizonte es el lugar designado para esta cita mas que importante del seleccionado argentino.\u00a0<\/strong><\/h3>\n<p>Desde las 21:30 hs. Argentina enfrentar\u00e1 a Paraguay, equipo dirigido por Eduardo Berizzo, en el mega estadio Mineir\u00e3o. EL partido corresponde a la segunda fecha del grupo B de esta Copa Am\u00e9rica 2019, que adem\u00e1s integran Colombia y Qatar.<\/p>\n<p>Los d\u00edas previos parecen haber tenido algunos desencuentros dentro del elenco nacional. Las especulaciones surgieron luego de una reuni\u00f3n que tuvieron jugadores y cuerpo t\u00e9cnico en uno de los entrenamientos. Todo hace presagiar que hablaban de cuestiones futbol\u00edsticas.<\/p>\n<figure id=\"attachment_42046\" aria-describedby=\"caption-attachment-42046\" style=\"width: 680px\" class=\"wp-caption alignnone\"><img loading=\"lazy\" decoding=\"async\" class=\"size-full wp-image-42046\" src=\"https:\/\/www.cordobatimes.com\/deportes\/wp-content\/uploads\/2019\/06\/D9XCvNOXUAAjPfa.jpg\" alt=\"\" width=\"680\" height=\"453\" srcset=\"https:\/\/www.cordobatimes.com\/deportes\/wp-content\/uploads\/2019\/06\/D9XCvNOXUAAjPfa.jpg 680w, https:\/\/www.cordobatimes.com\/deportes\/wp-content\/uploads\/2019\/06\/D9XCvNOXUAAjPfa-300x200.jpg 300w, https:\/\/www.cordobatimes.com\/deportes\/wp-content\/uploads\/2019\/06\/D9XCvNOXUAAjPfa-630x420.jpg 630w\" sizes=\"auto, (max-width: 680px) 100vw, 680px\" \/><figcaption id=\"caption-attachment-42046\" class=\"wp-caption-text\">AFA<\/figcaption><\/figure>\n<p>La necesidad de obtener un triunfo ante el elenco Guaran\u00ed puede llevar a especulaciones incierta, que luego circulan por medios y redes. Lo cierto es que Scaloni no confirmo el once inicial y una duda que esta planteada es si juega Lautaro Mart\u00ednez o Sergio Ag\u00fcero.<\/p>\n<p>Los dirigidos por el &#8220;Toto&#8221; vienen de empatar 2-2 ante Qatar, uno de los invitados del torneo junto a Jap\u00f3n. A diferencia de Argentina, ellos comenzaron ganando su partido 2-0 pero en una r\u00e1faga de diez minutos, los ast\u00e1ticos empataron. Aqu\u00ed la duda pasa por si &#8220;Tacuara&#8221; Cardozo sera de la partida o no.<\/p>\n<figure id=\"attachment_42047\" aria-describedby=\"caption-attachment-42047\" style=\"width: 680px\" class=\"wp-caption alignnone\"><img loading=\"lazy\" decoding=\"async\" class=\"size-full wp-image-42047\" src=\"https:\/\/www.cordobatimes.com\/deportes\/wp-content\/uploads\/2019\/06\/D9XCt6UXsAADZKx.jpg\" alt=\"\" width=\"680\" height=\"453\" srcset=\"https:\/\/www.cordobatimes.com\/deportes\/wp-content\/uploads\/2019\/06\/D9XCt6UXsAADZKx.jpg 680w, https:\/\/www.cordobatimes.com\/deportes\/wp-content\/uploads\/2019\/06\/D9XCt6UXsAADZKx-300x200.jpg 300w, https:\/\/www.cordobatimes.com\/deportes\/wp-content\/uploads\/2019\/06\/D9XCt6UXsAADZKx-630x420.jpg 630w\" sizes=\"auto, (max-width: 680px) 100vw, 680px\" \/><figcaption id=\"caption-attachment-42047\" class=\"wp-caption-text\">AFA<\/figcaption><\/figure>\n<h4><strong>Posibles formaciones<\/strong><\/h4>\n<p><strong>Argentina:\u00a0<\/strong>Franco Armani; Milton Casco, Nicol\u00e1s Otamendi, German Pezzella, Nicol\u00e1s Tagliafico; Roberto Pereyra, Leandro Paredes, Giovani Lo Celso, Rodrigo De Paul; Lionel Messi, Lautaro Mart\u00ednez.\u00a0<strong>DT<\/strong>: Lionel Scaloni.<\/p>\n<p><strong>Paraguay:\u00a0<\/strong>Roberto Fern\u00e1ndez; Juan Escobar, Fabi\u00e1n Balbuena, Gustavo G\u00f3mez, Santiago Arzamendia; Rodrigo Rojas, Richard S\u00e1nchez; Oscar Romero, Miguel Almir\u00f3n, Derlis Gonz\u00e1lez; Oscar Cardozo.\u00a0<strong>DT<\/strong>: Eduardo Berizzo.<\/p>\n<figure id=\"attachment_42048\" aria-describedby=\"caption-attachment-42048\" style=\"width: 680px\" class=\"wp-caption alignnone\"><img loading=\"lazy\" decoding=\"async\" class=\"size-full wp-image-42048\" src=\"https:\/\/www.cordobatimes.com\/deportes\/wp-content\/uploads\/2019\/06\/D9S2Y4DXsAUAIQE.jpg\" alt=\"\" width=\"680\" height=\"453\" srcset=\"https:\/\/www.cordobatimes.com\/deportes\/wp-content\/uploads\/2019\/06\/D9S2Y4DXsAUAIQE.jpg 680w, https:\/\/www.cordobatimes.com\/deportes\/wp-content\/uploads\/2019\/06\/D9S2Y4DXsAUAIQE-300x200.jpg 300w, https:\/\/www.cordobatimes.com\/deportes\/wp-content\/uploads\/2019\/06\/D9S2Y4DXsAUAIQE-630x420.jpg 630w\" sizes=\"auto, (max-width: 680px) 100vw, 680px\" \/><figcaption id=\"caption-attachment-42048\" class=\"wp-caption-text\">AFA<\/figcaption><\/figure>\n","protected":false},"excerpt":{"rendered":"<p>Belo Horizonte es el lugar designado para esta cita mas que importante del seleccionado argentino.\u00a0 Desde las 21:30 hs. Argentina enfrentar\u00e1 a Paraguay, equipo dirigido por Eduardo Berizzo, en el mega estadio Mineir\u00e3o. EL partido corresponde a la segunda fecha del grupo B de esta Copa Am\u00e9rica 2019, que adem\u00e1s integran Colombia y Qatar. Los [&hellip;]<\/p>\n","protected":false},"author":37,"featured_media":42045,"comment_status":"closed","ping_status":"closed","sticky":false,"template":"","format":"standard","meta":{"_seopress_robots_primary_cat":"none","_seopress_titles_title":"","_seopress_titles_desc":"","_seopress_robots_index":"","footnotes":""},"categories":[7566,2],"tags":[526,176,26,7979,4381,7112,7831,88,749,542],"class_list":["post-42040","post","type-post","status-publish","format-standard","has-post-thumbnail","hentry","category-copa-america-2019","category-futbol","tag-hu","tag-aguero","tag-argentina","tag-argentina-en-la-copa-america","tag-copa-america","tag-copa-america-2019","tag-copa-america-brasil","tag-messi","tag-paraguay","tag-seleccion-argentina"],"_links":{"self":[{"href":"https:\/\/www.cordobatimes.com\/deportes\/wp-json\/wp\/v2\/posts\/42040","targetHints":{"allow":["GET"]}}],"collection":[{"href":"https:\/\/www.cordobatimes.com\/deportes\/wp-json\/wp\/v2\/posts"}],"about":[{"href":"https:\/\/www.cordobatimes.com\/deportes\/wp-json\/wp\/v2\/types\/post"}],"author":[{"embeddable":true,"href":"https:\/\/www.cordobatimes.com\/deportes\/wp-json\/wp\/v2\/users\/37"}],"replies":[{"embeddable":true,"href":"https:\/\/www.cordobatimes.com\/deportes\/wp-json\/wp\/v2\/comments?post=42040"}],"version-history":[{"count":0,"href":"https:\/\/www.cordobatimes.com\/deportes\/wp-json\/wp\/v2\/posts\/42040\/revisions"}],"wp:featuredmedia":[{"embeddable":true,"href":"https:\/\/www.cordobatimes.com\/deportes\/wp-json\/wp\/v2\/media\/42045"}],"wp:attachment":[{"href":"https:\/\/www.cordobatimes.com\/deportes\/wp-json\/wp\/v2\/media?parent=42040"}],"wp:term":[{"taxonomy":"category","embeddable":true,"href":"https:\/\/www.cordobatimes.com\/deportes\/wp-json\/wp\/v2\/categories?post=42040"},{"taxonomy":"post_tag","embeddable":true,"href":"https:\/\/www.cordobatimes.com\/deportes\/wp-json\/wp\/v2\/tags?post=42040"}],"curies":[{"name":"wp","href":"https:\/\/api.w.org\/{rel}","templated":true}]}}