{"id":41937,"date":"2019-06-17T22:21:11","date_gmt":"2019-06-18T01:21:11","guid":{"rendered":"https:\/\/www.cordobatimes.com\/deportes\/?p=41937"},"modified":"2019-06-17T22:23:18","modified_gmt":"2019-06-18T01:23:18","slug":"chile-inicia-la-defensa-del-titulo-con-una-victoria-ante-japon","status":"publish","type":"post","link":"https:\/\/www.cordobatimes.com\/deportes\/futbol\/2019\/06\/17\/chile-inicia-la-defensa-del-titulo-con-una-victoria-ante-japon\/","title":{"rendered":"Chile inicia la defensa del t\u00edtulo con una victoria ante Jap\u00f3n"},"content":{"rendered":"<h3><strong>En un partido que arrancaba bastante discreto, La Roja impuso su jerarqu\u00eda ante una joven selecci\u00f3n nipona.<\/strong><\/h3>\n<p>La noche de este lunes en el Morumb\u00ed de Sao Paulo fue de alegr\u00eda para el equipo trasandino, que med\u00eda fuerzas ante la selecci\u00f3n proveniente del continente asi\u00e1tico, que participa como invitada de la Copa Am\u00e9rica 2019. Fue victoria 4-0 con goles de Pulgar, Vargas (2) y Alexis S\u00e1nchez.<\/p>\n<p><iframe loading=\"lazy\" title=\"J\u0430p\u0430n vs \u0421hil\u0435 4-0 All Goals &amp; Highlights 18\/06\/2019 HD\" width=\"696\" height=\"392\" src=\"https:\/\/www.youtube.com\/embed\/VZcSxQU5bos?feature=oembed\" frameborder=\"0\" allow=\"accelerometer; autoplay; encrypted-media; gyroscope; picture-in-picture\" allowfullscreen><\/iframe><\/p>\n<p>La primera mitad, sobre todo los 30 minutos iniciales, no daba indicios de que el partido fuera a ser atractivo. El equipo de Reinaldo Rueda form\u00f3 con:<\/p>\n<p><strong>Gabriel Arias; Mauricio Isla, Gary Medel, Guillermo Marip\u00e1n, Jean Beausejour; Erick Pulgar, Charles Ar\u00e1nguiz, Arturo Vidal; Jos\u00e9 Pedro Fuenzalida, Alexis S\u00e1nchez y Eduardo Vargas.<\/strong><\/p>\n<figure id=\"attachment_41943\" aria-describedby=\"caption-attachment-41943\" style=\"width: 1072px\" class=\"wp-caption alignnone\"><img loading=\"lazy\" decoding=\"async\" class=\"size-full wp-image-41943\" src=\"https:\/\/www.cordobatimes.com\/deportes\/wp-content\/uploads\/2019\/06\/chile-copa-america_1560780821.jpg\" alt=\"\" width=\"1072\" height=\"589\" srcset=\"https:\/\/www.cordobatimes.com\/deportes\/wp-content\/uploads\/2019\/06\/chile-copa-america_1560780821.jpg 1072w, https:\/\/www.cordobatimes.com\/deportes\/wp-content\/uploads\/2019\/06\/chile-copa-america_1560780821-300x165.jpg 300w, https:\/\/www.cordobatimes.com\/deportes\/wp-content\/uploads\/2019\/06\/chile-copa-america_1560780821-768x422.jpg 768w, https:\/\/www.cordobatimes.com\/deportes\/wp-content\/uploads\/2019\/06\/chile-copa-america_1560780821-1024x563.jpg 1024w, https:\/\/www.cordobatimes.com\/deportes\/wp-content\/uploads\/2019\/06\/chile-copa-america_1560780821-696x382.jpg 696w, https:\/\/www.cordobatimes.com\/deportes\/wp-content\/uploads\/2019\/06\/chile-copa-america_1560780821-1068x587.jpg 1068w, https:\/\/www.cordobatimes.com\/deportes\/wp-content\/uploads\/2019\/06\/chile-copa-america_1560780821-764x420.jpg 764w\" sizes=\"auto, (max-width: 1072px) 100vw, 1072px\" \/><figcaption id=\"caption-attachment-41943\" class=\"wp-caption-text\">EL Rey Arturo<\/figcaption><\/figure>\n<p>Mientras que Jap\u00f3n paro a los siguientes nombres:<\/p>\n<p><strong>Keisuke Osako; Teruki Hara, Takehiro Tomiyasu, Noamuchi Ueda, Daiki Sugioka; Yuta Nakayama, Gaku Shibasaki, Shoya Nakajima; Takefusa Kubo, Ayase Ueda, Daizen Maeda.<\/strong><\/p>\n<figure id=\"attachment_41944\" aria-describedby=\"caption-attachment-41944\" style=\"width: 990px\" class=\"wp-caption alignnone\"><img loading=\"lazy\" decoding=\"async\" class=\"size-full wp-image-41944\" src=\"https:\/\/www.cordobatimes.com\/deportes\/wp-content\/uploads\/2019\/06\/15607399320353.jpg\" alt=\"\" width=\"990\" height=\"557\" srcset=\"https:\/\/www.cordobatimes.com\/deportes\/wp-content\/uploads\/2019\/06\/15607399320353.jpg 990w, https:\/\/www.cordobatimes.com\/deportes\/wp-content\/uploads\/2019\/06\/15607399320353-300x169.jpg 300w, https:\/\/www.cordobatimes.com\/deportes\/wp-content\/uploads\/2019\/06\/15607399320353-768x432.jpg 768w, https:\/\/www.cordobatimes.com\/deportes\/wp-content\/uploads\/2019\/06\/15607399320353-696x392.jpg 696w, https:\/\/www.cordobatimes.com\/deportes\/wp-content\/uploads\/2019\/06\/15607399320353-746x420.jpg 746w\" sizes=\"auto, (max-width: 990px) 100vw, 990px\" \/><figcaption id=\"caption-attachment-41944\" class=\"wp-caption-text\">Kubo, la promesa japonesa<\/figcaption><\/figure>\n<p>La primera emoci\u00f3n llego a los 41&#8242; del PT, luego que Alexis desperdiciara dos chances de gol claras, con un cabezazo de que conecto Pulgar desde un centro e impacto en la red. Luego un mal control de S\u00e1nchez har\u00eda que los japoneses casi empaten el partido, pero Arias resolvi\u00f3 con \u00e9xito la situaci\u00f3n.<\/p>\n<div style=\"width: 696px;\" class=\"wp-video\"><video class=\"wp-video-shortcode\" id=\"video-41937-1\" width=\"696\" height=\"392\" preload=\"metadata\" controls=\"controls\"><source type=\"video\/mp4\" src=\"https:\/\/www.cordobatimes.com\/deportes\/wp-content\/uploads\/2019\/06\/Japon-0-Vs-Chile-1\u2502GOL-DE-PULGAR\u2502.mp4?_=1\" \/><a href=\"https:\/\/www.cordobatimes.com\/deportes\/wp-content\/uploads\/2019\/06\/Japon-0-Vs-Chile-1\u2502GOL-DE-PULGAR\u2502.mp4\">https:\/\/www.cordobatimes.com\/deportes\/wp-content\/uploads\/2019\/06\/Japon-0-Vs-Chile-1\u2502GOL-DE-PULGAR\u2502.mp4<\/a><\/video><\/div>\n<p>Ya para el segundo tiempo el equipo de Arturo Vidal tuvo las mas claras, por manejar a favor el resultado, por lo que a los 54&#8242; Eduardo Vargas meti\u00f3 un bombazo que nada pudo hacer Osako. Esa no ser\u00eda la \u00fanica intervenci\u00f3n del goleador.<\/p>\n<p><iframe loading=\"lazy\" title=\"Japon 0 Vs Chile 2 GOL DE VARGAS\" width=\"696\" height=\"392\" src=\"https:\/\/www.youtube.com\/embed\/gsWkd9pyhik?feature=oembed\" frameborder=\"0\" allow=\"accelerometer; autoplay; encrypted-media; gyroscope; picture-in-picture\" allowfullscreen><\/iframe><\/p>\n<p>Sobre el final legar\u00edan las otras dos emociones. Primero Alexis S\u00e1nchez har\u00eda uno de los goles a los 82&#8242;. Para decorar el marcador nuevamente el delantero Vargas un minuto despu\u00e9s decorar\u00eda el tanteador.<\/p>\n<p><iframe loading=\"lazy\" title=\"Jap\u00f3n 0 Vs Chile 4 \u2502GOL DE VARGAS\u2502\" width=\"696\" height=\"392\" src=\"https:\/\/www.youtube.com\/embed\/9HHhKHy3Wg4?feature=oembed\" frameborder=\"0\" allow=\"accelerometer; autoplay; encrypted-media; gyroscope; picture-in-picture\" allowfullscreen><\/iframe><\/p>\n<p>As\u00ed la selecci\u00f3n Bi-campeona inicio la defensa del la Copa Am\u00e9rica 2019.<\/p>\n","protected":false},"excerpt":{"rendered":"<p>En un partido que arrancaba bastante discreto, La Roja impuso su jerarqu\u00eda ante una joven selecci\u00f3n nipona. La noche de este lunes en el Morumb\u00ed de Sao Paulo fue de alegr\u00eda para el equipo trasandino, que med\u00eda fuerzas ante la selecci\u00f3n proveniente del continente asi\u00e1tico, que participa como invitada de la Copa Am\u00e9rica 2019. Fue [&hellip;]<\/p>\n","protected":false},"author":37,"featured_media":41942,"comment_status":"closed","ping_status":"closed","sticky":false,"template":"","format":"standard","meta":{"_seopress_robots_primary_cat":"none","_seopress_titles_title":"","_seopress_titles_desc":"","_seopress_robots_index":"","footnotes":""},"categories":[7566,2],"tags":[245,125,7923,661,7112,7831,7838,4492,460,4815],"class_list":["post-41937","post","type-post","status-publish","format-standard","has-post-thumbnail","hentry","category-copa-america-2019","category-futbol","tag-alexis-sanchez","tag-brasil","tag-brazil","tag-chile","tag-copa-america-2019","tag-copa-america-brasil","tag-la-roja","tag-morumbi","tag-sao-paulo","tag-vidal"],"_links":{"self":[{"href":"https:\/\/www.cordobatimes.com\/deportes\/wp-json\/wp\/v2\/posts\/41937","targetHints":{"allow":["GET"]}}],"collection":[{"href":"https:\/\/www.cordobatimes.com\/deportes\/wp-json\/wp\/v2\/posts"}],"about":[{"href":"https:\/\/www.cordobatimes.com\/deportes\/wp-json\/wp\/v2\/types\/post"}],"author":[{"embeddable":true,"href":"https:\/\/www.cordobatimes.com\/deportes\/wp-json\/wp\/v2\/users\/37"}],"replies":[{"embeddable":true,"href":"https:\/\/www.cordobatimes.com\/deportes\/wp-json\/wp\/v2\/comments?post=41937"}],"version-history":[{"count":0,"href":"https:\/\/www.cordobatimes.com\/deportes\/wp-json\/wp\/v2\/posts\/41937\/revisions"}],"wp:featuredmedia":[{"embeddable":true,"href":"https:\/\/www.cordobatimes.com\/deportes\/wp-json\/wp\/v2\/media\/41942"}],"wp:attachment":[{"href":"https:\/\/www.cordobatimes.com\/deportes\/wp-json\/wp\/v2\/media?parent=41937"}],"wp:term":[{"taxonomy":"category","embeddable":true,"href":"https:\/\/www.cordobatimes.com\/deportes\/wp-json\/wp\/v2\/categories?post=41937"},{"taxonomy":"post_tag","embeddable":true,"href":"https:\/\/www.cordobatimes.com\/deportes\/wp-json\/wp\/v2\/tags?post=41937"}],"curies":[{"name":"wp","href":"https:\/\/api.w.org\/{rel}","templated":true}]}}