{"id":41804,"date":"2019-06-14T18:55:29","date_gmt":"2019-06-14T21:55:29","guid":{"rendered":"https:\/\/www.cordobatimes.com\/deportes\/?p=41804"},"modified":"2019-06-14T18:55:29","modified_gmt":"2019-06-14T21:55:29","slug":"el-continente-listo-para-una-nueva-copa-america","status":"publish","type":"post","link":"https:\/\/www.cordobatimes.com\/deportes\/futbol\/2019\/06\/14\/el-continente-listo-para-una-nueva-copa-america\/","title":{"rendered":"El continente listo para una nueva Copa Am\u00e9rica"},"content":{"rendered":"<h3><strong>Arranca una nueva edici\u00f3n del torneo de selecciones mas viejo del mundo.<\/strong><\/h3>\n<p>Desde el m\u00edtico Morumb\u00ed, a las 20:00 hs., en la inmensa ciudad de San Pablo arrancara la edici\u00f3n 2019 de la Copa Am\u00e9rica, ha disputarse en Brasil. Ser\u00e1 hasta el 7 de julio, d\u00eda en que tendr\u00e1 lugar la final en el Maracan\u00e1. Abren el men\u00fa de partidos el equipo local contra Bolivia.<\/p>\n<div style=\"width: 480px;\" class=\"wp-video\"><video class=\"wp-video-shortcode\" id=\"video-41804-1\" width=\"480\" height=\"480\" preload=\"metadata\" controls=\"controls\"><source type=\"video\/mp4\" src=\"https:\/\/www.cordobatimes.com\/deportes\/wp-content\/uploads\/2019\/06\/E0GlnQ0c46DaDGMF.mp4?_=1\" \/><a href=\"https:\/\/www.cordobatimes.com\/deportes\/wp-content\/uploads\/2019\/06\/E0GlnQ0c46DaDGMF.mp4\">https:\/\/www.cordobatimes.com\/deportes\/wp-content\/uploads\/2019\/06\/E0GlnQ0c46DaDGMF.mp4<\/a><\/video><\/div>\n<p>Tres a\u00f1os pasaron de la ultima copa, disputada en Estados Unidos, donde Chile le gano a la Selecci\u00f3n Argentina, por segunda vez consecutiva. La edici\u00f3n 46 tomar\u00e1 lugar en el hermano pa\u00eds y la expectativa para esta noche es may\u00fascula ya que habr\u00e1 grandes juegos de luces y tecnolog\u00eda. La parte musical queda a cargo de\u00a0 Leo Santana y Karol G interpretar\u00e1n la canci\u00f3n oficial de la competencia, llamada &#8220;Vibra el continente&#8221;.<\/p>\n<p><iframe loading=\"lazy\" title=\"L\u00e9o Santana, Karol G - Vibra Continente (Copa Am\u00e9rica Brasil 2019)\" width=\"696\" height=\"392\" src=\"https:\/\/www.youtube.com\/embed\/0z3p_YDtg3U?feature=oembed\" frameborder=\"0\" allow=\"accelerometer; autoplay; encrypted-media; gyroscope; picture-in-picture\" allowfullscreen><\/iframe><\/p>\n<h4><strong>Sedes<\/strong><\/h4>\n<p>En<strong> C\u00f3rdoba Times\u00a0<\/strong>hemos ido exponiendo las diferentes sedes y estadios de la cita pero los recordaremos.<\/p>\n<p><strong>San Pablo<\/strong>, que presentar\u00e1 dos estadios<strong> Morumb\u00ed<\/strong> y el<strong> Arena Corinthians<\/strong>. <strong>Salvador de Bah\u00eda<\/strong>, donde debutar\u00e1 Argentina prestara el <strong>Arena Fonte Nova<\/strong>. <strong>Belo Horizonte<\/strong> y su <strong>Mineirao<\/strong>. <strong>Porto Alegre<\/strong> es otra ciudad elegida y all\u00ed habr\u00e1 partidos en el <strong>Arena Do Gremio<\/strong>. Y como frutilla del postre <strong>R\u00edo de Janeiro<\/strong> junto a su <strong>Maracan\u00e1<\/strong>.<\/p>\n<figure id=\"attachment_41742\" aria-describedby=\"caption-attachment-41742\" style=\"width: 4000px\" class=\"wp-caption alignnone\"><img loading=\"lazy\" decoding=\"async\" class=\"size-full wp-image-41742\" src=\"https:\/\/www.cordobatimes.com\/deportes\/wp-content\/uploads\/2019\/06\/Maracana_Stadium_June_2013.jpg\" alt=\"\" width=\"4000\" height=\"2667\" srcset=\"https:\/\/www.cordobatimes.com\/deportes\/wp-content\/uploads\/2019\/06\/Maracana_Stadium_June_2013.jpg 4000w, https:\/\/www.cordobatimes.com\/deportes\/wp-content\/uploads\/2019\/06\/Maracana_Stadium_June_2013-300x200.jpg 300w, https:\/\/www.cordobatimes.com\/deportes\/wp-content\/uploads\/2019\/06\/Maracana_Stadium_June_2013-768x512.jpg 768w, https:\/\/www.cordobatimes.com\/deportes\/wp-content\/uploads\/2019\/06\/Maracana_Stadium_June_2013-1024x683.jpg 1024w, https:\/\/www.cordobatimes.com\/deportes\/wp-content\/uploads\/2019\/06\/Maracana_Stadium_June_2013-696x464.jpg 696w, https:\/\/www.cordobatimes.com\/deportes\/wp-content\/uploads\/2019\/06\/Maracana_Stadium_June_2013-1068x712.jpg 1068w, https:\/\/www.cordobatimes.com\/deportes\/wp-content\/uploads\/2019\/06\/Maracana_Stadium_June_2013-630x420.jpg 630w, https:\/\/www.cordobatimes.com\/deportes\/wp-content\/uploads\/2019\/06\/Maracana_Stadium_June_2013-1920x1280.jpg 1920w\" sizes=\"auto, (max-width: 4000px) 100vw, 4000px\" \/><figcaption id=\"caption-attachment-41742\" class=\"wp-caption-text\">El Maracan\u00e1<\/figcaption><\/figure>\n<h4><strong>Partido Inaugural<\/strong><\/h4>\n<p>La oferta con la selecci\u00f3n brasile\u00f1a y la boliviana desde las 21:30 hs, por el grupo A que componen junto a Per\u00fa y Venezuela. El &#8220;Scracht&#8221; no podr\u00e1 contar con su m\u00e1xima figura Neymar, a causa de una fuerte lesi\u00f3n en un amistoso reciente.<\/p>\n<figure id=\"attachment_41811\" aria-describedby=\"caption-attachment-41811\" style=\"width: 1080px\" class=\"wp-caption alignnone\"><img loading=\"lazy\" decoding=\"async\" class=\"size-full wp-image-41811\" src=\"https:\/\/www.cordobatimes.com\/deportes\/wp-content\/uploads\/2019\/06\/D83QjWkWkAUUoJE.jpg\" alt=\"\" width=\"1080\" height=\"1080\" srcset=\"https:\/\/www.cordobatimes.com\/deportes\/wp-content\/uploads\/2019\/06\/D83QjWkWkAUUoJE.jpg 1080w, https:\/\/www.cordobatimes.com\/deportes\/wp-content\/uploads\/2019\/06\/D83QjWkWkAUUoJE-300x300.jpg 300w, https:\/\/www.cordobatimes.com\/deportes\/wp-content\/uploads\/2019\/06\/D83QjWkWkAUUoJE-768x768.jpg 768w, https:\/\/www.cordobatimes.com\/deportes\/wp-content\/uploads\/2019\/06\/D83QjWkWkAUUoJE-1024x1024.jpg 1024w, https:\/\/www.cordobatimes.com\/deportes\/wp-content\/uploads\/2019\/06\/D83QjWkWkAUUoJE-696x696.jpg 696w, https:\/\/www.cordobatimes.com\/deportes\/wp-content\/uploads\/2019\/06\/D83QjWkWkAUUoJE-1068x1068.jpg 1068w, https:\/\/www.cordobatimes.com\/deportes\/wp-content\/uploads\/2019\/06\/D83QjWkWkAUUoJE-420x420.jpg 420w\" sizes=\"auto, (max-width: 1080px) 100vw, 1080px\" \/><figcaption id=\"caption-attachment-41811\" class=\"wp-caption-text\">Tite<\/figcaption><\/figure>\n<p>El conjunto de Tite, que ira en busca de su novena corona, cuenta con jugadores de la talla de Dani Alves, Alisson o Firmino. La ultima vez que gritaron campeones fue en el 2007, ganandole la final al equipo del &#8220;Coco&#8221; Basile, 3-0.<\/p>\n<p><iframe loading=\"lazy\" title=\"Brasil 3 vs Argentina 0 final  Copa America Venezuela 2007 FUTBOL RETRO\" width=\"696\" height=\"522\" src=\"https:\/\/www.youtube.com\/embed\/Ig8b33vAbao?feature=oembed\" frameborder=\"0\" allow=\"accelerometer; autoplay; encrypted-media; gyroscope; picture-in-picture\" allowfullscreen><\/iframe><\/p>\n<p>Por parte de Bolivia, quien tiene un solo t\u00edtulo continental, cuenta con algunos conocidos como el arquero Carlos Lampe, quien pasar\u00e1 por Boca Juniors hace poco. Otro viejo conocido es Marcelo Moreno Martins, delantero hist\u00f3rico.<\/p>\n<figure id=\"attachment_41812\" aria-describedby=\"caption-attachment-41812\" style=\"width: 680px\" class=\"wp-caption alignnone\"><img loading=\"lazy\" decoding=\"async\" class=\"size-full wp-image-41812\" src=\"https:\/\/www.cordobatimes.com\/deportes\/wp-content\/uploads\/2019\/06\/D8fhn73WkAAUhIJ.jpg\" alt=\"\" width=\"680\" height=\"453\" srcset=\"https:\/\/www.cordobatimes.com\/deportes\/wp-content\/uploads\/2019\/06\/D8fhn73WkAAUhIJ.jpg 680w, https:\/\/www.cordobatimes.com\/deportes\/wp-content\/uploads\/2019\/06\/D8fhn73WkAAUhIJ-300x200.jpg 300w, https:\/\/www.cordobatimes.com\/deportes\/wp-content\/uploads\/2019\/06\/D8fhn73WkAAUhIJ-630x420.jpg 630w\" sizes=\"auto, (max-width: 680px) 100vw, 680px\" \/><figcaption id=\"caption-attachment-41812\" class=\"wp-caption-text\">Selecci\u00f3n de Bolivia<\/figcaption><\/figure>\n<h4><strong>Formaciones<\/strong><\/h4>\n<p><strong>Brasil<\/strong>: Alisson, Filipe Lu\u00eds, Thiago Silva, Marquinhos, Dani Alves, Arthur, Casemiro, Coutinho, Neres, Firmino y Richarlison. DT: Tite.<\/p>\n<p><strong>Bolivia<\/strong>: Lampe, D. Bejarano, Haquin, Jusino, M. Bejarano, Justiniano, Saucedo, Castro, Fern\u00e1ndez, Vaca y Moreno Martins. DT: Eduardo Villegas.<\/p>\n<p>&nbsp;<\/p>\n","protected":false},"excerpt":{"rendered":"<p>Arranca una nueva edici\u00f3n del torneo de selecciones mas viejo del mundo. Desde el m\u00edtico Morumb\u00ed, a las 20:00 hs., en la inmensa ciudad de San Pablo arrancara la edici\u00f3n 2019 de la Copa Am\u00e9rica, ha disputarse en Brasil. Ser\u00e1 hasta el 7 de julio, d\u00eda en que tendr\u00e1 lugar la final en el Maracan\u00e1. [&hellip;]<\/p>\n","protected":false},"author":37,"featured_media":41814,"comment_status":"closed","ping_status":"closed","sticky":false,"template":"","format":"standard","meta":{"_seopress_robots_primary_cat":"none","_seopress_titles_title":"","_seopress_titles_desc":"","_seopress_robots_index":"","footnotes":""},"categories":[7566,2],"tags":[7918,4159,125,4381,7112,3203,4492,244,459,460,7919],"class_list":["post-41804","post","type-post","status-publish","format-standard","has-post-thumbnail","hentry","category-copa-america-2019","category-futbol","tag-alisson","tag-bolivia","tag-brasil","tag-copa-america","tag-copa-america-2019","tag-dani-alves","tag-morumbi","tag-neymar","tag-san-pablo","tag-sao-paulo","tag-tite"],"_links":{"self":[{"href":"https:\/\/www.cordobatimes.com\/deportes\/wp-json\/wp\/v2\/posts\/41804","targetHints":{"allow":["GET"]}}],"collection":[{"href":"https:\/\/www.cordobatimes.com\/deportes\/wp-json\/wp\/v2\/posts"}],"about":[{"href":"https:\/\/www.cordobatimes.com\/deportes\/wp-json\/wp\/v2\/types\/post"}],"author":[{"embeddable":true,"href":"https:\/\/www.cordobatimes.com\/deportes\/wp-json\/wp\/v2\/users\/37"}],"replies":[{"embeddable":true,"href":"https:\/\/www.cordobatimes.com\/deportes\/wp-json\/wp\/v2\/comments?post=41804"}],"version-history":[{"count":0,"href":"https:\/\/www.cordobatimes.com\/deportes\/wp-json\/wp\/v2\/posts\/41804\/revisions"}],"wp:featuredmedia":[{"embeddable":true,"href":"https:\/\/www.cordobatimes.com\/deportes\/wp-json\/wp\/v2\/media\/41814"}],"wp:attachment":[{"href":"https:\/\/www.cordobatimes.com\/deportes\/wp-json\/wp\/v2\/media?parent=41804"}],"wp:term":[{"taxonomy":"category","embeddable":true,"href":"https:\/\/www.cordobatimes.com\/deportes\/wp-json\/wp\/v2\/categories?post=41804"},{"taxonomy":"post_tag","embeddable":true,"href":"https:\/\/www.cordobatimes.com\/deportes\/wp-json\/wp\/v2\/tags?post=41804"}],"curies":[{"name":"wp","href":"https:\/\/api.w.org\/{rel}","templated":true}]}}