{"id":41704,"date":"2019-06-11T18:55:06","date_gmt":"2019-06-11T21:55:06","guid":{"rendered":"https:\/\/www.cordobatimes.com\/deportes\/?p=41704"},"modified":"2019-06-11T18:55:06","modified_gmt":"2019-06-11T21:55:06","slug":"conocemos-los-estadios-de-la-copa-america-2019-hoy-arena-do-gremio","status":"publish","type":"post","link":"https:\/\/www.cordobatimes.com\/deportes\/futbol\/2019\/06\/11\/conocemos-los-estadios-de-la-copa-america-2019-hoy-arena-do-gremio\/","title":{"rendered":"Conocemos los estadios de la Copa Am\u00e9rica 2019: hoy Arena do Gremio"},"content":{"rendered":"<h3><strong>Es el recinto mas moderno del pr\u00f3ximo torneo continental de selecciones. Fue construido desde cero. Esta en Porto Alegre.\u00a0<\/strong><\/h3>\n<p><iframe loading=\"lazy\" title=\"Conhecendo a Arena do Gr\u00eamio\" width=\"696\" height=\"392\" src=\"https:\/\/www.youtube.com\/embed\/h-Kc6HtKDBs?feature=oembed\" frameborder=\"0\" allow=\"accelerometer; autoplay; encrypted-media; gyroscope; picture-in-picture\" allowfullscreen><\/iframe><\/p>\n<p>Este escenario fue inaugurado el 8 de diciembre del 2012 en un partido que disput\u00f3 Gremio, equipo due\u00f1o del estadio, contra el Hamburgo alem\u00e1n. Aquel partido acabo 2-1 a favor del local y fue el de mayor recaudaci\u00f3n hasta el momento.<\/p>\n<figure id=\"attachment_41709\" aria-describedby=\"caption-attachment-41709\" style=\"width: 950px\" class=\"wp-caption alignnone\"><img loading=\"lazy\" decoding=\"async\" class=\"size-full wp-image-41709\" src=\"https:\/\/www.cordobatimes.com\/deportes\/wp-content\/uploads\/2019\/06\/arena-do-gremio.jpeg\" alt=\"\" width=\"950\" height=\"475\" srcset=\"https:\/\/www.cordobatimes.com\/deportes\/wp-content\/uploads\/2019\/06\/arena-do-gremio.jpeg 950w, https:\/\/www.cordobatimes.com\/deportes\/wp-content\/uploads\/2019\/06\/arena-do-gremio-300x150.jpeg 300w, https:\/\/www.cordobatimes.com\/deportes\/wp-content\/uploads\/2019\/06\/arena-do-gremio-768x384.jpeg 768w, https:\/\/www.cordobatimes.com\/deportes\/wp-content\/uploads\/2019\/06\/arena-do-gremio-696x348.jpeg 696w, https:\/\/www.cordobatimes.com\/deportes\/wp-content\/uploads\/2019\/06\/arena-do-gremio-840x420.jpeg 840w\" sizes=\"auto, (max-width: 950px) 100vw, 950px\" \/><figcaption id=\"caption-attachment-41709\" class=\"wp-caption-text\">Arena Do Gremio<\/figcaption><\/figure>\n<p>Tiene capacidad de albergar a poco mas de 60 mil personas, en su mayor\u00eda sentadas ya que detr\u00e1s de los arcos tiene tribunas para los hinchas que desean ver los partidos de pie. Al ser moderno es cubierto e intenta emular al Signal Iduna Park, la cancha del Borussia Dortmund.<\/p>\n<figure id=\"attachment_41710\" aria-describedby=\"caption-attachment-41710\" style=\"width: 4098px\" class=\"wp-caption alignnone\"><img loading=\"lazy\" decoding=\"async\" class=\"size-full wp-image-41710\" src=\"https:\/\/www.cordobatimes.com\/deportes\/wp-content\/uploads\/2019\/06\/Arena_do_Gr\u00eamio_2014.jpg\" alt=\"\" width=\"4098\" height=\"2200\" srcset=\"https:\/\/www.cordobatimes.com\/deportes\/wp-content\/uploads\/2019\/06\/Arena_do_Gr\u00eamio_2014.jpg 4098w, https:\/\/www.cordobatimes.com\/deportes\/wp-content\/uploads\/2019\/06\/Arena_do_Gr\u00eamio_2014-300x161.jpg 300w, https:\/\/www.cordobatimes.com\/deportes\/wp-content\/uploads\/2019\/06\/Arena_do_Gr\u00eamio_2014-768x412.jpg 768w, https:\/\/www.cordobatimes.com\/deportes\/wp-content\/uploads\/2019\/06\/Arena_do_Gr\u00eamio_2014-1024x550.jpg 1024w, https:\/\/www.cordobatimes.com\/deportes\/wp-content\/uploads\/2019\/06\/Arena_do_Gr\u00eamio_2014-696x374.jpg 696w, https:\/\/www.cordobatimes.com\/deportes\/wp-content\/uploads\/2019\/06\/Arena_do_Gr\u00eamio_2014-1068x573.jpg 1068w, https:\/\/www.cordobatimes.com\/deportes\/wp-content\/uploads\/2019\/06\/Arena_do_Gr\u00eamio_2014-782x420.jpg 782w, https:\/\/www.cordobatimes.com\/deportes\/wp-content\/uploads\/2019\/06\/Arena_do_Gr\u00eamio_2014-1920x1031.jpg 1920w\" sizes=\"auto, (max-width: 4098px) 100vw, 4098px\" \/><figcaption id=\"caption-attachment-41710\" class=\"wp-caption-text\">El exterior del arena<\/figcaption><\/figure>\n<p>Esta ubicado en la Av. Padre Leopoldo Brentano 110, muy cerca al aeropuerto Salgado Filho.<\/p>\n<p>&nbsp;<\/p>\n<p><iframe loading=\"lazy\" title=\"Arena Do Gr\u00eamio, Porto Alegre\" width=\"696\" height=\"392\" src=\"https:\/\/www.youtube.com\/embed\/bH4KhArvosw?feature=oembed\" frameborder=\"0\" allow=\"accelerometer; autoplay; encrypted-media; gyroscope; picture-in-picture\" allowfullscreen><\/iframe><\/p>\n<h4><strong>Que partidos recibir\u00e1<\/strong><\/h4>\n<p>Aqu\u00ed la Selecci\u00f3n Argentina cerrar\u00e1 su participaci\u00f3n en la fase de grupos enfrentando a Qatar el 23\/6. Anteriormente jugar\u00e1n\u00a015\/6\u00a0 Venezuela vs Per\u00fa por el grupo A. Luego el<br \/>\n20\/6 Uruguay y Jap\u00f3n animar\u00e1n el grupo C. El 27\/6 habr\u00e1 un cotejo correspondiente a los cuartos de final. Y finalmente el 3\/7 tendr\u00e1 una semifinal.<\/p>\n<figure id=\"attachment_41711\" aria-describedby=\"caption-attachment-41711\" style=\"width: 818px\" class=\"wp-caption alignnone\"><img loading=\"lazy\" decoding=\"async\" class=\"size-full wp-image-41711\" src=\"https:\/\/www.cordobatimes.com\/deportes\/wp-content\/uploads\/2019\/06\/818x460_180829130242_24700.jpg\" alt=\"\" width=\"818\" height=\"460\" srcset=\"https:\/\/www.cordobatimes.com\/deportes\/wp-content\/uploads\/2019\/06\/818x460_180829130242_24700.jpg 818w, https:\/\/www.cordobatimes.com\/deportes\/wp-content\/uploads\/2019\/06\/818x460_180829130242_24700-300x169.jpg 300w, https:\/\/www.cordobatimes.com\/deportes\/wp-content\/uploads\/2019\/06\/818x460_180829130242_24700-768x432.jpg 768w, https:\/\/www.cordobatimes.com\/deportes\/wp-content\/uploads\/2019\/06\/818x460_180829130242_24700-696x391.jpg 696w, https:\/\/www.cordobatimes.com\/deportes\/wp-content\/uploads\/2019\/06\/818x460_180829130242_24700-747x420.jpg 747w\" sizes=\"auto, (max-width: 818px) 100vw, 818px\" \/><figcaption id=\"caption-attachment-41711\" class=\"wp-caption-text\">Vista a\u00e9rea y nocturna<\/figcaption><\/figure>\n<h4><strong>Como llegar<\/strong><\/h4>\n<p>La forma mas f\u00e1cil es utilizar el metro que va a la estaci\u00f3n Anchieta.<\/p>\n","protected":false},"excerpt":{"rendered":"<p>Es el recinto mas moderno del pr\u00f3ximo torneo continental de selecciones. Fue construido desde cero. Esta en Porto Alegre.\u00a0 Este escenario fue inaugurado el 8 de diciembre del 2012 en un partido que disput\u00f3 Gremio, equipo due\u00f1o del estadio, contra el Hamburgo alem\u00e1n. Aquel partido acabo 2-1 a favor del local y fue el de [&hellip;]<\/p>\n","protected":false},"author":37,"featured_media":41710,"comment_status":"closed","ping_status":"closed","sticky":false,"template":"","format":"standard","meta":{"_seopress_robots_primary_cat":"none","_seopress_titles_title":"","_seopress_titles_desc":"","_seopress_robots_index":"","footnotes":""},"categories":[7566,2],"tags":[7870,125,7807,462,4381,7112,1389,7872,7869,3243,2141,7844,542,7871,316],"class_list":["post-41704","post","type-post","status-publish","format-standard","has-post-thumbnail","hentry","category-copa-america-2019","category-futbol","tag-arena-do-gremio","tag-brasil","tag-brasil-copa-america","tag-colombia","tag-copa-america","tag-copa-america-2019","tag-gremio","tag-grenal","tag-japan","tag-japon","tag-porto-alegre","tag-sedes-copa-america","tag-seleccion-argentina","tag-tricolor","tag-uruguay"],"_links":{"self":[{"href":"https:\/\/www.cordobatimes.com\/deportes\/wp-json\/wp\/v2\/posts\/41704","targetHints":{"allow":["GET"]}}],"collection":[{"href":"https:\/\/www.cordobatimes.com\/deportes\/wp-json\/wp\/v2\/posts"}],"about":[{"href":"https:\/\/www.cordobatimes.com\/deportes\/wp-json\/wp\/v2\/types\/post"}],"author":[{"embeddable":true,"href":"https:\/\/www.cordobatimes.com\/deportes\/wp-json\/wp\/v2\/users\/37"}],"replies":[{"embeddable":true,"href":"https:\/\/www.cordobatimes.com\/deportes\/wp-json\/wp\/v2\/comments?post=41704"}],"version-history":[{"count":0,"href":"https:\/\/www.cordobatimes.com\/deportes\/wp-json\/wp\/v2\/posts\/41704\/revisions"}],"wp:featuredmedia":[{"embeddable":true,"href":"https:\/\/www.cordobatimes.com\/deportes\/wp-json\/wp\/v2\/media\/41710"}],"wp:attachment":[{"href":"https:\/\/www.cordobatimes.com\/deportes\/wp-json\/wp\/v2\/media?parent=41704"}],"wp:term":[{"taxonomy":"category","embeddable":true,"href":"https:\/\/www.cordobatimes.com\/deportes\/wp-json\/wp\/v2\/categories?post=41704"},{"taxonomy":"post_tag","embeddable":true,"href":"https:\/\/www.cordobatimes.com\/deportes\/wp-json\/wp\/v2\/tags?post=41704"}],"curies":[{"name":"wp","href":"https:\/\/api.w.org\/{rel}","templated":true}]}}