{"id":41582,"date":"2019-06-10T19:01:26","date_gmt":"2019-06-10T22:01:26","guid":{"rendered":"https:\/\/www.cordobatimes.com\/deportes\/?p=41582"},"modified":"2019-06-09T19:52:32","modified_gmt":"2019-06-09T22:52:32","slug":"conocemos-los-estadios-de-la-copa-america-2019-hoy-el-arena-fonte-nova","status":"publish","type":"post","link":"https:\/\/www.cordobatimes.com\/deportes\/futbol\/2019\/06\/10\/conocemos-los-estadios-de-la-copa-america-2019-hoy-el-arena-fonte-nova\/","title":{"rendered":"Conocemos los estadios de la Copa Am\u00e9rica 2019: hoy el Arena Fonte Nova"},"content":{"rendered":"<h3><strong>Esta ubicado en la ciudad de Salvador de Bah\u00eda, al noreste brasilero. Aqu\u00ed debutar\u00e1 Argentina.\u00a0<\/strong><\/h3>\n<p>Una ciudad que tiene mas de 3 millones de habitantes, deb\u00eda tener un estadio acorde a ello. El Arena Fonte Nova cuenta con 55 mil lugares y es otro de los escenarios que fue remodelado para el mundial 2014.<\/p>\n<p><iframe loading=\"lazy\" title=\"Los estadios del Mundial: el Arena Fonte Nova\" width=\"696\" height=\"392\" src=\"https:\/\/www.youtube.com\/embed\/ZFPnPq_i-_Q?feature=oembed\" frameborder=\"0\" allow=\"accelerometer; autoplay; encrypted-media; gyroscope; picture-in-picture\" allowfullscreen><\/iframe><\/p>\n<p>Fue inaugurado en 1951 y es propiedad del gobierno del Estado de Bah\u00eda. Esta ubicado a 3 km. del casco hist\u00f3rico de la ciudad en Ladeira da Fonte das Pedras, s\/n &#8211; Nazar\u00e9. Comenz\u00f3 su reconstrucci\u00f3n en 2010 luego que el estado llame a licitaci\u00f3n para su remodelaci\u00f3n.<\/p>\n<figure id=\"attachment_41600\" aria-describedby=\"caption-attachment-41600\" style=\"width: 789px\" class=\"wp-caption alignnone\"><img loading=\"lazy\" decoding=\"async\" class=\"size-full wp-image-41600\" src=\"https:\/\/www.cordobatimes.com\/deportes\/wp-content\/uploads\/2019\/06\/arena_fonte_nova.jpg\" alt=\"\" width=\"789\" height=\"440\" srcset=\"https:\/\/www.cordobatimes.com\/deportes\/wp-content\/uploads\/2019\/06\/arena_fonte_nova.jpg 789w, https:\/\/www.cordobatimes.com\/deportes\/wp-content\/uploads\/2019\/06\/arena_fonte_nova-300x167.jpg 300w, https:\/\/www.cordobatimes.com\/deportes\/wp-content\/uploads\/2019\/06\/arena_fonte_nova-768x428.jpg 768w, https:\/\/www.cordobatimes.com\/deportes\/wp-content\/uploads\/2019\/06\/arena_fonte_nova-696x388.jpg 696w, https:\/\/www.cordobatimes.com\/deportes\/wp-content\/uploads\/2019\/06\/arena_fonte_nova-753x420.jpg 753w\" sizes=\"auto, (max-width: 789px) 100vw, 789px\" \/><figcaption id=\"caption-attachment-41600\" class=\"wp-caption-text\">El Fonte Nova desde adentro<\/figcaption><\/figure>\n<p>La idea era hacer algo moderno, por lo cual si o si el techo deb\u00eda estar techado. Buscaron optimizar el us\u00f3 de materiales lo que hace que sea el estadio mas ligero del mundo. El edificio tiene forma de herradura y una apertura sobre la cabecera que da al Dique Toror\u00f3.<\/p>\n<figure id=\"attachment_41602\" aria-describedby=\"caption-attachment-41602\" style=\"width: 1600px\" class=\"wp-caption alignnone\"><img loading=\"lazy\" decoding=\"async\" class=\"size-full wp-image-41602\" src=\"https:\/\/www.cordobatimes.com\/deportes\/wp-content\/uploads\/2019\/06\/2016-07-25riofontenova-arena02_yxa9grwo4vbk1pmvwd5t8ii00.jpg\" alt=\"\" width=\"1600\" height=\"1064\" srcset=\"https:\/\/www.cordobatimes.com\/deportes\/wp-content\/uploads\/2019\/06\/2016-07-25riofontenova-arena02_yxa9grwo4vbk1pmvwd5t8ii00.jpg 1600w, https:\/\/www.cordobatimes.com\/deportes\/wp-content\/uploads\/2019\/06\/2016-07-25riofontenova-arena02_yxa9grwo4vbk1pmvwd5t8ii00-300x200.jpg 300w, https:\/\/www.cordobatimes.com\/deportes\/wp-content\/uploads\/2019\/06\/2016-07-25riofontenova-arena02_yxa9grwo4vbk1pmvwd5t8ii00-768x511.jpg 768w, https:\/\/www.cordobatimes.com\/deportes\/wp-content\/uploads\/2019\/06\/2016-07-25riofontenova-arena02_yxa9grwo4vbk1pmvwd5t8ii00-1024x681.jpg 1024w, https:\/\/www.cordobatimes.com\/deportes\/wp-content\/uploads\/2019\/06\/2016-07-25riofontenova-arena02_yxa9grwo4vbk1pmvwd5t8ii00-696x463.jpg 696w, https:\/\/www.cordobatimes.com\/deportes\/wp-content\/uploads\/2019\/06\/2016-07-25riofontenova-arena02_yxa9grwo4vbk1pmvwd5t8ii00-1068x710.jpg 1068w, https:\/\/www.cordobatimes.com\/deportes\/wp-content\/uploads\/2019\/06\/2016-07-25riofontenova-arena02_yxa9grwo4vbk1pmvwd5t8ii00-632x420.jpg 632w\" sizes=\"auto, (max-width: 1600px) 100vw, 1600px\" \/><figcaption id=\"caption-attachment-41602\" class=\"wp-caption-text\">Arena Fonte Nova<\/figcaption><\/figure>\n<p>Aqu\u00ed hacen de local el Sport Club Bah\u00eda y el Vitoria Bah\u00eda. Alberg\u00f3 encuentros de la Copa Confederaciones 2013, los juegos ol\u00edmpicos 2016, ademas de partidos por el campeonato local.<\/p>\n<h4><strong>Quienes jugar\u00e1n en el Fonte Nova<\/strong><\/h4>\n<p>La Selecci\u00f3n Argentina, con Messi a la cabeza, har\u00e1 su debut el 15\/6 por el grupo B ante Colombia. Luego recibir\u00e1 a Brasil y Venezuela el 18\/6. El 21\/6 Chile y Ecuador animar\u00e1n un encuentro por el grupo C. Colombia volver\u00e1 a Salvador para jugar contra Paraguay el 23\/6. Y por ultimo cerrara su us\u00f3 el 29\/6 con un cotejo por cuartos de final.<\/p>\n<p><iframe loading=\"lazy\" title=\"Conhe\u00e7a detalhes da Arena Fonte Nova\" width=\"696\" height=\"392\" src=\"https:\/\/www.youtube.com\/embed\/Dd59yWk1dYM?feature=oembed\" frameborder=\"0\" allow=\"accelerometer; autoplay; encrypted-media; gyroscope; picture-in-picture\" allowfullscreen><\/iframe><\/p>\n<h4><strong>Como llegar<\/strong><\/h4>\n<p>Desde la inauguraci\u00f3n de la estaci\u00f3n de Metro de Campo da P\u00f3lvora, se torn\u00f3 una de las mejores opciones para llegar a la Arena Fonte Nova, en especial para quien vive lejos del Centro. La l\u00ednea 2 ya funciona hasta la estaci\u00f3n 13 CONMEBOL COPA AM\u00c9RICA BRASIL 2019 Aeropuerto.<\/p>\n<p>A partir de esta l\u00ednea, es preciso hacer una conexi\u00f3n para la l\u00ednea 1, en la estaci\u00f3n Acceso Norte, y seguir hasta Campo da P\u00f3lvora. La estaci\u00f3n est\u00e1 a aproximadamente a 600m del estadio. A partir de all\u00ed, las entradas de la Ladeira da Fonte das Pedras es la m\u00e1s pr\u00f3xima, de cualquier forma, hasta el Dique el acceso tambi\u00e9n es f\u00e1cil.<\/p>\n","protected":false},"excerpt":{"rendered":"<p>Esta ubicado en la ciudad de Salvador de Bah\u00eda, al noreste brasilero. Aqu\u00ed debutar\u00e1 Argentina.\u00a0 Una ciudad que tiene mas de 3 millones de habitantes, deb\u00eda tener un estadio acorde a ello. El Arena Fonte Nova cuenta con 55 mil lugares y es otro de los escenarios que fue remodelado para el mundial 2014. Fue [&hellip;]<\/p>\n","protected":false},"author":37,"featured_media":41603,"comment_status":"closed","ping_status":"closed","sticky":false,"template":"","format":"standard","meta":{"_seopress_robots_primary_cat":"none","_seopress_titles_title":"","_seopress_titles_desc":"","_seopress_robots_index":"","footnotes":""},"categories":[7566,2],"tags":[7845,3809,4381,7112,7831,7843,7844],"class_list":["post-41582","post","type-post","status-publish","format-standard","has-post-thumbnail","hentry","category-copa-america-2019","category-futbol","tag-arena-fonte-nova","tag-bahia","tag-copa-america","tag-copa-america-2019","tag-copa-america-brasil","tag-salvador","tag-sedes-copa-america"],"_links":{"self":[{"href":"https:\/\/www.cordobatimes.com\/deportes\/wp-json\/wp\/v2\/posts\/41582","targetHints":{"allow":["GET"]}}],"collection":[{"href":"https:\/\/www.cordobatimes.com\/deportes\/wp-json\/wp\/v2\/posts"}],"about":[{"href":"https:\/\/www.cordobatimes.com\/deportes\/wp-json\/wp\/v2\/types\/post"}],"author":[{"embeddable":true,"href":"https:\/\/www.cordobatimes.com\/deportes\/wp-json\/wp\/v2\/users\/37"}],"replies":[{"embeddable":true,"href":"https:\/\/www.cordobatimes.com\/deportes\/wp-json\/wp\/v2\/comments?post=41582"}],"version-history":[{"count":0,"href":"https:\/\/www.cordobatimes.com\/deportes\/wp-json\/wp\/v2\/posts\/41582\/revisions"}],"wp:featuredmedia":[{"embeddable":true,"href":"https:\/\/www.cordobatimes.com\/deportes\/wp-json\/wp\/v2\/media\/41603"}],"wp:attachment":[{"href":"https:\/\/www.cordobatimes.com\/deportes\/wp-json\/wp\/v2\/media?parent=41582"}],"wp:term":[{"taxonomy":"category","embeddable":true,"href":"https:\/\/www.cordobatimes.com\/deportes\/wp-json\/wp\/v2\/categories?post=41582"},{"taxonomy":"post_tag","embeddable":true,"href":"https:\/\/www.cordobatimes.com\/deportes\/wp-json\/wp\/v2\/tags?post=41582"}],"curies":[{"name":"wp","href":"https:\/\/api.w.org\/{rel}","templated":true}]}}