{"id":41299,"date":"2019-06-04T00:12:20","date_gmt":"2019-06-04T03:12:20","guid":{"rendered":"https:\/\/www.cordobatimes.com\/deportes\/?p=41299"},"modified":"2019-06-04T00:12:20","modified_gmt":"2019-06-04T03:12:20","slug":"instituto-debera-cerrar-los-cuartos-de-final-en-casa","status":"publish","type":"post","link":"https:\/\/www.cordobatimes.com\/deportes\/basquet\/2019\/06\/04\/instituto-debera-cerrar-los-cuartos-de-final-en-casa\/","title":{"rendered":"Instituto deber\u00e1 cerrar los cuartos de final en casa"},"content":{"rendered":"<h3><strong>No pudo cerrar la serie y obtener su pase a semis de la Liga Nacional de B\u00e1squet. El quinto punto ser\u00e1 en C\u00f3rdoba.<\/strong><\/h3>\n<p>Instituto Atl\u00e9tico Central C\u00f3rdoba perdi\u00f3 en la noche del lunes contra Regatas, en Corrientes, por 98-83. De esta manera sufri\u00f3 su segunda derrota consecutiva y los cuartos de final quedaron empatados en 2-2. El mi\u00e9rcoles disputar\u00e1n el punto decisivo buscando la pr\u00f3xima instancia.<\/p>\n<figure id=\"attachment_41304\" aria-describedby=\"caption-attachment-41304\" style=\"width: 1280px\" class=\"wp-caption alignnone\"><img loading=\"lazy\" decoding=\"async\" class=\"size-full wp-image-41304\" src=\"https:\/\/www.cordobatimes.com\/deportes\/wp-content\/uploads\/2019\/06\/D8LwhckWkAIiBRD.jpg\" alt=\"\" width=\"1280\" height=\"1081\" srcset=\"https:\/\/www.cordobatimes.com\/deportes\/wp-content\/uploads\/2019\/06\/D8LwhckWkAIiBRD.jpg 1280w, https:\/\/www.cordobatimes.com\/deportes\/wp-content\/uploads\/2019\/06\/D8LwhckWkAIiBRD-300x253.jpg 300w, https:\/\/www.cordobatimes.com\/deportes\/wp-content\/uploads\/2019\/06\/D8LwhckWkAIiBRD-768x649.jpg 768w, https:\/\/www.cordobatimes.com\/deportes\/wp-content\/uploads\/2019\/06\/D8LwhckWkAIiBRD-1024x865.jpg 1024w, https:\/\/www.cordobatimes.com\/deportes\/wp-content\/uploads\/2019\/06\/D8LwhckWkAIiBRD-696x588.jpg 696w, https:\/\/www.cordobatimes.com\/deportes\/wp-content\/uploads\/2019\/06\/D8LwhckWkAIiBRD-1068x902.jpg 1068w, https:\/\/www.cordobatimes.com\/deportes\/wp-content\/uploads\/2019\/06\/D8LwhckWkAIiBRD-497x420.jpg 497w\" sizes=\"auto, (max-width: 1280px) 100vw, 1280px\" \/><figcaption id=\"caption-attachment-41304\" class=\"wp-caption-text\">Prensa IACC<\/figcaption><\/figure>\n<p>La Gloria no logr\u00f3 arrebatar el punto de visitante que le permitiera pasar de ronda, ya que el s\u00e1bado tambi\u00e9n perdi\u00f3, por lo que deber\u00e1 apostar a su racha de local y cerrar la historia en el Sandr\u00edn.<\/p>\n<p>El marcador nunca encontr\u00f3 arriba a los cordobeses. El primer tiempo termin\u00f3 43-39, apenas unos puntos debajo por lo que no perd\u00eda la ilusi\u00f3n. El tercer cuarto sigui\u00f3 en la misma t\u00f3nica con un 64-59, hasta que al final el partido se rompi\u00f3 y jam\u00e1s logro encontrarle la vuelta.<\/p>\n<div style=\"width: 640px;\" class=\"wp-video\"><video class=\"wp-video-shortcode\" id=\"video-41299-1\" width=\"640\" height=\"360\" preload=\"metadata\" controls=\"controls\"><source type=\"video\/mp4\" src=\"https:\/\/www.cordobatimes.com\/deportes\/wp-content\/uploads\/2019\/06\/l3v5QV6sAIs9q23u.mp4?_=1\" \/><a href=\"https:\/\/www.cordobatimes.com\/deportes\/wp-content\/uploads\/2019\/06\/l3v5QV6sAIs9q23u.mp4\">https:\/\/www.cordobatimes.com\/deportes\/wp-content\/uploads\/2019\/06\/l3v5QV6sAIs9q23u.mp4<\/a><\/video><\/div>\n<p>Una de las razones de esta derrota, puede ser la baja producci\u00f3n de Luciano Gonz\u00e1lez con <strong>12 pts<\/strong>., al igual que la de Green con que tan solo encesto un simple. Ambos permanecieron mas de 20 minutos en cancha. El m\u00e1ximo anotador fue Santiago Escala con <strong>23 pts<\/strong>.<\/p>\n<div style=\"width: 640px;\" class=\"wp-video\"><video class=\"wp-video-shortcode\" id=\"video-41299-2\" width=\"640\" height=\"360\" preload=\"metadata\" controls=\"controls\"><source type=\"video\/mp4\" src=\"https:\/\/www.cordobatimes.com\/deportes\/wp-content\/uploads\/2019\/06\/Y54fEU8AMlbG6MTQ.mp4?_=2\" \/><a href=\"https:\/\/www.cordobatimes.com\/deportes\/wp-content\/uploads\/2019\/06\/Y54fEU8AMlbG6MTQ.mp4\">https:\/\/www.cordobatimes.com\/deportes\/wp-content\/uploads\/2019\/06\/Y54fEU8AMlbG6MTQ.mp4<\/a><\/video><\/div>\n","protected":false},"excerpt":{"rendered":"<p>No pudo cerrar la serie y obtener su pase a semis de la Liga Nacional de B\u00e1squet. El quinto punto ser\u00e1 en C\u00f3rdoba. Instituto Atl\u00e9tico Central C\u00f3rdoba perdi\u00f3 en la noche del lunes contra Regatas, en Corrientes, por 98-83. De esta manera sufri\u00f3 su segunda derrota consecutiva y los cuartos de final quedaron empatados en [&hellip;]<\/p>\n","protected":false},"author":37,"featured_media":41307,"comment_status":"closed","ping_status":"closed","sticky":false,"template":"","format":"standard","meta":{"_seopress_robots_primary_cat":"none","_seopress_titles_title":"","_seopress_titles_desc":"","_seopress_robots_index":"","footnotes":""},"categories":[3,6929],"tags":[6814,7663,35,7032,2727,7392],"class_list":["post-41299","post","type-post","status-publish","format-standard","has-post-thumbnail","hentry","category-basquet","category-liga-nacional","tag-como-salio-instituto","tag-cuartos-de-final-de-la-liga-nacional-de-basquet","tag-instituto","tag-instituto-basquet","tag-playoffs-cuartos-de-final","tag-playoffs-de-la-liga-nacional-de-basquet"],"_links":{"self":[{"href":"https:\/\/www.cordobatimes.com\/deportes\/wp-json\/wp\/v2\/posts\/41299","targetHints":{"allow":["GET"]}}],"collection":[{"href":"https:\/\/www.cordobatimes.com\/deportes\/wp-json\/wp\/v2\/posts"}],"about":[{"href":"https:\/\/www.cordobatimes.com\/deportes\/wp-json\/wp\/v2\/types\/post"}],"author":[{"embeddable":true,"href":"https:\/\/www.cordobatimes.com\/deportes\/wp-json\/wp\/v2\/users\/37"}],"replies":[{"embeddable":true,"href":"https:\/\/www.cordobatimes.com\/deportes\/wp-json\/wp\/v2\/comments?post=41299"}],"version-history":[{"count":0,"href":"https:\/\/www.cordobatimes.com\/deportes\/wp-json\/wp\/v2\/posts\/41299\/revisions"}],"wp:featuredmedia":[{"embeddable":true,"href":"https:\/\/www.cordobatimes.com\/deportes\/wp-json\/wp\/v2\/media\/41307"}],"wp:attachment":[{"href":"https:\/\/www.cordobatimes.com\/deportes\/wp-json\/wp\/v2\/media?parent=41299"}],"wp:term":[{"taxonomy":"category","embeddable":true,"href":"https:\/\/www.cordobatimes.com\/deportes\/wp-json\/wp\/v2\/categories?post=41299"},{"taxonomy":"post_tag","embeddable":true,"href":"https:\/\/www.cordobatimes.com\/deportes\/wp-json\/wp\/v2\/tags?post=41299"}],"curies":[{"name":"wp","href":"https:\/\/api.w.org\/{rel}","templated":true}]}}