{"id":41269,"date":"2019-06-03T01:04:02","date_gmt":"2019-06-03T04:04:02","guid":{"rendered":"https:\/\/www.cordobatimes.com\/deportes\/?p=41269"},"modified":"2019-06-03T01:06:06","modified_gmt":"2019-06-03T04:06:06","slug":"roland-garros-nadal-y-federer-culminaron-con-los-suenos-de-londero-y-mayer","status":"publish","type":"post","link":"https:\/\/www.cordobatimes.com\/deportes\/tenis\/2019\/06\/03\/roland-garros-nadal-y-federer-culminaron-con-los-suenos-de-londero-y-mayer\/","title":{"rendered":"Roland Garros: Nadal y Federer culminaron con los sue\u00f1os de Londero Y Mayer"},"content":{"rendered":"<h3><strong>Los argentinos cayeron en octavos de final frente a dos de los principales favoritos en Par\u00eds-Bercy. El espa\u00f1ol Rafael Nadal super\u00f3 a Juan Ignacio Londero y el suizo Roger Federer hizo lo propio contra el correntino Leonardo Mayer.<\/strong><\/h3>\n<p>El cordob\u00e9s finaliz\u00f3 una gran semana tras caer con el tenista de Manacor luego de dos horas y trece minutos de partido por 6-2, 6-3 y 6-3. El encuentro disputado en la Philippe-Chatrier tuvo como claro dominador de las estad\u00edsticas al n\u00famero dos del mundo, con un 71% de efectividad de primeros servicios, consiguiendo seis quiebres sobre las doce oportunidades con las que cont\u00f3. Tambi\u00e9n logr\u00f3 diecisiete tiros ganadores m\u00e1s (40 sobre 23) y cometi\u00f3 cinco errores forzados menos que el topo (25 sobre 30).<\/p>\n<div style=\"width: 640px;\" class=\"wp-video\"><video class=\"wp-video-shortcode\" id=\"video-41269-1\" width=\"640\" height=\"360\" preload=\"metadata\" controls=\"controls\"><source type=\"video\/mp4\" src=\"https:\/\/video.twimg.com\/amplify_video\/1135249529958100993\/vid\/640x360\/2LHSep0RHLoM6Iwy.mp4?_=1\" \/><a href=\"https:\/\/video.twimg.com\/amplify_video\/1135249529958100993\/vid\/640x360\/2LHSep0RHLoM6Iwy.mp4\">https:\/\/video.twimg.com\/amplify_video\/1135249529958100993\/vid\/640x360\/2LHSep0RHLoM6Iwy.mp4<\/a><\/video><\/div>\n<p>Exactamente un a\u00f1o atr\u00e1s, el de Jes\u00fas Mar\u00eda, se ubicaba en el puesto 363\u00b0 del ranking mundial. A partir de su llegada hasta los octavos de final, en la pr\u00f3xima actualizaci\u00f3n figurar\u00e1 en el puesto 58\u00b0. Sin dudas, esta temporada es la mejor de su carrera y as\u00ed lo refleja el gran salto que peg\u00f3 en el escalaf\u00f3n.<\/p>\n<p>Por otra parte, el tenista de Corrientes, se despidi\u00f3 del certamen tras ser superado por su majestad por 6-2, 6-3 y 6-3 en 1h 42m de juego. En declaraciones despu\u00e9s del partido, Mayer confes\u00f3: \u201cSi jug\u00e1bamos 20 sets hoy, no le ganaba ni uno\u201d. Desde los n\u00fameros, el suizo obtuvo 13 winners m\u00e1s (30 sobre 17) y se equivoc\u00f3 en doce ocasiones menos que su rival (19 sobre 31).<\/p>\n<div style=\"width: 640px;\" class=\"wp-video\"><video class=\"wp-video-shortcode\" id=\"video-41269-2\" width=\"640\" height=\"360\" preload=\"metadata\" controls=\"controls\"><source type=\"video\/mp4\" src=\"https:\/\/video.twimg.com\/amplify_video\/1135175873831694336\/vid\/640x360\/embQg0AzWJZD49eb.mp4?_=2\" \/><a href=\"https:\/\/video.twimg.com\/amplify_video\/1135175873831694336\/vid\/640x360\/embQg0AzWJZD49eb.mp4\">https:\/\/video.twimg.com\/amplify_video\/1135175873831694336\/vid\/640x360\/embQg0AzWJZD49eb.mp4<\/a><\/video><\/div>\n<p>De esta manera, el \u00fanico argentino que a\u00fan sigue con vida en individuales en el abierto de Par\u00eds, es Juan Mart\u00edn Del Potro, qui\u00e9n disputar\u00e1 el choque por octavos de final frente al ruso Karen Kachanov, a las 11:00hs de la jornada de este lunes.<\/p>\n<p><img loading=\"lazy\" decoding=\"async\" class=\"alignnone wp-image-41276 \" src=\"https:\/\/www.cordobatimes.com\/deportes\/wp-content\/uploads\/2019\/06\/horario-delpo.jpg\" alt=\"\" width=\"594\" height=\"592\" srcset=\"https:\/\/www.cordobatimes.com\/deportes\/wp-content\/uploads\/2019\/06\/horario-delpo.jpg 594w, https:\/\/www.cordobatimes.com\/deportes\/wp-content\/uploads\/2019\/06\/horario-delpo-300x300.jpg 300w, https:\/\/www.cordobatimes.com\/deportes\/wp-content\/uploads\/2019\/06\/horario-delpo-421x420.jpg 421w\" sizes=\"auto, (max-width: 594px) 100vw, 594px\" \/><\/p>\n","protected":false},"excerpt":{"rendered":"<p>Los argentinos cayeron en octavos de final frente a dos de los principales favoritos en Par\u00eds-Bercy. El espa\u00f1ol Rafael Nadal super\u00f3 a Juan Ignacio Londero y el suizo Roger Federer hizo lo propio contra el correntino Leonardo Mayer. El cordob\u00e9s finaliz\u00f3 una gran semana tras caer con el tenista de Manacor luego de dos horas [&hellip;]<\/p>\n","protected":false},"author":36,"featured_media":41274,"comment_status":"closed","ping_status":"closed","sticky":false,"template":"","format":"standard","meta":{"_seopress_robots_primary_cat":"none","_seopress_titles_title":"","_seopress_titles_desc":"","_seopress_robots_index":"","footnotes":""},"categories":[4],"tags":[7103,1528,7747,433,377,3018,6385],"class_list":["post-41269","post","type-post","status-publish","format-standard","has-post-thumbnail","hentry","category-tenis","tag-londero","tag-mayer","tag-octavosdefinal","tag-rafael-nadal","tag-roger-federer","tag-roland-garros","tag-su-majestad"],"_links":{"self":[{"href":"https:\/\/www.cordobatimes.com\/deportes\/wp-json\/wp\/v2\/posts\/41269","targetHints":{"allow":["GET"]}}],"collection":[{"href":"https:\/\/www.cordobatimes.com\/deportes\/wp-json\/wp\/v2\/posts"}],"about":[{"href":"https:\/\/www.cordobatimes.com\/deportes\/wp-json\/wp\/v2\/types\/post"}],"author":[{"embeddable":true,"href":"https:\/\/www.cordobatimes.com\/deportes\/wp-json\/wp\/v2\/users\/36"}],"replies":[{"embeddable":true,"href":"https:\/\/www.cordobatimes.com\/deportes\/wp-json\/wp\/v2\/comments?post=41269"}],"version-history":[{"count":0,"href":"https:\/\/www.cordobatimes.com\/deportes\/wp-json\/wp\/v2\/posts\/41269\/revisions"}],"wp:featuredmedia":[{"embeddable":true,"href":"https:\/\/www.cordobatimes.com\/deportes\/wp-json\/wp\/v2\/media\/41274"}],"wp:attachment":[{"href":"https:\/\/www.cordobatimes.com\/deportes\/wp-json\/wp\/v2\/media?parent=41269"}],"wp:term":[{"taxonomy":"category","embeddable":true,"href":"https:\/\/www.cordobatimes.com\/deportes\/wp-json\/wp\/v2\/categories?post=41269"},{"taxonomy":"post_tag","embeddable":true,"href":"https:\/\/www.cordobatimes.com\/deportes\/wp-json\/wp\/v2\/tags?post=41269"}],"curies":[{"name":"wp","href":"https:\/\/api.w.org\/{rel}","templated":true}]}}