{"id":41192,"date":"2019-05-31T19:00:32","date_gmt":"2019-05-31T22:00:32","guid":{"rendered":"https:\/\/www.cordobatimes.com\/deportes\/?p=41192"},"modified":"2019-05-31T19:04:31","modified_gmt":"2019-05-31T22:04:31","slug":"arranca-una-nueva-fecha-del-campeonato-provincial-de-bmx","status":"publish","type":"post","link":"https:\/\/www.cordobatimes.com\/deportes\/polideportivo\/2019\/05\/31\/arranca-una-nueva-fecha-del-campeonato-provincial-de-bmx\/","title":{"rendered":"Arranca una nueva fecha del Campeonato Provincial de BMX"},"content":{"rendered":"<h3><strong>Ser\u00e1 este fin de semana en la ciudad de Alta Gracia.\u00a0<\/strong><\/h3>\n<p>El domingo 2 de junio la ciudad que pertenece al Valle de Paravachasca, recibir\u00e1 la tercer fecha del Campeonato Provincial de BMX (Bici Cross). La cita es en la Pista Municipal de Alta Gracia.<\/p>\n<figure id=\"attachment_41197\" aria-describedby=\"caption-attachment-41197\" style=\"width: 640px\" class=\"wp-caption alignnone\"><img loading=\"lazy\" decoding=\"async\" class=\"size-full wp-image-41197\" src=\"https:\/\/www.cordobatimes.com\/deportes\/wp-content\/uploads\/2019\/05\/bici-cross.jpg\" alt=\"\" width=\"640\" height=\"472\" srcset=\"https:\/\/www.cordobatimes.com\/deportes\/wp-content\/uploads\/2019\/05\/bici-cross.jpg 640w, https:\/\/www.cordobatimes.com\/deportes\/wp-content\/uploads\/2019\/05\/bici-cross-300x221.jpg 300w, https:\/\/www.cordobatimes.com\/deportes\/wp-content\/uploads\/2019\/05\/bici-cross-80x60.jpg 80w, https:\/\/www.cordobatimes.com\/deportes\/wp-content\/uploads\/2019\/05\/bici-cross-569x420.jpg 569w\" sizes=\"auto, (max-width: 640px) 100vw, 640px\" \/><figcaption id=\"caption-attachment-41197\" class=\"wp-caption-text\">Carrera de Bici Cross<\/figcaption><\/figure>\n<p>En el encuentro asistir\u00e1n deportistas de varios puntos de la provincia. La competencia tendr\u00e1 categor\u00eda femenina y masculina. Los ganadores sumar\u00e1n puntos para la tabla general.<\/p>\n<figure id=\"attachment_41199\" aria-describedby=\"caption-attachment-41199\" style=\"width: 604px\" class=\"wp-caption alignnone\"><img loading=\"lazy\" decoding=\"async\" class=\"size-full wp-image-41199\" src=\"https:\/\/www.cordobatimes.com\/deportes\/wp-content\/uploads\/2019\/05\/23795738_737427823114799_9081993376486560629_n-e1559339772242.jpg\" alt=\"\" width=\"604\" height=\"439\" srcset=\"https:\/\/www.cordobatimes.com\/deportes\/wp-content\/uploads\/2019\/05\/23795738_737427823114799_9081993376486560629_n-e1559339772242.jpg 604w, https:\/\/www.cordobatimes.com\/deportes\/wp-content\/uploads\/2019\/05\/23795738_737427823114799_9081993376486560629_n-e1559339772242-300x218.jpg 300w, https:\/\/www.cordobatimes.com\/deportes\/wp-content\/uploads\/2019\/05\/23795738_737427823114799_9081993376486560629_n-e1559339772242-324x235.jpg 324w, https:\/\/www.cordobatimes.com\/deportes\/wp-content\/uploads\/2019\/05\/23795738_737427823114799_9081993376486560629_n-e1559339772242-578x420.jpg 578w\" sizes=\"auto, (max-width: 604px) 100vw, 604px\" \/><figcaption id=\"caption-attachment-41199\" class=\"wp-caption-text\">Bici Cross<\/figcaption><\/figure>\n<h4><strong>Categor\u00edas que compiten\u00a0<\/strong><\/h4>\n<ul>\n<li><strong>Novicios 8<\/strong><\/li>\n<li><strong> Novicios 13<\/strong><\/li>\n<li><strong> Expertos 10 <\/strong><\/li>\n<li><strong>Expertos 11\u00a0<\/strong><\/li>\n<li><strong> Expertos 13<\/strong><\/li>\n<li><strong>Expertos 17 <\/strong><\/li>\n<li><strong>\u00c9lite\u00a0<\/strong><\/li>\n<\/ul>\n<p>La fecha anterior de este campeonato fue en General Deheza. Vale recordar que Alta Gracia tiene grandes referentes de este deporte como lo son Mateo Espejo o Facundo L\u00e1zaro.<\/p>\n<p><iframe loading=\"lazy\" title=\"Primer puesto para Mateo Espejo en el Campeonato Provincial de BMX\" width=\"696\" height=\"392\" src=\"https:\/\/www.youtube.com\/embed\/g3CHWS0-J1o?feature=oembed\" frameborder=\"0\" allow=\"accelerometer; autoplay; encrypted-media; gyroscope; picture-in-picture\" allowfullscreen><\/iframe><\/p>\n<h5><em>Fuente: Confederaci\u00f3n de Deportes de la Provincia de C\u00f3rdoba<\/em><\/h5>\n","protected":false},"excerpt":{"rendered":"<p>Ser\u00e1 este fin de semana en la ciudad de Alta Gracia.\u00a0 El domingo 2 de junio la ciudad que pertenece al Valle de Paravachasca, recibir\u00e1 la tercer fecha del Campeonato Provincial de BMX (Bici Cross). La cita es en la Pista Municipal de Alta Gracia. En el encuentro asistir\u00e1n deportistas de varios puntos de la [&hellip;]<\/p>\n","protected":false},"author":37,"featured_media":41198,"comment_status":"closed","ping_status":"closed","sticky":false,"template":"","format":"standard","meta":{"_seopress_robots_primary_cat":"none","_seopress_titles_title":"","_seopress_titles_desc":"","_seopress_robots_index":"","footnotes":""},"categories":[6],"tags":[636,7712,7713,5047],"class_list":["post-41192","post","type-post","status-publish","format-standard","has-post-thumbnail","hentry","category-polideportivo","tag-alta-gracia","tag-bici-cross","tag-campeonato-provincial","tag-provincia-de-cordoba"],"_links":{"self":[{"href":"https:\/\/www.cordobatimes.com\/deportes\/wp-json\/wp\/v2\/posts\/41192","targetHints":{"allow":["GET"]}}],"collection":[{"href":"https:\/\/www.cordobatimes.com\/deportes\/wp-json\/wp\/v2\/posts"}],"about":[{"href":"https:\/\/www.cordobatimes.com\/deportes\/wp-json\/wp\/v2\/types\/post"}],"author":[{"embeddable":true,"href":"https:\/\/www.cordobatimes.com\/deportes\/wp-json\/wp\/v2\/users\/37"}],"replies":[{"embeddable":true,"href":"https:\/\/www.cordobatimes.com\/deportes\/wp-json\/wp\/v2\/comments?post=41192"}],"version-history":[{"count":0,"href":"https:\/\/www.cordobatimes.com\/deportes\/wp-json\/wp\/v2\/posts\/41192\/revisions"}],"wp:featuredmedia":[{"embeddable":true,"href":"https:\/\/www.cordobatimes.com\/deportes\/wp-json\/wp\/v2\/media\/41198"}],"wp:attachment":[{"href":"https:\/\/www.cordobatimes.com\/deportes\/wp-json\/wp\/v2\/media?parent=41192"}],"wp:term":[{"taxonomy":"category","embeddable":true,"href":"https:\/\/www.cordobatimes.com\/deportes\/wp-json\/wp\/v2\/categories?post=41192"},{"taxonomy":"post_tag","embeddable":true,"href":"https:\/\/www.cordobatimes.com\/deportes\/wp-json\/wp\/v2\/tags?post=41192"}],"curies":[{"name":"wp","href":"https:\/\/api.w.org\/{rel}","templated":true}]}}