{"id":41031,"date":"2019-05-28T21:16:19","date_gmt":"2019-05-29T00:16:19","guid":{"rendered":"https:\/\/www.cordobatimes.com\/deportes\/?p=41031"},"modified":"2019-05-28T22:11:42","modified_gmt":"2019-05-29T01:11:42","slug":"mundial-sub20-argentina-gano-y-clasifico-a-octavos-de-final","status":"publish","type":"post","link":"https:\/\/www.cordobatimes.com\/deportes\/futbol\/2019\/05\/28\/mundial-sub20-argentina-gano-y-clasifico-a-octavos-de-final\/","title":{"rendered":"Mundial Sub20: Argentina gan\u00f3 y clasific\u00f3 a octavos de final"},"content":{"rendered":"<h3><strong>El seleccionado de Fernando Batista super\u00f3 una dura prueba frente a Portugal por 2-0 con goles de Nehu\u00e9n P\u00e9rez y Adolfo Gaich. De esta manera, la albiceleste se asegur\u00f3 un lugar en la siguiente ronda.<\/strong><\/h3>\n<p>Tras un debut prometedor con goleada 5-2 sobre Sud\u00e1frica, Argentina tuvo su segundo duelo en el Mundial juvenil. El rival de turno fue la selecci\u00f3n de Portugal que debut\u00f3 con victoria sobre Corea del Sur por 1-0. Luego de los resultados que se dieron al comienzo de la fecha, la albiceleste deb\u00eda ganar para clasificar a 8vos de final.<\/p>\n<p>El partido fue cerrado y con pocas llegadas. El primer tiempo se mantuvo en igualdad hasta que a los 32&#8242; se rompi\u00f3 el cero luego de un desborde de Juli\u00e1n \u00c1lvarez y asistencia para Adolfo Gaich que remat\u00f3 con un poco de fortuna y marc\u00f3 el 1-0. A partir de ah\u00ed Portugal sali\u00f3 en busca del gol del empate pero a falta de 4&#8242; para el final, Argentina encontr\u00f3 el segundo a trav\u00e9s de un tiro libre de Ezequiel Barco. El \u00e1rbitro tuvo que dirigirse al VAR para corrobar la jugada del gol, ya que exist\u00eda la posibilidad de posici\u00f3n adelantada por parte de Nehu\u00e9n P\u00e9rez, y luego de la revisi\u00f3n el juez cobr\u00f3 el gol, que se lo concedi\u00f3 al defensor del Atl\u00e9tico Madrid aunque en la repetici\u00f3n parece ser un remate limpio de Barco.<\/p>\n<p>Argentina cerrar\u00e1 el grupo el pr\u00f3ximo viernes a las 15.30 frente a Corea del Sur.<\/p>\n<p><iframe loading=\"lazy\" title=\"MATCH HIGHLIGHTS - Portugal v Argentina - FIFA U-20 World Cup Poland 2019\" width=\"696\" height=\"392\" src=\"https:\/\/www.youtube.com\/embed\/_KYYZ2WYpY8?feature=oembed\" frameborder=\"0\" allow=\"accelerometer; autoplay; encrypted-media; gyroscope; picture-in-picture\" allowfullscreen><\/iframe><\/p>\n","protected":false},"excerpt":{"rendered":"<p>El seleccionado de Fernando Batista super\u00f3 una dura prueba frente a Portugal por 2-0 con goles de Nehu\u00e9n P\u00e9rez y Adolfo Gaich. De esta manera, la albiceleste se asegur\u00f3 un lugar en la siguiente ronda. Tras un debut prometedor con goleada 5-2 sobre Sud\u00e1frica, Argentina tuvo su segundo duelo en el Mundial juvenil. El rival [&hellip;]<\/p>\n","protected":false},"author":33,"featured_media":41036,"comment_status":"closed","ping_status":"closed","sticky":false,"template":"","format":"standard","meta":{"_seopress_robots_primary_cat":"none","_seopress_titles_title":"","_seopress_titles_desc":"","_seopress_robots_index":"","footnotes":""},"categories":[2,5904],"tags":[526,6758,26,7608,5396,7664,7494,3223,7659],"class_list":["post-41031","post","type-post","status-publish","format-standard","has-post-thumbnail","hentry","category-futbol","category-seleccion-argentina","tag-hu","tag-alvarez","tag-argentina","tag-gaich","tag-mundial-sub-20","tag-perez","tag-polonia-2019","tag-selecicon-argentina","tag-world-cup-u20"],"_links":{"self":[{"href":"https:\/\/www.cordobatimes.com\/deportes\/wp-json\/wp\/v2\/posts\/41031","targetHints":{"allow":["GET"]}}],"collection":[{"href":"https:\/\/www.cordobatimes.com\/deportes\/wp-json\/wp\/v2\/posts"}],"about":[{"href":"https:\/\/www.cordobatimes.com\/deportes\/wp-json\/wp\/v2\/types\/post"}],"author":[{"embeddable":true,"href":"https:\/\/www.cordobatimes.com\/deportes\/wp-json\/wp\/v2\/users\/33"}],"replies":[{"embeddable":true,"href":"https:\/\/www.cordobatimes.com\/deportes\/wp-json\/wp\/v2\/comments?post=41031"}],"version-history":[{"count":0,"href":"https:\/\/www.cordobatimes.com\/deportes\/wp-json\/wp\/v2\/posts\/41031\/revisions"}],"wp:featuredmedia":[{"embeddable":true,"href":"https:\/\/www.cordobatimes.com\/deportes\/wp-json\/wp\/v2\/media\/41036"}],"wp:attachment":[{"href":"https:\/\/www.cordobatimes.com\/deportes\/wp-json\/wp\/v2\/media?parent=41031"}],"wp:term":[{"taxonomy":"category","embeddable":true,"href":"https:\/\/www.cordobatimes.com\/deportes\/wp-json\/wp\/v2\/categories?post=41031"},{"taxonomy":"post_tag","embeddable":true,"href":"https:\/\/www.cordobatimes.com\/deportes\/wp-json\/wp\/v2\/tags?post=41031"}],"curies":[{"name":"wp","href":"https:\/\/api.w.org\/{rel}","templated":true}]}}