{"id":40754,"date":"2019-05-23T16:53:20","date_gmt":"2019-05-23T19:53:20","guid":{"rendered":"https:\/\/www.cordobatimes.com\/deportes\/?p=40754"},"modified":"2019-05-23T17:01:56","modified_gmt":"2019-05-23T20:01:56","slug":"instituto-tiene-rival-para-los-cuartos-de-final-de-la-liga-nacional-de-basquet","status":"publish","type":"post","link":"https:\/\/www.cordobatimes.com\/deportes\/basquet\/2019\/05\/23\/instituto-tiene-rival-para-los-cuartos-de-final-de-la-liga-nacional-de-basquet\/","title":{"rendered":"Instituto tiene rival para los cuartos de final de la Liga Nacional de B\u00e1squet"},"content":{"rendered":"<h3><strong>La Gloria ya tiene rival para la pr\u00f3xima fase de la Liga Nacional y ser\u00e1 Regatas de Corrientes, que tiene entre sus filas a un hist\u00f3rico jugador de la Selecci\u00f3n Argentina.\u00a0<\/strong><\/h3>\n<p>El pr\u00f3ximo lunes 27 de mayo arrancan los cuartos de final de la Liga Nacional de B\u00e1squet, donde Instituto recibir\u00e1 en el Angel Sandr\u00edn a Regatas de Corrientes.<\/p>\n<figure id=\"attachment_40637\" aria-describedby=\"caption-attachment-40637\" style=\"width: 800px\" class=\"wp-caption alignnone\"><img loading=\"lazy\" decoding=\"async\" class=\"size-full wp-image-40637\" src=\"https:\/\/www.cordobatimes.com\/deportes\/wp-content\/uploads\/2019\/05\/f8583d95-3336-44d5-9a5f-6fb86c3f14de-800x549.jpg\" alt=\"\" width=\"800\" height=\"549\" srcset=\"https:\/\/www.cordobatimes.com\/deportes\/wp-content\/uploads\/2019\/05\/f8583d95-3336-44d5-9a5f-6fb86c3f14de-800x549.jpg 800w, https:\/\/www.cordobatimes.com\/deportes\/wp-content\/uploads\/2019\/05\/f8583d95-3336-44d5-9a5f-6fb86c3f14de-800x549-300x206.jpg 300w, https:\/\/www.cordobatimes.com\/deportes\/wp-content\/uploads\/2019\/05\/f8583d95-3336-44d5-9a5f-6fb86c3f14de-800x549-768x527.jpg 768w, https:\/\/www.cordobatimes.com\/deportes\/wp-content\/uploads\/2019\/05\/f8583d95-3336-44d5-9a5f-6fb86c3f14de-800x549-100x70.jpg 100w, https:\/\/www.cordobatimes.com\/deportes\/wp-content\/uploads\/2019\/05\/f8583d95-3336-44d5-9a5f-6fb86c3f14de-800x549-218x150.jpg 218w, https:\/\/www.cordobatimes.com\/deportes\/wp-content\/uploads\/2019\/05\/f8583d95-3336-44d5-9a5f-6fb86c3f14de-800x549-696x478.jpg 696w, https:\/\/www.cordobatimes.com\/deportes\/wp-content\/uploads\/2019\/05\/f8583d95-3336-44d5-9a5f-6fb86c3f14de-800x549-612x420.jpg 612w\" sizes=\"auto, (max-width: 800px) 100vw, 800px\" \/><figcaption id=\"caption-attachment-40637\" class=\"wp-caption-text\">Instituto ya tiene rival para cuartos<\/figcaption><\/figure>\n<p>Para el inicio de la serie (27 y 29 de mayo) la sub-comisi\u00f3n de B\u00e1squet preparo su estadio para la ocasi\u00f3n. Realiz\u00f3 la puesta del escudo de la instituci\u00f3n en el centro de la cancha. Adem\u00e1s le realizaron un tratamiento especial al parquet para que luzca brillante, sin usar alcohol ni elementos amigables para el ambiente. Esto le permitir\u00e1 lucir brillante durante varios a\u00f1os.<\/p>\n<div style=\"width: 480px;\" class=\"wp-video\"><video class=\"wp-video-shortcode\" id=\"video-40754-1\" width=\"480\" height=\"480\" preload=\"metadata\" controls=\"controls\"><source type=\"video\/mp4\" src=\"https:\/\/www.cordobatimes.com\/deportes\/wp-content\/uploads\/2019\/05\/VAkzpl1-HOJRFCbx.mp4?_=1\" \/><a href=\"https:\/\/www.cordobatimes.com\/deportes\/wp-content\/uploads\/2019\/05\/VAkzpl1-HOJRFCbx.mp4\">https:\/\/www.cordobatimes.com\/deportes\/wp-content\/uploads\/2019\/05\/VAkzpl1-HOJRFCbx.mp4<\/a><\/video><\/div>\n<h4><strong>Una visita de lujo<\/strong><\/h4>\n<p>Regatas de Corrientes trae en su equipo al hist\u00f3rico jugador del seleccionado argentino de B\u00e1squet, Paolo Quinteros. Juega en la instituci\u00f3n correntina desde el a\u00f1o 2012, luego de su paso por Espa\u00f1a donde disputo la Liga Espa\u00f1ola de Baloncesto y la ACB para el CAI Zaragoza. Tambi\u00e9n actu\u00f3 para equipos como Boca Juniors y Club La Uni\u00f3n de Col\u00f3n.<\/p>\n<figure id=\"attachment_40761\" aria-describedby=\"caption-attachment-40761\" style=\"width: 696px\" class=\"wp-caption alignnone\"><img loading=\"lazy\" decoding=\"async\" class=\"wp-image-40761 size-large\" src=\"https:\/\/www.cordobatimes.com\/deportes\/wp-content\/uploads\/2019\/05\/14-QUINTEROS-1024x682-1024x682.jpg\" alt=\"\" width=\"696\" height=\"464\" srcset=\"https:\/\/www.cordobatimes.com\/deportes\/wp-content\/uploads\/2019\/05\/14-QUINTEROS-1024x682.jpg 1024w, https:\/\/www.cordobatimes.com\/deportes\/wp-content\/uploads\/2019\/05\/14-QUINTEROS-1024x682-300x200.jpg 300w, https:\/\/www.cordobatimes.com\/deportes\/wp-content\/uploads\/2019\/05\/14-QUINTEROS-1024x682-768x512.jpg 768w, https:\/\/www.cordobatimes.com\/deportes\/wp-content\/uploads\/2019\/05\/14-QUINTEROS-1024x682-696x464.jpg 696w, https:\/\/www.cordobatimes.com\/deportes\/wp-content\/uploads\/2019\/05\/14-QUINTEROS-1024x682-631x420.jpg 631w\" sizes=\"auto, (max-width: 696px) 100vw, 696px\" \/><figcaption id=\"caption-attachment-40761\" class=\"wp-caption-text\">Quinteros para Regatas<\/figcaption><\/figure>\n<p>En la Selecci\u00f3n Argentina tuvo la posibilidad de jugar los Juegos Ol\u00edmpicos de Pek\u00edn 2008, con medalla de bronce incluida y el Mundial Turqu\u00eda 2010. Fue parte del equipo que gano el campeonato FIBA AM\u00c9RICAS del 2011 disputado en Mar del Plata.<\/p>\n<figure id=\"attachment_40762\" aria-describedby=\"caption-attachment-40762\" style=\"width: 564px\" class=\"wp-caption alignnone\"><img loading=\"lazy\" decoding=\"async\" class=\"size-full wp-image-40762\" src=\"https:\/\/www.cordobatimes.com\/deportes\/wp-content\/uploads\/2019\/05\/quinteros-2.jpg\" alt=\"\" width=\"564\" height=\"348\" srcset=\"https:\/\/www.cordobatimes.com\/deportes\/wp-content\/uploads\/2019\/05\/quinteros-2.jpg 564w, https:\/\/www.cordobatimes.com\/deportes\/wp-content\/uploads\/2019\/05\/quinteros-2-300x185.jpg 300w, https:\/\/www.cordobatimes.com\/deportes\/wp-content\/uploads\/2019\/05\/quinteros-2-356x220.jpg 356w\" sizes=\"auto, (max-width: 564px) 100vw, 564px\" \/><figcaption id=\"caption-attachment-40762\" class=\"wp-caption-text\">Paolo Quinteros y Scola<\/figcaption><\/figure>\n<p>Regatas viene de eliminar en su serie a un cl\u00e1sico rival, de la ciudad, San Mart\u00edn.<\/p>\n<p><iframe loading=\"lazy\" title=\"PAOLO QUINTEROS\" width=\"696\" height=\"522\" src=\"https:\/\/www.youtube.com\/embed\/vTTYysvMh_4?feature=oembed\" frameborder=\"0\" allow=\"accelerometer; autoplay; encrypted-media; gyroscope; picture-in-picture\" allowfullscreen><\/iframe><\/p>\n","protected":false},"excerpt":{"rendered":"<p>La Gloria ya tiene rival para la pr\u00f3xima fase de la Liga Nacional y ser\u00e1 Regatas de Corrientes, que tiene entre sus filas a un hist\u00f3rico jugador de la Selecci\u00f3n Argentina.\u00a0 El pr\u00f3ximo lunes 27 de mayo arrancan los cuartos de final de la Liga Nacional de B\u00e1squet, donde Instituto recibir\u00e1 en el Angel Sandr\u00edn [&hellip;]<\/p>\n","protected":false},"author":37,"featured_media":40760,"comment_status":"closed","ping_status":"closed","sticky":false,"template":"","format":"standard","meta":{"_seopress_robots_primary_cat":"none","_seopress_titles_title":"","_seopress_titles_desc":"","_seopress_robots_index":"","footnotes":""},"categories":[3,6929],"tags":[35,7032,273,7560,7559,140,3793],"class_list":["post-40754","post","type-post","status-publish","format-standard","has-post-thumbnail","hentry","category-basquet","category-liga-nacional","tag-instituto","tag-instituto-basquet","tag-liga-nacional-de-basquet","tag-luifa-scola","tag-quinteros","tag-scola","tag-seleccion-argentina-de-basquet"],"_links":{"self":[{"href":"https:\/\/www.cordobatimes.com\/deportes\/wp-json\/wp\/v2\/posts\/40754","targetHints":{"allow":["GET"]}}],"collection":[{"href":"https:\/\/www.cordobatimes.com\/deportes\/wp-json\/wp\/v2\/posts"}],"about":[{"href":"https:\/\/www.cordobatimes.com\/deportes\/wp-json\/wp\/v2\/types\/post"}],"author":[{"embeddable":true,"href":"https:\/\/www.cordobatimes.com\/deportes\/wp-json\/wp\/v2\/users\/37"}],"replies":[{"embeddable":true,"href":"https:\/\/www.cordobatimes.com\/deportes\/wp-json\/wp\/v2\/comments?post=40754"}],"version-history":[{"count":0,"href":"https:\/\/www.cordobatimes.com\/deportes\/wp-json\/wp\/v2\/posts\/40754\/revisions"}],"wp:featuredmedia":[{"embeddable":true,"href":"https:\/\/www.cordobatimes.com\/deportes\/wp-json\/wp\/v2\/media\/40760"}],"wp:attachment":[{"href":"https:\/\/www.cordobatimes.com\/deportes\/wp-json\/wp\/v2\/media?parent=40754"}],"wp:term":[{"taxonomy":"category","embeddable":true,"href":"https:\/\/www.cordobatimes.com\/deportes\/wp-json\/wp\/v2\/categories?post=40754"},{"taxonomy":"post_tag","embeddable":true,"href":"https:\/\/www.cordobatimes.com\/deportes\/wp-json\/wp\/v2\/tags?post=40754"}],"curies":[{"name":"wp","href":"https:\/\/api.w.org\/{rel}","templated":true}]}}