{"id":40551,"date":"2019-05-18T19:25:27","date_gmt":"2019-05-18T22:25:27","guid":{"rendered":"https:\/\/www.cordobatimes.com\/deportes\/?p=40551"},"modified":"2019-05-18T19:25:27","modified_gmt":"2019-05-18T22:25:27","slug":"manchester-city-campeon-de-la-fa-cup","status":"publish","type":"post","link":"https:\/\/www.cordobatimes.com\/deportes\/futbol-internacional\/2019\/05\/18\/manchester-city-campeon-de-la-fa-cup\/","title":{"rendered":"Manchester City campe\u00f3n de la FA Cup"},"content":{"rendered":"<h3><strong>El equipo de Pep Guardiola se coron\u00f3 campe\u00f3n del torneo m\u00e1s antiguo del f\u00fatbol. Tras conseguir la Carabao Cup y la Premier League, los Citizen vencieron 6-0 a Watford y sellaron el triplete ingl\u00e9s.<\/strong><\/h3>\n<p>En la jornada de hoy se defini\u00f3 el campe\u00f3n del t\u00edtulo m\u00e1s antiguo del f\u00fatbol, la FA Cup. La temporada pasada la copa qued\u00f3 manos del Manchester United pero este a\u00f1o cruz\u00f3 la vereda y formar\u00e1 parte de las vitrinas del City por 6ta vez.<\/p>\n<p><b>Todos los goles de Manchester City en la Premier League:<\/b><\/p>\n<p><iframe loading=\"lazy\" title=\"EVERY PREMIER LEAGUE GOAL SEASON 2018\/19 | MAN CITY\" width=\"696\" height=\"392\" src=\"https:\/\/www.youtube.com\/embed\/3ou97iVfl0Y?feature=oembed\" frameborder=\"0\" allow=\"accelerometer; autoplay; encrypted-media; gyroscope; picture-in-picture\" allowfullscreen><\/iframe><\/p>\n<p>El equipo de Sergio Ag\u00fcero y Nicol\u00e1s Otamendi, dos de los posibles futbolistas que formar\u00e1n parte del plantel argentino en la Copa Am\u00e9rica de Brasil, venci\u00f3 6-0 al Watford de Roberto Pereyra. Sin participaci\u00f3n de los argentinos en el marcador, el elenco ciudadano brill\u00f3 y concret\u00f3 el tercer trofeo de la temporada. David Silva, Kevin De Bruyne, Gabriel Jes\u00fas y Raheem Sterling por triplicado fueron los autores de la goleada.<\/p>\n<p><iframe loading=\"lazy\" title=\"MAN CITY LIFT THE FA CUP | Man City 6-0 Watford, 2019 FA Cup final\" width=\"696\" height=\"392\" src=\"https:\/\/www.youtube.com\/embed\/twK8mCxUebQ?feature=oembed\" frameborder=\"0\" allow=\"accelerometer; autoplay; encrypted-media; gyroscope; picture-in-picture\" allowfullscreen><\/iframe><\/p>\n<p>De esta manera, el entrenador catal\u00e1n alcanz\u00f3 su 19no t\u00edtulo a nivel nacional, sumando Bayern Munich y Barcelona, y 6to de su llegada a Manchester donde obtuvo una Community Shield, dos Copa de la Liga, dos Premier League y una FA Cup. El t\u00e9cnico espa\u00f1ol encuentra en su debe la UEFA Champions League, la cual gan\u00f3 en Barcelona en 2 ocasiones pero no pudo repetir en Bayern ni en Manchester.<\/p>\n","protected":false},"excerpt":{"rendered":"<p>El equipo de Pep Guardiola se coron\u00f3 campe\u00f3n del torneo m\u00e1s antiguo del f\u00fatbol. Tras conseguir la Carabao Cup y la Premier League, los Citizen vencieron 6-0 a Watford y sellaron el triplete ingl\u00e9s. En la jornada de hoy se defini\u00f3 el campe\u00f3n del t\u00edtulo m\u00e1s antiguo del f\u00fatbol, la FA Cup. La temporada pasada [&hellip;]<\/p>\n","protected":false},"author":33,"featured_media":40556,"comment_status":"closed","ping_status":"closed","sticky":false,"template":"","format":"standard","meta":{"_seopress_robots_primary_cat":"none","_seopress_titles_title":"","_seopress_titles_desc":"","_seopress_robots_index":"","footnotes":""},"categories":[18],"tags":[176,267,2148,5818,1407,7474,1279,153,76,1838,268,7169],"class_list":["post-40551","post","type-post","status-publish","format-standard","has-post-thumbnail","hentry","category-futbol-internacional","tag-aguero","tag-city","tag-david-silva","tag-de-bruyne","tag-fa-cup","tag-gabriel-jesus","tag-guardiola","tag-manchester-city","tag-goles","tag-otamendi","tag-premier-league","tag-sterling"],"_links":{"self":[{"href":"https:\/\/www.cordobatimes.com\/deportes\/wp-json\/wp\/v2\/posts\/40551","targetHints":{"allow":["GET"]}}],"collection":[{"href":"https:\/\/www.cordobatimes.com\/deportes\/wp-json\/wp\/v2\/posts"}],"about":[{"href":"https:\/\/www.cordobatimes.com\/deportes\/wp-json\/wp\/v2\/types\/post"}],"author":[{"embeddable":true,"href":"https:\/\/www.cordobatimes.com\/deportes\/wp-json\/wp\/v2\/users\/33"}],"replies":[{"embeddable":true,"href":"https:\/\/www.cordobatimes.com\/deportes\/wp-json\/wp\/v2\/comments?post=40551"}],"version-history":[{"count":0,"href":"https:\/\/www.cordobatimes.com\/deportes\/wp-json\/wp\/v2\/posts\/40551\/revisions"}],"wp:featuredmedia":[{"embeddable":true,"href":"https:\/\/www.cordobatimes.com\/deportes\/wp-json\/wp\/v2\/media\/40556"}],"wp:attachment":[{"href":"https:\/\/www.cordobatimes.com\/deportes\/wp-json\/wp\/v2\/media?parent=40551"}],"wp:term":[{"taxonomy":"category","embeddable":true,"href":"https:\/\/www.cordobatimes.com\/deportes\/wp-json\/wp\/v2\/categories?post=40551"},{"taxonomy":"post_tag","embeddable":true,"href":"https:\/\/www.cordobatimes.com\/deportes\/wp-json\/wp\/v2\/tags?post=40551"}],"curies":[{"name":"wp","href":"https:\/\/api.w.org\/{rel}","templated":true}]}}