{"id":40396,"date":"2019-05-14T21:00:59","date_gmt":"2019-05-15T00:00:59","guid":{"rendered":"https:\/\/www.cordobatimes.com\/deportes\/?p=40396"},"modified":"2019-05-14T21:21:23","modified_gmt":"2019-05-15T00:21:23","slug":"copa-de-la-superliga-en-un-partido-accidentado-tigre-clasifico-a-semifinales","status":"publish","type":"post","link":"https:\/\/www.cordobatimes.com\/deportes\/futbol\/2019\/05\/14\/copa-de-la-superliga-en-un-partido-accidentado-tigre-clasifico-a-semifinales\/","title":{"rendered":"Copa de la Superliga: en un partido accidentado, Tigre clasific\u00f3 a semifinales"},"content":{"rendered":"<h3><strong>En el Cilindro de Avellaneda, Tigre elimin\u00f3 a Racing en una noche llena de lesiones. El Matador cay\u00f3 2-1 con la Academia, pero el resultado de la ida le dio el pase al equipo de Gorosito.<\/strong><\/h3>\n<p>Por los cuartos de final de la Copa de la Superliga, el \u00faltimo campe\u00f3n del f\u00fatbol argentino recibi\u00f3 a uno de los 4 equipos que disputar\u00e1n la pr\u00f3xima temporada en la B Nacional, el Tigre de Pipo Gorosito. En Victoria, el Matador sac\u00f3 una buena diferencia de 2-0 con goles de Walter Montillo y Federico Gonz\u00e1lez, siendo ampliamente superior a\u00a0 la Academia. Pero la revancha fue un partido distinto, con Racing buscando desde el inicio y Tigre defendiendo el resultado.<\/p>\n<p><strong>Partido de ida:<\/strong><\/p>\n<p><iframe loading=\"lazy\" title=\"Resumen de Tigre vs Racing (2-0) | Cuartos de final (ida) - Copa Superliga 2019\" width=\"696\" height=\"392\" src=\"https:\/\/www.youtube.com\/embed\/S-219A5OCYk?feature=oembed\" frameborder=\"0\" allow=\"accelerometer; autoplay; encrypted-media; gyroscope; picture-in-picture\" allowfullscreen><\/iframe><\/p>\n<p>La primera mitad cont\u00f3 con pocas llegadas del visitante y una arrolladora ofensiva del conjunto local. que con Lisandro L\u00f3pez jugando fuera del \u00e1rea y la creaci\u00f3n de juego generado por el capit\u00e1n en conjunto con Guillermo Pol Fern\u00e1ndez y Augusto Solari. El equipo de Eduardo Coudet logr\u00f3 romper el cero a los 20&#8242; con un cabezazo de Lucas Orban, que conect\u00f3 un gran centro desde la esquina de Pol Fern\u00e1ndez. Pocos minutos luegos del gol, Lisandro L\u00f3p\u00e8z desbord\u00f3 y lanz\u00f3 un centro para Dar\u00edo Cvitanich, que bloque\u00f3 el arquero Gonzalo Marinelli. La intensidad de Racing no disminuy\u00f3, y a los 37&#8242;, luego una jugada que incluy\u00f3 a Leonardo Sigali, presi\u00f3n de Augusto Solari que luego de recuperar defini\u00f3 al cuerpo de Marinelli, pero el rebote cay\u00f3 en los pies del \u00eddolo blanquiceleste, Lisandro L\u00f3pez, que igual\u00f3 la serie.<\/p>\n<div style=\"width: 640px;\" class=\"wp-video\"><video class=\"wp-video-shortcode\" id=\"video-40396-1\" width=\"640\" height=\"360\" preload=\"metadata\" controls=\"controls\"><source type=\"video\/mp4\" src=\"https:\/\/video.twimg.com\/ext_tw_video\/1128427342970462209\/pu\/vid\/1280x720\/qSpvoz35NkHANLs7.mp4?_=1\" \/><a href=\"https:\/\/video.twimg.com\/ext_tw_video\/1128427342970462209\/pu\/vid\/1280x720\/qSpvoz35NkHANLs7.mp4\">https:\/\/video.twimg.com\/ext_tw_video\/1128427342970462209\/pu\/vid\/1280x720\/qSpvoz35NkHANLs7.mp4<\/a><\/video><\/div>\n<p>El primer parcial dejo un par de jugadas pol\u00e9micas, entre ellas, el agarr\u00f3n de Pol Fern\u00e1ndez que podr\u00eda haber derivado en la segunda amarilla para el 8, pero el \u00e1rbitro Mauro Vigliano no sancion\u00f3 con tarjeta,\u00a0 y el lateral previo al segundo gol, ya que era para Tigre pero sacaron los jugadores de Racing. Tambi\u00e9n un par de lesiones, como a los 15&#8242;, cuando Mat\u00edas Zaracho dej\u00f3 la cancha con un fuerte dolor en el aductor, lo que parece un desgarro, y en su lugar ingres\u00f3 Andr\u00e9s R\u00edos, a los 42&#8242; se retir\u00f3 N\u00e9stor Moiraghi, quien no pudo continuar, para que ingrese Ezequiel Rodr\u00edguez, y las molestias acusadas por Walter Montillo, que dej\u00f3 la cancha en el entretiempo para darle su lugar a Juan Cavallaro, y Leonardo Sigali, que de igual manera finaliz\u00f3 el encuentro.<\/p>\n<div style=\"width: 640px;\" class=\"wp-video\"><video class=\"wp-video-shortcode\" id=\"video-40396-2\" width=\"640\" height=\"360\" preload=\"metadata\" controls=\"controls\"><source type=\"video\/mp4\" src=\"https:\/\/video.twimg.com\/amplify_video\/1128431454571122688\/vid\/1280x720\/ORlYZFZTBRZKleer.mp4?_=2\" \/><a href=\"https:\/\/video.twimg.com\/amplify_video\/1128431454571122688\/vid\/1280x720\/ORlYZFZTBRZKleer.mp4\">https:\/\/video.twimg.com\/amplify_video\/1128431454571122688\/vid\/1280x720\/ORlYZFZTBRZKleer.mp4<\/a><\/video><\/div>\n<p>El complemento present\u00f3 otra din\u00e1mica desde el inicio, ya que con 45&#8242; por delante la serie estaba igualada 2-2. A los 5&#8242;, Lisandro L\u00f3pez se retir\u00f3, a causa de resentirse de su lesi\u00f3n en el s\u00f3leo de la pierna izquierda, y le dej\u00f3 su lugar al chileno Marcelo D\u00edaz. Luego de un incio de segunda mitad m\u00e1s parejo, Dar\u00edo Cvitanich fall\u00f3 la primer jugada clara cuando mano a mano con Gonzalo Marinelli, defini\u00f3 al cuerpo del arquero. A los 32&#8242;, el partido que ya ten\u00eda suficientes lesionados, sum\u00f3 a Nery Dom\u00ednguez que dej\u00f3 la cancha para que debute el juvenil Nicol\u00e1s Mucsio y a Gerardo Alcoba, capit\u00e1n del Matador, que se retir\u00f3 en el carrito m\u00e9dico para que ingrese Alexis Niz. De esta manera, los 6 cambios del encuentro se dieron a causa de lesiones, algo que ya hab\u00eda sucedido en 2012 en un encuentro entre All Boys y Newell&#8217;s.<\/p>\n<p><iframe loading=\"lazy\" title=\"Gol de Tirgre P\u00e9rez Acu\u00f1a vs Racing Club 1-2\" width=\"696\" height=\"392\" src=\"https:\/\/www.youtube.com\/embed\/fdCJU03jgOI?feature=oembed\" frameborder=\"0\" allow=\"accelerometer; autoplay; encrypted-media; gyroscope; picture-in-picture\" allowfullscreen><\/iframe><\/p>\n<p>Luego de las lesiones y los cambios, Mat\u00edas P\u00e9rez Acu\u00f1a control\u00f3 un centro de Cachete Morales y sac\u00f3 un remate potente para marcar el 1-2 a los 44&#8242;. El descuento de Tigre en el partido signific\u00f3 el 3-2 en el global para el Matador, que concluy\u00f3 el partido con dominio de bal\u00f3n pero retrasado en busca de mantener el resultado. Al minuto del gol, Dar\u00edo Cvitanich cabece\u00f3 en el \u00e1rea chica de Tigre pero su disparo impact\u00f3 en el travesa\u00f1o. La Academia atac\u00f3 los \u00faltimos 5 minutos, la adici\u00f3n que dio Vigliano, pero no logr\u00f3 conseguir los 2 goles necesarios.<\/p>\n<div style=\"width: 640px;\" class=\"wp-video\"><video class=\"wp-video-shortcode\" id=\"video-40396-3\" width=\"640\" height=\"360\" preload=\"metadata\" controls=\"controls\"><source type=\"video\/mp4\" src=\"https:\/\/video.twimg.com\/amplify_video\/1128451755845541889\/vid\/1280x720\/NHvblxnjCzUQRDAI.mp4?_=3\" \/><a href=\"https:\/\/video.twimg.com\/amplify_video\/1128451755845541889\/vid\/1280x720\/NHvblxnjCzUQRDAI.mp4\">https:\/\/video.twimg.com\/amplify_video\/1128451755845541889\/vid\/1280x720\/NHvblxnjCzUQRDAI.mp4<\/a><\/video><\/div>\n<p>De esta manera, Tigre se meti\u00f3 en semifinales de la Copa de la Superliga y espera rival del cruce entre Atl\u00e9tico Tucum\u00e1n y River, donde los tucumanos corren con una ventaja de 3-0.<\/p>\n<div style=\"width: 640px;\" class=\"wp-video\"><video class=\"wp-video-shortcode\" id=\"video-40396-4\" width=\"640\" height=\"360\" preload=\"metadata\" controls=\"controls\"><source type=\"video\/mp4\" src=\"https:\/\/video.twimg.com\/amplify_video\/1128452405962657792\/vid\/1280x720\/wc6x3i0evTZXii-W.mp4?_=4\" \/><a href=\"https:\/\/video.twimg.com\/amplify_video\/1128452405962657792\/vid\/1280x720\/wc6x3i0evTZXii-W.mp4\">https:\/\/video.twimg.com\/amplify_video\/1128452405962657792\/vid\/1280x720\/wc6x3i0evTZXii-W.mp4<\/a><\/video><\/div>\n<p>&nbsp;<\/p>\n","protected":false},"excerpt":{"rendered":"<p>En el Cilindro de Avellaneda, Tigre elimin\u00f3 a Racing en una noche llena de lesiones. El Matador cay\u00f3 2-1 con la Academia, pero el resultado de la ida le dio el pase al equipo de Gorosito. Por los cuartos de final de la Copa de la Superliga, el \u00faltimo campe\u00f3n del f\u00fatbol argentino recibi\u00f3 a [&hellip;]<\/p>\n","protected":false},"author":33,"featured_media":40403,"comment_status":"closed","ping_status":"closed","sticky":false,"template":"","format":"standard","meta":{"_seopress_robots_primary_cat":"none","_seopress_titles_title":"","_seopress_titles_desc":"","_seopress_robots_index":"","footnotes":""},"categories":[2,16],"tags":[7371,7438,7433,7432,7429,7430,7210,135,7436,64,7440,2366,368,7375,7441,7439,7431,7437,7434,7435,106,5605,312],"class_list":["post-40396","post","type-post","status-publish","format-standard","has-post-thumbnail","hentry","category-futbol","category-primera-division","tag-agonico","tag-andres-rios","tag-augusto-solari","tag-chacho-coudet","tag-como-salio-racing","tag-como-salio-tigre","tag-copa-superliga","tag-derrota","tag-era-roja-para-pol-fernandez","tag-futbol-2","tag-goles-racing","tag-hazana","tag-lesion","tag-lisandro-lopez","tag-marcos-perez-acuna","tag-matias-zaracho","tag-pipo-gorosito","tag-polemicas-racing-vs-tigre","tag-quienes-se-lesionaron-en-racing","tag-quienes-se-lesionaron-en-tigre","tag-racing","tag-superliga","tag-tigre"],"_links":{"self":[{"href":"https:\/\/www.cordobatimes.com\/deportes\/wp-json\/wp\/v2\/posts\/40396","targetHints":{"allow":["GET"]}}],"collection":[{"href":"https:\/\/www.cordobatimes.com\/deportes\/wp-json\/wp\/v2\/posts"}],"about":[{"href":"https:\/\/www.cordobatimes.com\/deportes\/wp-json\/wp\/v2\/types\/post"}],"author":[{"embeddable":true,"href":"https:\/\/www.cordobatimes.com\/deportes\/wp-json\/wp\/v2\/users\/33"}],"replies":[{"embeddable":true,"href":"https:\/\/www.cordobatimes.com\/deportes\/wp-json\/wp\/v2\/comments?post=40396"}],"version-history":[{"count":0,"href":"https:\/\/www.cordobatimes.com\/deportes\/wp-json\/wp\/v2\/posts\/40396\/revisions"}],"wp:featuredmedia":[{"embeddable":true,"href":"https:\/\/www.cordobatimes.com\/deportes\/wp-json\/wp\/v2\/media\/40403"}],"wp:attachment":[{"href":"https:\/\/www.cordobatimes.com\/deportes\/wp-json\/wp\/v2\/media?parent=40396"}],"wp:term":[{"taxonomy":"category","embeddable":true,"href":"https:\/\/www.cordobatimes.com\/deportes\/wp-json\/wp\/v2\/categories?post=40396"},{"taxonomy":"post_tag","embeddable":true,"href":"https:\/\/www.cordobatimes.com\/deportes\/wp-json\/wp\/v2\/tags?post=40396"}],"curies":[{"name":"wp","href":"https:\/\/api.w.org\/{rel}","templated":true}]}}