{"id":40372,"date":"2019-05-13T22:38:43","date_gmt":"2019-05-14T01:38:43","guid":{"rendered":"https:\/\/www.cordobatimes.com\/deportes\/?p=40372"},"modified":"2019-05-13T22:38:43","modified_gmt":"2019-05-14T01:38:43","slug":"sorteo-conmebol-se-definieron-los-cruces-de-la-copa-sudamericana","status":"publish","type":"post","link":"https:\/\/www.cordobatimes.com\/deportes\/futbol\/2019\/05\/13\/sorteo-conmebol-se-definieron-los-cruces-de-la-copa-sudamericana\/","title":{"rendered":"Sorteo CONMEBOL: Se definieron los cruces de la Copa Sudamericana"},"content":{"rendered":"<h3><b>Se sortearon los encuentros de dieciseisavos de final de la CONMEBOL Sudamericana 2019 y hay m\u00e1s de un partido atrapante. Independiente visita Colombia, Argentinos es local frente a Tolima y Col\u00f3n viaja a Uruguay.<\/b><\/h3>\n<p>La gala se realiz\u00f3 en la sede de CONMEBOL en Luque, Paraguay. La presentaci\u00f3n del sorteo estuvo a cargo del relator argentino Pablo Giralt y la periodista brasile\u00f1a B\u00e1rbara Coelho, mientras que los encargados de retirar las bolillas de los bombos fueron el delantero paraguayo de Cerro Porte\u00f1o, N\u00e9lson Haedo Valdez y la arquera de la selecci\u00f3n argentina, Vanina Correa.<\/p>\n<p>Se sortearon los cruces de la segunda fase de la Copa Sudamericana 2019. Los partidos se definieron a trav\u00e9s de dos bombos, en el primero estaban los 10 clasificados que llegaron de la Copa Libertadores junto con los 6 equipos de mejor performance en la primera fase y en el segundo estaban los 16 equipos restantes clasificados de la primera fase.<\/p>\n<p>La Asociaci\u00f3n del F\u00fatbol Argentino tiene tres representantes, Argentinos Juniors, Independiente y Col\u00f3n de Santa Fe. El Bicho clasific\u00f3 tras eliminar al conjunto venezolano Estudiante de M\u00e9rida, en un global de 2-1. El Rojo gole\u00f3 6-2 a Binacional de Per\u00fa, mientras que el Sabalero super\u00f3 3-0 y 2-0 a Deportivo Municipal de Per\u00fa. Tanto Racing, campe\u00f3n de la Superliga, Defensa y Justicia, subcampe\u00f3n, y Uni\u00f3n de Santa Fe, quedaron eliminados en la primera ronda del torneo. Tanto Hurac\u00e1n como Rosario Central, que participaron de la Copa Libertadores, no alcanzaron el tercer puesto del grupo para poder participar de la Sudamericana.<\/p>\n<p>La final de la copa se disputar\u00e1 en el Estadio Defensores del Chaco en Asunci\u00f3n, Paraguay. Es la primer Sudamericana que se define en partido \u00fanico.<\/p>\n<h4><strong>Segunda Fase:<\/strong><\/h4>\n<p>La Equidad (Col) &#8211; Deportivo Santan\u00ed (Par)<\/p>\n<p>Independiente del Valle (Ecu) &#8211; Universidad de Cat\u00f3lica (Chi)<\/p>\n<p>Fluminense (Bra) &#8211; Atl\u00e9tico Nacional (Col)<\/p>\n<p>Uni\u00f3n Espa\u00f1ola (Chi) &#8211; Sporting Cristal (Per)<\/p>\n<p><strong>Argentinos Juniors (Arg)<\/strong> &#8211; Deportes Tolima (Col)<\/p>\n<p>Montevideo Wanderers (Uru) &#8211; Cerro (Uru)<\/p>\n<p>Universidad Cat\u00f3lica (Ecu) &#8211; Melgar (Per)<\/p>\n<p>Uni\u00f3n La Calera (Chi) &#8211; Atl\u00e9tico Mineiro (Bra)<\/p>\n<p>Sol de Am\u00e9rica (Par) &#8211; Botafogo (Bra)<\/p>\n<p>Rionegro \u00c1guilas Doradas (Col) &#8211; <strong>Independiente (Arg)<\/strong><\/p>\n<p>Corinthians (Bra) &#8211; Deportivo Lara (Ven)<\/p>\n<p>River Plate (Uru) &#8211; <strong>Col\u00f3n (Arg)<\/strong><\/p>\n<p>Zulia (Ven) &#8211; Palestino (Chi)<\/p>\n<p>Deportivo Cali (Col) &#8211; Pe\u00f1arol (Uru)<\/p>\n<p>Liverpool (Uru) &#8211; Caracas (Ven)<\/p>\n<p>Royal Pari (Bol) &#8211; Macar\u00e1 (Ecu)<\/p>\n<p><strong>El equipo que aparece primero ser\u00e1 el local en el primer encuentro, mientras que el segundo equipo es quien podr\u00e1 definir en casa la serie.<\/strong><\/p>\n","protected":false},"excerpt":{"rendered":"<p>Se sortearon los encuentros de dieciseisavos de final de la CONMEBOL Sudamericana 2019 y hay m\u00e1s de un partido atrapante. Independiente visita Colombia, Argentinos es local frente a Tolima y Col\u00f3n viaja a Uruguay. La gala se realiz\u00f3 en la sede de CONMEBOL en Luque, Paraguay. La presentaci\u00f3n del sorteo estuvo a cargo del relator [&hellip;]<\/p>\n","protected":false},"author":33,"featured_media":40384,"comment_status":"closed","ping_status":"closed","sticky":false,"template":"","format":"standard","meta":{"_seopress_robots_primary_cat":"none","_seopress_titles_title":"","_seopress_titles_desc":"","_seopress_robots_index":"","footnotes":""},"categories":[23,2],"tags":[26,272,661,462,53,1068,5054,360,642,64,65,749,106,1069,3905],"class_list":["post-40372","post","type-post","status-publish","format-standard","has-post-thumbnail","hentry","category-copa-sudamericana","category-futbol","tag-argentina","tag-argentinos","tag-chile","tag-colombia","tag-colon","tag-conmebol","tag-corinthians","tag-defensa-y-justicia","tag-ecuador","tag-futbol-2","tag-independiente","tag-paraguay","tag-racing","tag-sorteo","tag-sudamericana"],"_links":{"self":[{"href":"https:\/\/www.cordobatimes.com\/deportes\/wp-json\/wp\/v2\/posts\/40372","targetHints":{"allow":["GET"]}}],"collection":[{"href":"https:\/\/www.cordobatimes.com\/deportes\/wp-json\/wp\/v2\/posts"}],"about":[{"href":"https:\/\/www.cordobatimes.com\/deportes\/wp-json\/wp\/v2\/types\/post"}],"author":[{"embeddable":true,"href":"https:\/\/www.cordobatimes.com\/deportes\/wp-json\/wp\/v2\/users\/33"}],"replies":[{"embeddable":true,"href":"https:\/\/www.cordobatimes.com\/deportes\/wp-json\/wp\/v2\/comments?post=40372"}],"version-history":[{"count":0,"href":"https:\/\/www.cordobatimes.com\/deportes\/wp-json\/wp\/v2\/posts\/40372\/revisions"}],"wp:featuredmedia":[{"embeddable":true,"href":"https:\/\/www.cordobatimes.com\/deportes\/wp-json\/wp\/v2\/media\/40384"}],"wp:attachment":[{"href":"https:\/\/www.cordobatimes.com\/deportes\/wp-json\/wp\/v2\/media?parent=40372"}],"wp:term":[{"taxonomy":"category","embeddable":true,"href":"https:\/\/www.cordobatimes.com\/deportes\/wp-json\/wp\/v2\/categories?post=40372"},{"taxonomy":"post_tag","embeddable":true,"href":"https:\/\/www.cordobatimes.com\/deportes\/wp-json\/wp\/v2\/tags?post=40372"}],"curies":[{"name":"wp","href":"https:\/\/api.w.org\/{rel}","templated":true}]}}