{"id":40011,"date":"2019-05-07T09:24:04","date_gmt":"2019-05-07T12:24:04","guid":{"rendered":"https:\/\/www.cordobatimes.com\/deportes\/?p=40011"},"modified":"2019-05-07T16:43:32","modified_gmt":"2019-05-07T19:43:32","slug":"lo-que-le-dejo-la-temporada-a-talleres","status":"publish","type":"post","link":"https:\/\/www.cordobatimes.com\/deportes\/futbol\/2019\/05\/07\/lo-que-le-dejo-la-temporada-a-talleres\/","title":{"rendered":"Lo que le dejo la temporada a Talleres"},"content":{"rendered":"<h3><strong>Talleres cerro la temporada, con una imagen poco convincente, luego de la derrota frente Atl\u00e9tico Tucum\u00e1n por 2 a 0. En esta nota, analizaremos y arrojaremos algunos n\u00fameros del andar matador que fue con muchos altibajos.<\/strong><\/h3>\n<p>El inicio para Talleres lo marc\u00f3 el 12 de agosto de 2018 jugando de visitante frente a Boca Juniors. La expectativa no era menor, estrenaba el nuevo equipo con Juan Pablo Vojvoda sentado en el banco como nuevo DT y el primer torneo sin Frank Dar\u00edo Kudelka, luego de tres a\u00f1os y medio frente al plantel. Aquel partido termin\u00f3 1-0 con derrota para los cordobeses y no dejar\u00eda una buena imagen.<\/p>\n<figure id=\"attachment_40061\" aria-describedby=\"caption-attachment-40061\" style=\"width: 620px\" class=\"wp-caption alignnone\"><img loading=\"lazy\" decoding=\"async\" class=\"wp-image-40061 size-full\" src=\"https:\/\/www.cordobatimes.com\/deportes\/wp-content\/uploads\/2019\/05\/5b7042b2ea4a9.jpeg\" alt=\"\" width=\"620\" height=\"356\" srcset=\"https:\/\/www.cordobatimes.com\/deportes\/wp-content\/uploads\/2019\/05\/5b7042b2ea4a9.jpeg 620w, https:\/\/www.cordobatimes.com\/deportes\/wp-content\/uploads\/2019\/05\/5b7042b2ea4a9-300x172.jpeg 300w\" sizes=\"auto, (max-width: 620px) 100vw, 620px\" \/><figcaption id=\"caption-attachment-40061\" class=\"wp-caption-text\">Pav\u00f3n ped\u00eda disculpas por el gol marcado a la &#8220;T&#8221;<\/figcaption><\/figure>\n<p>Luego vendr\u00eda el primer cotejo de local, frente a Rosario Central, todo hac\u00eda presagiar que los de Vojvoda se har\u00edan fuertes en casa nuevamente, pero estuvo lejos de eso ya que un desdibujado &#8220;Canalla&#8221; se llev\u00f3 la victoria por 1-0.<\/p>\n<p>En total, entre copas y campeonato, son 33 partidos jugados con 12 victorias, 8 empates y 13 derrotas. Efectividad del 36%.<\/p>\n<h2><strong>Primera mitad<\/strong><\/h2>\n<p>Durante la primera mitad de la temporada Talleres disput\u00f3 15 partidos con 5 victorias, 3 empates y 7 derrotas. Como local fueron 7 encuentros. Gan\u00f3 2, entre ellos un contundente 3-0 frente al cl\u00e1sico rival, Belgrano. Empat\u00f3 3 y perdi\u00f3 2, uno frente al Campe\u00f3n Racing por 3-1.<\/p>\n<p><iframe loading=\"lazy\" width=\"696\" height=\"392\" src=\"https:\/\/www.youtube.com\/embed\/sAVJk7HReLk?feature=oembed\" frameborder=\"0\" allow=\"accelerometer; autoplay; encrypted-media; gyroscope; picture-in-picture\" allowfullscreen><\/iframe><\/p>\n<p>De visitante, durante el primer tramo del torneo hubo ocho partidos, con tres victorias y cinco derrotas. En dos de estos encuentros, frente a Uni\u00f3n y Lan\u00fas, le dieron vuelta el resultado, ambos con el mismo marcador 2-1. Sali\u00f3 victorioso por primera vez del &#8220;Nuevo Gas\u00f3metro&#8221; por la m\u00ednima, frente a San Lorenzo.<\/p>\n<blockquote class=\"twitter-tweet\" data-width=\"550\" data-dnt=\"true\">\n<p lang=\"es\" dir=\"ltr\"><a href=\"https:\/\/twitter.com\/hashtag\/TNTSports?src=hash&amp;ref_src=twsrc%5Etfw\">#TNTSports<\/a> | Repasamos las jugadas de peligro de los primeros 45 minutos en los que el Cicl\u00f3n cae 1-0 frente a Talleres por el gol de Maroni.<br \/> <a href=\"https:\/\/twitter.com\/hashtag\/SanLorenzo?src=hash&amp;ref_src=twsrc%5Etfw\">#SanLorenzo<\/a> \ud83c\udd9a <a href=\"https:\/\/twitter.com\/hashtag\/Talleres?src=hash&amp;ref_src=twsrc%5Etfw\">#Talleres<\/a> <a href=\"https:\/\/t.co\/sivYQorDyV\">pic.twitter.com\/sivYQorDyV<\/a><\/p>\n<p>&mdash; TNT Sports LA (@TNTSportsLA) <a href=\"https:\/\/twitter.com\/TNTSportsLA\/status\/1059165964103761922?ref_src=twsrc%5Etfw\">November 4, 2018<\/a><\/p><\/blockquote>\n<p><script async src=\"https:\/\/platform.twitter.com\/widgets.js\" charset=\"utf-8\"><\/script><\/p>\n<h2><strong>Segunda parte y participaci\u00f3n en copa<\/strong><\/h2>\n<p>En la segunda mitad de la temporada Talleres ten\u00eda un gran desaf\u00edo por delante, disputar la Copa Libertadores, donde arrancar\u00eda desde la fase 2 y se enfrentar\u00eda al poderoso San Pablo. El presidente Andr\u00e9s Fassi busc\u00f3 jerarquizar el plantel para este nuevo desaf\u00edo y fich\u00f3 al goleador colombiano, Dayro Moreno y un viejo conocido de la casa como Sebasti\u00e1n Palacios, proveniente del Pachuca.<\/p>\n<figure id=\"attachment_40040\" aria-describedby=\"caption-attachment-40040\" style=\"width: 696px\" class=\"wp-caption alignnone\"><img loading=\"lazy\" decoding=\"async\" class=\"wp-image-40040 size-large\" src=\"https:\/\/www.cordobatimes.com\/deportes\/wp-content\/uploads\/2019\/05\/dayro-moreno_1-min-1024x533.jpg\" alt=\"\" width=\"696\" height=\"362\" \/><figcaption id=\"caption-attachment-40040\" class=\"wp-caption-text\">La sociedad Palacios-Moreno<\/figcaption><\/figure>\n<p>En la copa avanz\u00f3 a la fase 3, imponi\u00e9ndose con autoridad frente al equipo brasile\u00f1o. Se impuso en el primer\u00a0 partido de local 2-0 y empat\u00f3 en el m\u00edtico Morumb\u00ed 0-0. Luego vendr\u00eda Palestino de Chile quien, finalmente, sali\u00f3 vencedor en la llave. La ida fue un 2-2 en el Kempes y en la vuelta 2-1 en el estadio San Carlos de Apoquindo. La &#8216;T&#8217; particip\u00f3 en 4 partidos internacionales con un resultado positivo, una victoria, dos empates y una derrota, pero marginado de la fase de grupos y de un importante premio econ\u00f3mico.<\/p>\n<p><iframe loading=\"lazy\" width=\"696\" height=\"392\" src=\"https:\/\/www.youtube.com\/embed\/jFXV_zVzsSY?feature=oembed\" frameborder=\"0\" allow=\"accelerometer; autoplay; encrypted-media; gyroscope; picture-in-picture\" allowfullscreen><\/iframe><\/p>\n<p>Finalizada la participaci\u00f3n en copa, solo quedaba hacer un buen papel en la Superliga y buscar la clasificaci\u00f3n a otro torneo internacional. En el medio de todo esto, el &#8220;Cholo&#8221; Gui\u00f1az\u00fa anuncia su retiro del f\u00fatbol profesional.<\/p>\n<p><iframe loading=\"lazy\" width=\"696\" height=\"392\" src=\"https:\/\/www.youtube.com\/embed\/gELRfEJuJdU?feature=oembed\" frameborder=\"0\" allow=\"accelerometer; autoplay; encrypted-media; gyroscope; picture-in-picture\" allowfullscreen><\/iframe><\/p>\n<p>Pasando en limpio, la segunda parte del torneo local dej\u00f3 el siguiente saldo: 10 juegos, gan\u00f3 4, empat\u00f3 3 y perdi\u00f3 3. Cuando le toc\u00f3 ser local se impuso en dos, empat\u00f3 uno y perdi\u00f3 dos. Al momento de ser visitante dos victorias, dos empates y una derrota. Lo destacable en esta parte es que mientras jug\u00f3 el m\u00e1ximo torneo continental, el t\u00e9cnico se inclin\u00f3, en el campeonato dom\u00e9stico, por jugadores que tuvieron pocos minutos, de los cuales muchos eran patrimonio del club. As\u00ed pudimos ver actuaciones destacadas de Renzo Paparelli en defensa, o el ingreso de Federico Navarro al equipo titular. Muchos de estos canteranos fueron parte de la reserva Bi-campeona tiempo atr\u00e1s.<\/p>\n<h2><b>Los goleadores y los que m\u00e1s minutos jugaron.<\/b><\/h2>\n<p>La tabla general de anotadores ubica al colombiano Dayro Moreno como m\u00e1ximo anotador del equipo. La cuenta es de siete goles marcados. uno en la Superliga, dos por Libertadores, uno en Copa Argentina y tres en la Copa de la Superliga. El &#8220;Tucu&#8221; Palacios viene detr\u00e1s con seis goles, marcados entre liga local y Copa Argentina, con tres tantos por torneo.<\/p>\n<p><iframe loading=\"lazy\" width=\"696\" height=\"392\" src=\"https:\/\/www.youtube.com\/embed\/8NdaYGy3WCg?feature=oembed\" frameborder=\"0\" allow=\"accelerometer; autoplay; encrypted-media; gyroscope; picture-in-picture\" allowfullscreen><\/iframe><\/p>\n<blockquote class=\"twitter-tweet\" data-width=\"550\" data-dnt=\"true\">\n<p lang=\"es\" dir=\"ltr\">\u00a1EL GOLAZO DE DAYRO MORENO PARA EL 2-0 DE TALLERES!<a href=\"https:\/\/twitter.com\/hashtag\/TorneoDeVeranoxFOX?src=hash&amp;ref_src=twsrc%5Etfw\">#TorneoDeVeranoxFOX<\/a> | El delantero colombiano aprovech\u00f3 el error de la defensa de Belgrano y se invent\u00f3 un tremendo gol picando la pelota por encima de Rigamonti. <a href=\"https:\/\/t.co\/E5lh1JTVPv\">pic.twitter.com\/E5lh1JTVPv<\/a><\/p>\n<p>&mdash; FOX Sports Argentina (@FOXSportsArg) <a href=\"https:\/\/twitter.com\/FOXSportsArg\/status\/1087534230438060032?ref_src=twsrc%5Etfw\">January 22, 2019<\/a><\/p><\/blockquote>\n<p><script async src=\"https:\/\/platform.twitter.com\/widgets.js\" charset=\"utf-8\"><\/script><\/p>\n<p>Nahuel Bustos, quien no est\u00e1 en el equipo desde 2019, es el tercer goleador con cinco tantos en la liga. Los m\u00e1s recordados por el pueblo azul y blanco ser\u00e1n aquellos que les marc\u00f3 a Belgrano, por la octava fecha, en octubre pasado.<\/p>\n<p><iframe loading=\"lazy\" width=\"696\" height=\"392\" src=\"https:\/\/www.youtube.com\/embed\/FalkohwFtjo?feature=oembed\" frameborder=\"0\" allow=\"accelerometer; autoplay; encrypted-media; gyroscope; picture-in-picture\" allowfullscreen><\/iframe><\/p>\n<p>El arquero Guido Herrera, pilar clave en muchos pasajes del torneo, fue quien m\u00e1s minutos estuvo en cancha. En total contabiliz\u00f3 2790 minutos. En una proyecci\u00f3n a futuro parece uno de los m\u00e1s vendibles del plantel. Lo secunda Juan Ram\u00edrez con 2592 minutos. Juan Cruz Komar, quien llev\u00f3 la cinta de capit\u00e1n sobre el final, acumula 2357 minutos con un nivel parejo durante todos los cotejos.<\/p>\n<p><iframe loading=\"lazy\" width=\"696\" height=\"392\" src=\"https:\/\/www.youtube.com\/embed\/ocNN3yEQF2Y?feature=oembed\" frameborder=\"0\" allow=\"accelerometer; autoplay; encrypted-media; gyroscope; picture-in-picture\" allowfullscreen><\/iframe><\/p>\n<p>La temporada finaliz\u00f3, Talleres no logr\u00f3 el objetivo de clasificar a un torneo internacional para la pr\u00f3xima temporada, aunque el d\u00e9cimo segundo lugar lo deja expectante ya que, si alg\u00fan equipo argentino, ya clasificado a torneos internacionales, se consagra campe\u00f3n de la Libertadores o Sudamericana, liberar\u00eda cupos.<\/p>\n<p>El destino de Juan Pablo Vojvoda es incierto, luego del \u00faltimo partido dijo que se reunir\u00eda con el presidente Andr\u00e9s Fassi para analizar los pasos a seguir. Es sabido que el &#8220;Zorro&#8221; Fassi pondera los proyectos y no ser\u00eda extra\u00f1o que el actual DT continu\u00e9 en el cargo, pero esto es f\u00fatbol y nunca se sabe.<\/p>\n<figure id=\"attachment_40083\" aria-describedby=\"caption-attachment-40083\" style=\"width: 650px\" class=\"wp-caption alignnone\"><img loading=\"lazy\" decoding=\"async\" class=\"wp-image-40083 size-full\" src=\"https:\/\/www.cordobatimes.com\/deportes\/wp-content\/uploads\/2019\/05\/vojvo.png\" alt=\"\" width=\"650\" height=\"400\" srcset=\"https:\/\/www.cordobatimes.com\/deportes\/wp-content\/uploads\/2019\/05\/vojvo.png 650w, https:\/\/www.cordobatimes.com\/deportes\/wp-content\/uploads\/2019\/05\/vojvo-300x185.png 300w, https:\/\/www.cordobatimes.com\/deportes\/wp-content\/uploads\/2019\/05\/vojvo-356x220.png 356w\" sizes=\"auto, (max-width: 650px) 100vw, 650px\" \/><figcaption id=\"caption-attachment-40083\" class=\"wp-caption-text\">Juan Pablo Vojvoda y Andres Fassi se reunir\u00e1n para definir el futuro<\/figcaption><\/figure>\n<p>&nbsp;<\/p>\n<p>&nbsp;<\/p>\n","protected":false},"excerpt":{"rendered":"<p>Talleres cerro la temporada, con una imagen poco convincente, luego de la derrota frente Atl\u00e9tico Tucum\u00e1n por 2 a 0. En esta nota, analizaremos y arrojaremos algunos n\u00fameros del andar matador que fue con muchos altibajos. El inicio para Talleres lo marc\u00f3 el 12 de agosto de 2018 jugando de visitante frente a Boca Juniors. [&hellip;]<\/p>\n","protected":false},"author":37,"featured_media":40038,"comment_status":"closed","ping_status":"closed","sticky":false,"template":"","format":"standard","meta":{"_seopress_robots_primary_cat":"none","_seopress_titles_title":"","_seopress_titles_desc":"","_seopress_robots_index":"","footnotes":""},"categories":[2,16],"tags":[526,3366,37,6016,7288,7199,169,7209,7341,7340,64,5500,7339,7338,7337,5966,6684,6484,105,5683,5605],"class_list":["post-40011","post","type-post","status-publish","format-standard","has-post-thumbnail","hentry","category-futbol","category-primera-division","tag-hu","tag-andres-fassi","tag-belgrano","tag-clasico-cordobes","tag-club-atletico-talleres","tag-copa-de-la-superliga","tag-cordoba","tag-dayro-moreno","tag-estadisticas-de-la-superliga","tag-estadisticas-de-talleres","tag-futbol-2","tag-gol-de-sebastian-palacios","tag-golazos-de-la-superliga","tag-golazos-de-talleres","tag-goles-de-talleres","tag-guido-herrera","tag-juan-pablo-vojvoda","tag-komar","tag-primera-division-2","tag-sebastian-palacios","tag-superliga"],"_links":{"self":[{"href":"https:\/\/www.cordobatimes.com\/deportes\/wp-json\/wp\/v2\/posts\/40011","targetHints":{"allow":["GET"]}}],"collection":[{"href":"https:\/\/www.cordobatimes.com\/deportes\/wp-json\/wp\/v2\/posts"}],"about":[{"href":"https:\/\/www.cordobatimes.com\/deportes\/wp-json\/wp\/v2\/types\/post"}],"author":[{"embeddable":true,"href":"https:\/\/www.cordobatimes.com\/deportes\/wp-json\/wp\/v2\/users\/37"}],"replies":[{"embeddable":true,"href":"https:\/\/www.cordobatimes.com\/deportes\/wp-json\/wp\/v2\/comments?post=40011"}],"version-history":[{"count":0,"href":"https:\/\/www.cordobatimes.com\/deportes\/wp-json\/wp\/v2\/posts\/40011\/revisions"}],"wp:featuredmedia":[{"embeddable":true,"href":"https:\/\/www.cordobatimes.com\/deportes\/wp-json\/wp\/v2\/media\/40038"}],"wp:attachment":[{"href":"https:\/\/www.cordobatimes.com\/deportes\/wp-json\/wp\/v2\/media?parent=40011"}],"wp:term":[{"taxonomy":"category","embeddable":true,"href":"https:\/\/www.cordobatimes.com\/deportes\/wp-json\/wp\/v2\/categories?post=40011"},{"taxonomy":"post_tag","embeddable":true,"href":"https:\/\/www.cordobatimes.com\/deportes\/wp-json\/wp\/v2\/tags?post=40011"}],"curies":[{"name":"wp","href":"https:\/\/api.w.org\/{rel}","templated":true}]}}