{"id":39749,"date":"2019-04-27T14:32:12","date_gmt":"2019-04-27T17:32:12","guid":{"rendered":"https:\/\/www.cordobatimes.com\/deportes\/?p=39749"},"modified":"2019-04-27T20:32:36","modified_gmt":"2019-04-27T23:32:36","slug":"barcelona-open-nadal-cayo-en-su-torneo-predilecto-y-thiem-disputara-la-final-frente-a-medvedev","status":"publish","type":"post","link":"https:\/\/www.cordobatimes.com\/deportes\/tenis\/2019\/04\/27\/barcelona-open-nadal-cayo-en-su-torneo-predilecto-y-thiem-disputara-la-final-frente-a-medvedev\/","title":{"rendered":"Barcelona Open: Nadal cay\u00f3 en su torneo predilecto y Thiem disputar\u00e1 la final frente a Medvedev"},"content":{"rendered":"<h3><strong>En tierras hispanas, el Rey de Arcilla cay\u00f3 frente al joven austriaco Dominic Thiem (5\u00b0) y no defender\u00e1 el t\u00edtulo, como le pas\u00f3 en Monte-Carlo hace una semana. El otro finalistas es Danii Medvedev (15\u00b0) que venci\u00f3 a Kei Nishikori (7\u00b0) en tres sets.<\/strong><\/h3>\n<p>Dominic Thiem venci\u00f3 por doble 6-4 al vigente campe\u00f3n Rafael Nadal (2\u00b0) y se meti\u00f3 en la final del Abierto 500 de Barcelona. El austriaco ir\u00e1 por su 4to t\u00edtulo ATP (500 Acapulco 2016, 500 R\u00edo 2017 y el Master 1000 de Indian Wells 2019) frente al ruso Danii Medvedev que super\u00f3 6-4, 3-6 y 7-5 al japon\u00e9s Kei Nishikori. El tenista moscovita cosecha 4 t\u00edtulos ATP (3 t\u00edtulos 500, Sidney 2018, Winston-Salem 2018, Sof\u00eda 2019, y el ATP 500 de Tokio 2018).<\/p>\n<blockquote class=\"twitter-tweet\" data-width=\"550\" data-dnt=\"true\">\n<p lang=\"en\" dir=\"ltr\">\ud83c\udde6\ud83c\uddf9\u00a0<a href=\"https:\/\/twitter.com\/ThiemDomi?ref_src=twsrc%5Etfw\">@ThiemDomi<\/a> has done it! \ud83d\ude31<\/p>\n<p>He has beaten <a href=\"https:\/\/twitter.com\/RafaelNadal?ref_src=twsrc%5Etfw\">@RafaelNadal<\/a> at the <a href=\"https:\/\/twitter.com\/hashtag\/bcnopenbs?src=hash&amp;ref_src=twsrc%5Etfw\">#bcnopenbs<\/a> \ud83d\ude4c\ud83c\udffb\ud83d\ude4c\ud83c\udffb\ud83d\ude4c\ud83c\udffb\ud83d\ude4c\ud83c\udffb <a href=\"https:\/\/t.co\/7r69Kc8Q3W\">pic.twitter.com\/7r69Kc8Q3W<\/a><\/p>\n<p>&mdash; Barcelona Open Banc Sabadell (@bcnopenbs) <a href=\"https:\/\/twitter.com\/bcnopenbs\/status\/1122180520211877888?ref_src=twsrc%5Etfw\">April 27, 2019<\/a><\/p><\/blockquote>\n<p><script async src=\"https:\/\/platform.twitter.com\/widgets.js\" charset=\"utf-8\"><\/script><\/p>\n<p>La final se disputar\u00e1 ma\u00f1ana domingo desde las 11 (hora argentina) en la pista Rafael Nadal. Si triunfa el austriaco, quedar\u00e1 a pocos puntos de Roger Federer para alcanzar el 4 puesto, mientras que el ruso debe ganar para alcanzar el puesto 13 y su mejor ubicaci\u00f3n.<\/p>\n<blockquote class=\"twitter-tweet\" data-width=\"550\" data-dnt=\"true\">\n<p lang=\"es\" dir=\"ltr\"><a href=\"https:\/\/twitter.com\/hashtag\/ATPBarcelona?src=hash&amp;ref_src=twsrc%5Etfw\">#ATPBarcelona<\/a> \ud83c\uddea\ud83c\uddf8 <a href=\"https:\/\/twitter.com\/hashtag\/Medvedev?src=hash&amp;ref_src=twsrc%5Etfw\">#Medvedev<\/a> \ud83c\uddf7\ud83c\uddfa finalista!!, el joven ruso sigue demostrando su crecimiento y buscar\u00e1 su primer t\u00edtulo en arcilla tras imponerse a <a href=\"https:\/\/twitter.com\/hashtag\/Nishikori?src=hash&amp;ref_src=twsrc%5Etfw\">#Nishikori<\/a> \ud83c\uddef\ud83c\uddf5 por 6-4,3-6,7-5.<a href=\"https:\/\/t.co\/JnwseOrUoU\">pic.twitter.com\/JnwseOrUoU<\/a><\/p>\n<p>&mdash; A todo Deporte (@A_todoDeporte) <a href=\"https:\/\/twitter.com\/A_todoDeporte\/status\/1122208405324800005?ref_src=twsrc%5Etfw\">April 27, 2019<\/a><\/p><\/blockquote>\n<p><script async src=\"https:\/\/platform.twitter.com\/widgets.js\" charset=\"utf-8\"><\/script><\/p>\n","protected":false},"excerpt":{"rendered":"<p>En tierras hispanas, el Rey de Arcilla cay\u00f3 frente al joven austriaco Dominic Thiem (5\u00b0) y no defender\u00e1 el t\u00edtulo, como le pas\u00f3 en Monte-Carlo hace una semana. El otro finalistas es Danii Medvedev (15\u00b0) que venci\u00f3 a Kei Nishikori (7\u00b0) en tres sets. Dominic Thiem venci\u00f3 por doble 6-4 al vigente campe\u00f3n Rafael Nadal [&hellip;]<\/p>\n","protected":false},"author":33,"featured_media":39754,"comment_status":"closed","ping_status":"closed","sticky":false,"template":"","format":"standard","meta":{"_seopress_robots_primary_cat":"none","_seopress_titles_title":"","_seopress_titles_desc":"","_seopress_robots_index":"","footnotes":""},"categories":[4],"tags":[3553,7247,7216,7204,6026,3942,7248,433,7246],"class_list":["post-39749","post","type-post","status-publish","format-standard","has-post-thumbnail","hentry","category-tenis","tag-atp-500","tag-atp-barcleona","tag-barcelona-open","tag-danii-medvedev","tag-dominic-thiem","tag-kei-nishikori","tag-rafa-nadal","tag-rafael-nadal","tag-trofeo-conde-de-godo"],"_links":{"self":[{"href":"https:\/\/www.cordobatimes.com\/deportes\/wp-json\/wp\/v2\/posts\/39749","targetHints":{"allow":["GET"]}}],"collection":[{"href":"https:\/\/www.cordobatimes.com\/deportes\/wp-json\/wp\/v2\/posts"}],"about":[{"href":"https:\/\/www.cordobatimes.com\/deportes\/wp-json\/wp\/v2\/types\/post"}],"author":[{"embeddable":true,"href":"https:\/\/www.cordobatimes.com\/deportes\/wp-json\/wp\/v2\/users\/33"}],"replies":[{"embeddable":true,"href":"https:\/\/www.cordobatimes.com\/deportes\/wp-json\/wp\/v2\/comments?post=39749"}],"version-history":[{"count":0,"href":"https:\/\/www.cordobatimes.com\/deportes\/wp-json\/wp\/v2\/posts\/39749\/revisions"}],"wp:featuredmedia":[{"embeddable":true,"href":"https:\/\/www.cordobatimes.com\/deportes\/wp-json\/wp\/v2\/media\/39754"}],"wp:attachment":[{"href":"https:\/\/www.cordobatimes.com\/deportes\/wp-json\/wp\/v2\/media?parent=39749"}],"wp:term":[{"taxonomy":"category","embeddable":true,"href":"https:\/\/www.cordobatimes.com\/deportes\/wp-json\/wp\/v2\/categories?post=39749"},{"taxonomy":"post_tag","embeddable":true,"href":"https:\/\/www.cordobatimes.com\/deportes\/wp-json\/wp\/v2\/tags?post=39749"}],"curies":[{"name":"wp","href":"https:\/\/api.w.org\/{rel}","templated":true}]}}