{"id":39738,"date":"2019-04-27T18:13:51","date_gmt":"2019-04-27T21:13:51","guid":{"rendered":"https:\/\/www.cordobatimes.com\/deportes\/?p=39738"},"modified":"2019-04-27T20:34:05","modified_gmt":"2019-04-27T23:34:05","slug":"barcelona-campeon-de-la-liga-con-gol-de-messi","status":"publish","type":"post","link":"https:\/\/www.cordobatimes.com\/deportes\/futbol-internacional\/2019\/04\/27\/barcelona-campeon-de-la-liga-con-gol-de-messi\/","title":{"rendered":"Barcelona campe\u00f3n de La Liga con gol de Messi"},"content":{"rendered":"<h3><strong>El conjunto catal\u00e1n venci\u00f3 1-0 al Levante con gol del &#8217;10&#8217; y grit\u00f3 campe\u00f3n por vig\u00e9sima sexta vez en su historia y cuarta de manera consecutiva. Lionel Messi levant\u00f3 el trofeo de la La Liga por primera vez como capit\u00e1n de los cul\u00e9.<\/strong><\/h3>\n<p>La liga de Espa\u00f1a parec\u00eda definida hace mucho tiempo, pero le hac\u00eda falta un punto al Barcelona para poder levantar el trofeo. En la noche de Catalunya en el estadio Camp Nou, Lionel Messi marc\u00f3 el gol que bast\u00f3 para sentenciaron el torneo.<\/p>\n<blockquote class=\"twitter-tweet\" data-width=\"550\" data-dnt=\"true\">\n<p lang=\"es\" dir=\"ltr\">\u00a1CAMPEOOOOOONES!<br \/>\ud83c\udfc6 <a href=\"https:\/\/twitter.com\/LaLiga?ref_src=twsrc%5Etfw\">@LaLiga<\/a> 2018-19<br \/>\ud83d\ude4c Capit\u00e1n Leo <a href=\"https:\/\/twitter.com\/hashtag\/Messi?src=hash&amp;ref_src=twsrc%5Etfw\">#Messi<\/a> <br \/>\ud83d\udd35\ud83d\udd34 <a href=\"https:\/\/twitter.com\/hashtag\/WeColorLaLiga?src=hash&amp;ref_src=twsrc%5Etfw\">#WeColorLaLiga<\/a> <a href=\"https:\/\/t.co\/3BVHkUIIZH\">pic.twitter.com\/3BVHkUIIZH<\/a><\/p>\n<p>&mdash; FC Barcelona (@FCBarcelona_es) <a href=\"https:\/\/twitter.com\/FCBarcelona_es\/status\/1122241305264951298?ref_src=twsrc%5Etfw\">April 27, 2019<\/a><\/p><\/blockquote>\n<p><script async src=\"https:\/\/platform.twitter.com\/widgets.js\" charset=\"utf-8\"><\/script><\/p>\n<p>El partido no cont\u00f3 con muchas ocasiones de gol, especialmente en la primera parta donde el 10 estuvo sentado en el banco. En astro argentino ingres\u00f3 en el complemento y tard\u00f3 16&#8242; en anotar el gol de la victoria. Messi tom\u00f3 la pelota en el \u00e1rea, dej\u00f3 dos rivales en el camino y defini\u00f3 al palo derecho de Aitor Fern\u00e1ndez. El gol del rosarino no solo lo deja como m\u00e1ximo artillero de la Liga, sino que a falta de 3 jornadas, con 9 puntos de ventaja sobre el Atl\u00e9tico Madrid, el conjunto cul\u00e9 se coron\u00f3 campe\u00f3n. Aunque existe la posibilidad matem\u00e1tica de un empate de puntos en la cima, la victoria en el \u00faltimo enfrentamiento le da la ventaja deportiva a los catalanes que alcanza para consagrarse por 4ta vez consecutiva.<\/p>\n<blockquote class=\"twitter-tweet\" data-width=\"550\" data-dnt=\"true\">\n<p lang=\"es\" dir=\"ltr\">\ud83c\udfc6 \u00a1CAMPEONES DE <a href=\"https:\/\/twitter.com\/LaLiga?ref_src=twsrc%5Etfw\">@LaLiga<\/a> 2018-19!<br \/>8 ligas en 11 a\u00f1os.<br \/>Lo extraordinario es que parezca normal.<br \/>\ud83d\udd8c\ud83c\udfa8 <a href=\"https:\/\/twitter.com\/hashtag\/WeColorLaLiga?src=hash&amp;ref_src=twsrc%5Etfw\">#WeColorLaLiga<\/a> \ud83d\udd35\ud83d\udd34 <a href=\"https:\/\/t.co\/DTaxW48bJm\">pic.twitter.com\/DTaxW48bJm<\/a><\/p>\n<p>&mdash; FC Barcelona (@FCBarcelona_es) <a href=\"https:\/\/twitter.com\/FCBarcelona_es\/status\/1122238518003105795?ref_src=twsrc%5Etfw\">April 27, 2019<\/a><\/p><\/blockquote>\n<p><script async src=\"https:\/\/platform.twitter.com\/widgets.js\" charset=\"utf-8\"><\/script><\/p>\n<p>Este es el t\u00edtulo de Liga n\u00famero 26 del Barcelona y la 10ma desde la aparici\u00f3n del argentino en la primera del club. La federaci\u00f3n espa\u00f1ola entreg\u00f3 el premio en el Camp Nou y el 10 levant\u00f3 su primer trofeo como capit\u00e1n del club. Barcelona va en busca de la triple corona y para eso debe superar a Valencia en la final de la Copa del Rey, y a Liverpool en semifinales de la UEFA Champions League.<\/p>\n<blockquote class=\"twitter-tweet\" data-width=\"550\" data-dnt=\"true\">\n<p lang=\"es\" dir=\"ltr\">\ud83d\udc51 Leo <a href=\"https:\/\/twitter.com\/hashtag\/Messi?src=hash&amp;ref_src=twsrc%5Etfw\">#Messi<\/a><\/p>\n<p>Ganar tu 10\u00aa liga y celebrarlo con los que m\u00e1s quieres \ud83d\udc99\u2764 <a href=\"https:\/\/twitter.com\/hashtag\/WeColorLaLiga?src=hash&amp;ref_src=twsrc%5Etfw\">#WeColorLaLiga<\/a> <a href=\"https:\/\/t.co\/USe1gwDn0R\">pic.twitter.com\/USe1gwDn0R<\/a><\/p>\n<p>&mdash; FC Barcelona (@FCBarcelona_es) <a href=\"https:\/\/twitter.com\/FCBarcelona_es\/status\/1122246044258131968?ref_src=twsrc%5Etfw\">April 27, 2019<\/a><\/p><\/blockquote>\n<p><script async src=\"https:\/\/platform.twitter.com\/widgets.js\" charset=\"utf-8\"><\/script><\/p>\n<p>&nbsp;<\/p>\n<p><iframe loading=\"lazy\" width=\"696\" height=\"392\" src=\"https:\/\/www.youtube.com\/embed\/qw5WhYJ7uoc?feature=oembed\" frameborder=\"0\" allow=\"accelerometer; autoplay; encrypted-media; gyroscope; picture-in-picture\" allowfullscreen><\/iframe><\/p>\n","protected":false},"excerpt":{"rendered":"<p>El conjunto catal\u00e1n venci\u00f3 1-0 al Levante con gol del &#8217;10&#8217; y grit\u00f3 campe\u00f3n por vig\u00e9sima sexta vez en su historia y cuarta de manera consecutiva. Lionel Messi levant\u00f3 el trofeo de la La Liga por primera vez como capit\u00e1n de los cul\u00e9. La liga de Espa\u00f1a parec\u00eda definida hace mucho tiempo, pero le hac\u00eda [&hellip;]<\/p>\n","protected":false},"author":33,"featured_media":39743,"comment_status":"closed","ping_status":"closed","sticky":false,"template":"","format":"standard","meta":{"_seopress_robots_primary_cat":"none","_seopress_titles_title":"","_seopress_titles_desc":"","_seopress_robots_index":"","footnotes":""},"categories":[18],"tags":[67,7245,912,7244,1889,88,260],"class_list":["post-39738","post","type-post","status-publish","format-standard","has-post-thumbnail","hentry","category-futbol-internacional","tag-barcelona","tag-barza","tag-campeon","tag-cule","tag-la-liga","tag-messi","tag-suarez"],"_links":{"self":[{"href":"https:\/\/www.cordobatimes.com\/deportes\/wp-json\/wp\/v2\/posts\/39738","targetHints":{"allow":["GET"]}}],"collection":[{"href":"https:\/\/www.cordobatimes.com\/deportes\/wp-json\/wp\/v2\/posts"}],"about":[{"href":"https:\/\/www.cordobatimes.com\/deportes\/wp-json\/wp\/v2\/types\/post"}],"author":[{"embeddable":true,"href":"https:\/\/www.cordobatimes.com\/deportes\/wp-json\/wp\/v2\/users\/33"}],"replies":[{"embeddable":true,"href":"https:\/\/www.cordobatimes.com\/deportes\/wp-json\/wp\/v2\/comments?post=39738"}],"version-history":[{"count":0,"href":"https:\/\/www.cordobatimes.com\/deportes\/wp-json\/wp\/v2\/posts\/39738\/revisions"}],"wp:featuredmedia":[{"embeddable":true,"href":"https:\/\/www.cordobatimes.com\/deportes\/wp-json\/wp\/v2\/media\/39743"}],"wp:attachment":[{"href":"https:\/\/www.cordobatimes.com\/deportes\/wp-json\/wp\/v2\/media?parent=39738"}],"wp:term":[{"taxonomy":"category","embeddable":true,"href":"https:\/\/www.cordobatimes.com\/deportes\/wp-json\/wp\/v2\/categories?post=39738"},{"taxonomy":"post_tag","embeddable":true,"href":"https:\/\/www.cordobatimes.com\/deportes\/wp-json\/wp\/v2\/tags?post=39738"}],"curies":[{"name":"wp","href":"https:\/\/api.w.org\/{rel}","templated":true}]}}