{"id":39718,"date":"2019-04-27T00:24:54","date_gmt":"2019-04-27T03:24:54","guid":{"rendered":"https:\/\/www.cordobatimes.com\/deportes\/?p=39718"},"modified":"2019-04-27T00:43:22","modified_gmt":"2019-04-27T03:43:22","slug":"copa-de-la-superliga-talleres-vencio-a-atletico-tucuman-en-un-partidazo","status":"publish","type":"post","link":"https:\/\/www.cordobatimes.com\/deportes\/futbol\/2019\/04\/27\/copa-de-la-superliga-talleres-vencio-a-atletico-tucuman-en-un-partidazo\/","title":{"rendered":"Copa de la Superliga: Talleres venci\u00f3 a  Atl\u00e9tico Tucum\u00e1n en un partidazo"},"content":{"rendered":"<h3><strong>La &#8216;T&#8217; super\u00f3 al Decano 3-2 en C\u00f3rdoba y viajar\u00e1 a Tucum\u00e1n con ventaja. Los goles llegaron por parte Sebasti\u00e1n Palacios y un doblete de Dayro Moreno para los locales, mientras que Javier Toledo anot\u00f3 los dos goles visitantes.\u00a0<\/strong><\/h3>\n<p>Los 8vos de final de la Copa de la Superliga comenzaron en el Mario Alberto Kempes con Talleres frente a Atl\u00e9tico Tucum\u00e1n. El Matador se llev\u00f3 un victoria clave con el objetivo de meterse en cuartos, pero los dos goles de visitantes esperanzan al Decano que buscar\u00e1 la victoria en Tucum\u00e1n.<\/p>\n<blockquote class=\"twitter-tweet\" data-width=\"550\" data-dnt=\"true\">\n<p lang=\"es\" dir=\"ltr\"><a href=\"https:\/\/twitter.com\/hashtag\/CopaSuperliga?src=hash&amp;ref_src=twsrc%5Etfw\">#CopaSuperliga<\/a> | \u00a1Tremendo recibimiento en C\u00f3rdoba! \ud83c\udf86\ud83c\udf86\ud83c\udf86\ud83c\udf86<a href=\"https:\/\/twitter.com\/hashtag\/Talleres?src=hash&amp;ref_src=twsrc%5Etfw\">#Talleres<\/a> \ud83c\udd9a <a href=\"https:\/\/twitter.com\/hashtag\/Atl%C3%A9ticoTucum%C3%A1n?src=hash&amp;ref_src=twsrc%5Etfw\">#Atl\u00e9ticoTucum\u00e1n<\/a> <a href=\"https:\/\/t.co\/JjlP8FHBjs\">pic.twitter.com\/JjlP8FHBjs<\/a><\/p>\n<p>&mdash; TNT Sports LA (@TNTSportsLA) <a href=\"https:\/\/twitter.com\/TNTSportsLA\/status\/1121930600389259266?ref_src=twsrc%5Etfw\">April 27, 2019<\/a><\/p><\/blockquote>\n<p><script async src=\"https:\/\/platform.twitter.com\/widgets.js\" charset=\"utf-8\"><\/script><\/p>\n<p>En una noche de goles, Talleres abri\u00f3 el marcador a los 15&#8242; a trav\u00e9s de Sebasti\u00e1n Palacios, luego de una gran jugada de Mauro Ort\u00edz que asisti\u00f3 a su compa\u00f1ero para que eluda al arquero Cristian Luchetti y marque el 1-0. Antes de finalizar la primera mitad, Javier Toledo empat\u00f3 a los 40&#8242;, que conect\u00f3 un pase al centro del \u00e1rea chica de Leandro D\u00edaz. Con el 1-1 se fueron al descanso, pero a los 9&#8242; del complemento, el colombiano Dayro Moreno puso en ventaja al Matador nuevamente. El 2-1 lleg\u00f3 por un tiro libre de Tom\u00e1s Pochettino que se desvi\u00f3 en la barrera y el delantero cafetero corrigi\u00f3 a las puertas del arco. A los 25&#8242;, Bruno Bianchi vio la segunda amarilla tras golpear a Pochettino en la mitad de la cancha. El tercero tambi\u00e9n fue del colombiano, aprovechando la ventaja n\u00famerica de jugadores en campo, que apareci\u00f3 por detr\u00e1s de la defensa tucumana e impact\u00f3 el centro de una de las figuras del equipo cordob\u00e9s, Tom\u00e1s Pochettino, a los 32&#8242;. Solo 3 minutos despu\u00e9s del gol, Ricardo Noir tuvo que abandonar la cancha luego que el \u00e1rbitro Nicol\u00e1s Lamolina le mostr\u00f3 la roja por una patada a Pochettino, que fue participe de casi todas las jugadas relevantes del encuentro. Con 2 jugadores menos, el Decano alcanz\u00f3 el descuento gracias a Javier Toledo que a los 43&#8242; marc\u00f3 2-3 definitivo.<\/p>\n<blockquote class=\"twitter-tweet\" data-width=\"550\" data-dnt=\"true\">\n<p lang=\"es\" dir=\"ltr\">Dayro Moreno | <a href=\"https:\/\/twitter.com\/hashtag\/Talleres?src=hash&amp;ref_src=twsrc%5Etfw\">#Talleres<\/a><\/p>\n<p>33 a\u00f1os. <br \/>17 partidos jugados.<br \/>7 goles convertidos.<br \/>3 asistencias.<br \/>Lleva 3 tantos en la <a href=\"https:\/\/twitter.com\/hashtag\/CopaSuperliga?src=hash&amp;ref_src=twsrc%5Etfw\">#CopaSuperliga<\/a><\/p>\n<p>Jerarqu\u00eda cafetera \ud83c\udde8\ud83c\uddf4 \ud83d\udd25 <a href=\"https:\/\/t.co\/rVEVBltesX\">pic.twitter.com\/rVEVBltesX<\/a><\/p>\n<p>&mdash; DataRef (@DataRef_) <a href=\"https:\/\/twitter.com\/DataRef_\/status\/1121957988296798208?ref_src=twsrc%5Etfw\">April 27, 2019<\/a><\/p><\/blockquote>\n<p><script async src=\"https:\/\/platform.twitter.com\/widgets.js\" charset=\"utf-8\"><\/script><\/p>\n<p>La &#8216;T&#8217; dej\u00f3 una gran imagen ofensiva y mereci\u00f3 una mayor diferencia, pero el amor propio de los tucumanos dej\u00f3 un marcador m\u00e1s parejo. El problema para los cordobeses fueron los 2 goles en contra, no solo por el valor del gol de visitante, sino tambi\u00e9n por la superioridad durante los 90&#8242;, sumado a las dos expulsiones del equipo rival.<\/p>\n<blockquote class=\"twitter-tweet\" data-width=\"550\" data-dnt=\"true\">\n<p lang=\"es\" dir=\"ltr\">&quot;SAB\u00cdAMOS QUE VEN\u00cdAMOS A UNA CANCHA DIF\u00cdCIL&quot;<a href=\"https:\/\/twitter.com\/hashtag\/CentralFOX?src=hash&amp;ref_src=twsrc%5Etfw\">#CentralFOX<\/a> | Javier Toledo, autor de dos goles, habl\u00f3 sobre la derrota de Atl\u00e9tico Tucum\u00e1n en la <a href=\"https:\/\/twitter.com\/hashtag\/CopaSuperligaxFOX?src=hash&amp;ref_src=twsrc%5Etfw\">#CopaSuperligaxFOX<\/a><\/p>\n<p>\u00a1Descarga la APP! <a href=\"https:\/\/t.co\/T5cuSvu2EI\">https:\/\/t.co\/T5cuSvu2EI<\/a> <a href=\"https:\/\/t.co\/F4yTC9YAVl\">pic.twitter.com\/F4yTC9YAVl<\/a><\/p>\n<p>&mdash; FOX Sports Argentina (@FOXSportsArg) <a href=\"https:\/\/twitter.com\/FOXSportsArg\/status\/1121963161450627072?ref_src=twsrc%5Etfw\">April 27, 2019<\/a><\/p><\/blockquote>\n<p><script async src=\"https:\/\/platform.twitter.com\/widgets.js\" charset=\"utf-8\"><\/script><\/p>\n<p>La revancha se disputar\u00e1 e s\u00e1bado 4 de mayo a las 15:30 hs en el estadio Monumental Jos\u00e9 Fierro de Tucum\u00e1n.<\/p>\n<p><iframe loading=\"lazy\" width=\"696\" height=\"392\" src=\"https:\/\/www.youtube.com\/embed\/ts5NmFNjEYc?feature=oembed\" frameborder=\"0\" allow=\"accelerometer; autoplay; encrypted-media; gyroscope; picture-in-picture\" allowfullscreen><\/iframe><\/p>\n","protected":false},"excerpt":{"rendered":"<p>La &#8216;T&#8217; super\u00f3 al Decano 3-2 en C\u00f3rdoba y viajar\u00e1 a Tucum\u00e1n con ventaja. Los goles llegaron por parte Sebasti\u00e1n Palacios y un doblete de Dayro Moreno para los locales, mientras que Javier Toledo anot\u00f3 los dos goles visitantes.\u00a0 Los 8vos de final de la Copa de la Superliga comenzaron en el Mario Alberto Kempes [&hellip;]<\/p>\n","protected":false},"author":33,"featured_media":39732,"comment_status":"closed","ping_status":"closed","sticky":false,"template":"","format":"standard","meta":{"_seopress_robots_primary_cat":"none","_seopress_titles_title":"","_seopress_titles_desc":"","_seopress_robots_index":"","footnotes":""},"categories":[2,16],"tags":[601,169,7209,6486,7242,2671,516,2137,7243,40,539],"class_list":["post-39718","post","type-post","status-publish","format-standard","has-post-thumbnail","hentry","category-futbol","category-primera-division","tag-atletico-tucuman","tag-cordoba","tag-dayro-moreno","tag-decano","tag-javier-toledo","tag-la-t","tag-mario-alberto-kempes","tag-matador","tag-noir","tag-talleres","tag-tucuman"],"_links":{"self":[{"href":"https:\/\/www.cordobatimes.com\/deportes\/wp-json\/wp\/v2\/posts\/39718","targetHints":{"allow":["GET"]}}],"collection":[{"href":"https:\/\/www.cordobatimes.com\/deportes\/wp-json\/wp\/v2\/posts"}],"about":[{"href":"https:\/\/www.cordobatimes.com\/deportes\/wp-json\/wp\/v2\/types\/post"}],"author":[{"embeddable":true,"href":"https:\/\/www.cordobatimes.com\/deportes\/wp-json\/wp\/v2\/users\/33"}],"replies":[{"embeddable":true,"href":"https:\/\/www.cordobatimes.com\/deportes\/wp-json\/wp\/v2\/comments?post=39718"}],"version-history":[{"count":0,"href":"https:\/\/www.cordobatimes.com\/deportes\/wp-json\/wp\/v2\/posts\/39718\/revisions"}],"wp:featuredmedia":[{"embeddable":true,"href":"https:\/\/www.cordobatimes.com\/deportes\/wp-json\/wp\/v2\/media\/39732"}],"wp:attachment":[{"href":"https:\/\/www.cordobatimes.com\/deportes\/wp-json\/wp\/v2\/media?parent=39718"}],"wp:term":[{"taxonomy":"category","embeddable":true,"href":"https:\/\/www.cordobatimes.com\/deportes\/wp-json\/wp\/v2\/categories?post=39718"},{"taxonomy":"post_tag","embeddable":true,"href":"https:\/\/www.cordobatimes.com\/deportes\/wp-json\/wp\/v2\/tags?post=39718"}],"curies":[{"name":"wp","href":"https:\/\/api.w.org\/{rel}","templated":true}]}}