{"id":39395,"date":"2019-04-17T15:43:35","date_gmt":"2019-04-17T18:43:35","guid":{"rendered":"https:\/\/www.cordobatimes.com\/deportes\/?p=39395"},"modified":"2019-04-17T16:01:36","modified_gmt":"2019-04-17T19:01:36","slug":"cordoba-enciende-los-motores-para-recibir-al-rally-mundial-2019","status":"publish","type":"post","link":"https:\/\/www.cordobatimes.com\/deportes\/automovilismo\/2019\/04\/17\/cordoba-enciende-los-motores-para-recibir-al-rally-mundial-2019\/","title":{"rendered":"C\u00f3rdoba enciende los motores para recibir al Rally Mundial 2019"},"content":{"rendered":"<h3><strong>Del 25 al 28 de abril se realizar\u00e1 la 39\u00b0 edici\u00f3n de este certamen organizado por el Autom\u00f3vil Club Argentino. Ya se hicieron operativos de seguridad simulados a la espera de la llegada de los autos m\u00e1s potentes del mundo y su paso por las serran\u00edas cordobesas.<\/strong><\/h3>\n<p><strong>Se trata de una de las fechas m\u00e1s convocantes en la temporada del WRC<\/strong>. Seg\u00fan una nota publicada por la empresa promotora del WRC, la temporada 2018 del Campeonato del Mundo FIA de Rally tuvo m\u00e1s de cuatro millones de espectadores en sus 13 fechas. Entre estas, el Rally Argentina es una de las que mayor cantidad aport\u00f3 superando ampliamente los 700.000 el a\u00f1o pasado.<\/p>\n<h3><strong>El recorrido<\/strong><\/h3>\n<p><iframe src=\"https:\/\/www.cordobatimes.com\/deportes\/wp-content\/uploads\/2019\/04\/00-mapa_RA2019.pdf\" \nstyle=\"width:100%; height:1000px;\" frameborder=\"0\"><\/iframe><\/p>\n<p>El<strong>\u00a0jueves 25 de abril<\/strong>, la acci\u00f3n comenzar\u00e1\u00a0<strong>con el Shakedown en Villa Carlos Paz<\/strong>\u00a0a partir de las\u00a0<strong>10 de la ma\u00f1ana<\/strong>. Por la noche,\u00a0<strong>se repetir\u00e1 el Superprime en Villa Carlos Paz de 1,90 km<\/strong>, con horario de partida a las\u00a0<strong>19:08.<\/strong><\/p>\n<p>En tanto, el\u00a0<strong>viernes 26 de abril, el valle de Calamuchita<\/strong>\u00a0abrir\u00e1 la primera etapa con siete tramos: PE 2 y PE 6 (Las Bajadas-Villa del Dique, 16.65 km) largan: 8.08 y 14.51. PE 3 PE 7 (Amboy-Yacanto, 30,58 km), largan: 8.55 y 15.38; PE 4 y PE 8 (Santa Rosa de Calamuchita-San Agust\u00edn, 23,85 km), largan: 10.08 y 16.51 y PE 5 (Parque Tem\u00e1tico de Villa Carlos Paz, dos vueltas, 6,04 km) a partir de las 12.03, que marcar\u00e1 la mitad de la etapa entre la ma\u00f1ana y antes de los tramos de la tarde. El ingreso al parque de servicio de Carlos Paz ser\u00e1 a las 12.43 y ahora se extender\u00e1 por 40 minutos, en lugar de los 30 anteriores, para que haya una mayor interacci\u00f3n entre los pilotos y el p\u00fablico.<\/p>\n<p>El\u00a0<strong>s\u00e1bado 27 de abril<\/strong>\u00a0comienza la etapa del<strong>\u00a0valle de Punilla<\/strong>\u00a0con estos tramos: (PE 9 y PE 13, Tanti-Mataderos, 13,92 km), largan: 7.47 y 13.17; (PE 10 y PE 14, Mataderos-Cuchilla Nevada, 22,67 km), largan: 8.38 y 14.08. Este tramo en 2018 fue Los Gigantes-Cuchilla Nevada con 16.02 km. PE 11 y PE 15 (Cuchilla Nevada-Characato, 33,65 km) largan: 9.25 y 14.55. Este segmento en 2018 comprendi\u00f3 Cuchilla Nevada con R\u00edo Pintos, de 40,48 km. PE 12 (Superprime del Parque Tem\u00e1tico de Villa Carlos Paz, 6,04 km en dos vueltas), a partir de las 11:26 horas.<\/p>\n<p>Finalmente, el\u00a0<strong>domingo 28 de abril,<\/strong>\u00a0el ep\u00edlogo de la prueba estar\u00e1 reservado para el\u00a0<strong>valle de Traslasierra<\/strong>\u00a0con tres tramos: PE 16 y PE 18 (Power Stage) entre Copina y El C\u00f3ndor, 16,43 km) a las 9.18 y 12.18 y PE 17 (Mina Clavero-Giulio Cesare, 20 km) a partir de las 10.31 y como \u201cpuente\u201d de las dos anteriores.<\/p>\n<p>La pasi\u00f3n con la que se vive cada instancia del WRC en el Rally Argentina, es una de las claves para que esta cita mundialista sea una de las que mayor cantidad de asistentes aporte a este certamen. Tambi\u00e9n las distintas alternativas que brinda la organizaci\u00f3n para poder seguirlo en los tramos de competici\u00f3n como en el parque de servicios, en su mayor\u00eda con accesos libre y gratuito, hacen que este rally sea vivido como una gran fiesta por los cientos de miles de fan\u00e1ticos que viajan a las sierras cordobesas, tanto argentinos como extranjeros.<\/p>\n","protected":false},"excerpt":{"rendered":"<p>Del 25 al 28 de abril se realizar\u00e1 la 39\u00b0 edici\u00f3n de este certamen organizado por el Autom\u00f3vil Club Argentino. Ya se hicieron operativos de seguridad simulados a la espera de la llegada de los autos m\u00e1s potentes del mundo y su paso por las serran\u00edas cordobesas. Se trata de una de las fechas m\u00e1s [&hellip;]<\/p>\n","protected":false},"author":1,"featured_media":39402,"comment_status":"closed","ping_status":"closed","sticky":false,"template":"","format":"video","meta":{"_seopress_robots_primary_cat":"none","_seopress_titles_title":"","_seopress_titles_desc":"","_seopress_robots_index":"","footnotes":""},"categories":[1,14],"tags":[7167],"class_list":["post-39395","post","type-post","status-publish","format-video","has-post-thumbnail","hentry","category-automovilismo","category-rally","tag-tramos-rally-en-cordoba-2019","post_format-post-format-video"],"_links":{"self":[{"href":"https:\/\/www.cordobatimes.com\/deportes\/wp-json\/wp\/v2\/posts\/39395","targetHints":{"allow":["GET"]}}],"collection":[{"href":"https:\/\/www.cordobatimes.com\/deportes\/wp-json\/wp\/v2\/posts"}],"about":[{"href":"https:\/\/www.cordobatimes.com\/deportes\/wp-json\/wp\/v2\/types\/post"}],"author":[{"embeddable":true,"href":"https:\/\/www.cordobatimes.com\/deportes\/wp-json\/wp\/v2\/users\/1"}],"replies":[{"embeddable":true,"href":"https:\/\/www.cordobatimes.com\/deportes\/wp-json\/wp\/v2\/comments?post=39395"}],"version-history":[{"count":0,"href":"https:\/\/www.cordobatimes.com\/deportes\/wp-json\/wp\/v2\/posts\/39395\/revisions"}],"wp:featuredmedia":[{"embeddable":true,"href":"https:\/\/www.cordobatimes.com\/deportes\/wp-json\/wp\/v2\/media\/39402"}],"wp:attachment":[{"href":"https:\/\/www.cordobatimes.com\/deportes\/wp-json\/wp\/v2\/media?parent=39395"}],"wp:term":[{"taxonomy":"category","embeddable":true,"href":"https:\/\/www.cordobatimes.com\/deportes\/wp-json\/wp\/v2\/categories?post=39395"},{"taxonomy":"post_tag","embeddable":true,"href":"https:\/\/www.cordobatimes.com\/deportes\/wp-json\/wp\/v2\/tags?post=39395"}],"curies":[{"name":"wp","href":"https:\/\/api.w.org\/{rel}","templated":true}]}}