{"id":38971,"date":"2019-04-07T23:30:21","date_gmt":"2019-04-08T02:30:21","guid":{"rendered":"https:\/\/cordobatimes.com\/deportes\/?p=38971"},"modified":"2019-04-08T05:00:16","modified_gmt":"2019-04-08T08:00:16","slug":"futbol-de-salon-argentina-campeon-del-mundo","status":"publish","type":"post","link":"https:\/\/www.cordobatimes.com\/deportes\/futbol\/2019\/04\/07\/futbol-de-salon-argentina-campeon-del-mundo\/","title":{"rendered":"F\u00fatbol de Sal\u00f3n: Argentina campe\u00f3n del mundo"},"content":{"rendered":"<h3><strong>La Selecci\u00f3n Argentina super\u00f3 3-2 a Brasil y se consagr\u00f3 campe\u00f3n del Mundial de Futsal por segunda vez en su historia.<\/strong><strong>\u00a0<\/strong><\/h3>\n<p>El combinado nacional se proclam\u00f3 campe\u00f3n del torneo Mundial de Futsal tras superar por 3-2 a la selecci\u00f3n de Brasil. El campeonato se disput\u00f3 en la provincia de Misiones, Argentina, y la final se llev\u00f3 a cabo en la ciudad de Montecarlo. Es la tercera vez que el mundial se disputa en suelo albiceleste, las otras dos oportunidades fueron en 1994 y 2007. Es la segunda vez en la historia que el seleccionado argentino levanta el trofeo del mundo, tras haber conseguido el t\u00edtulo en 1994. <strong>(No hay que confundir al seleccionado de Futsal\/ f\u00fatbol de sal\u00f3n, con el seleccionado de f\u00fatbol sala, quienes se consagraron campeones en 2016).<\/strong><\/p>\n<blockquote class=\"twitter-tweet\" data-width=\"550\" data-dnt=\"true\">\n<p lang=\"es\" dir=\"ltr\">ARGENTINA CAMPE\u00d3N <a href=\"https:\/\/t.co\/Jy9Nv3SlcP\">pic.twitter.com\/Jy9Nv3SlcP<\/a><\/p>\n<p>&mdash; Futsal de Primera (@FutsaldePrimera) <a href=\"https:\/\/twitter.com\/FutsaldePrimera\/status\/1115088607516213249?ref_src=twsrc%5Etfw\">April 8, 2019<\/a><\/p><\/blockquote>\n<p><script async src=\"https:\/\/platform.twitter.com\/widgets.js\" charset=\"utf-8\"><\/script><\/p>\n<p>El camino hacia el t\u00edtulo comenz\u00f3 en el grupo C frente a Australia, con una victoria 13-2. En la segunda jornada el rival fue Italia, pero con un contundente 7-1 la selecci\u00f3n nacional sum\u00f3 otro triunfo. Para cerrar el grupo, Argentina gole\u00f3 9-2 a Sud\u00e1frica, para finalizar en la cima del grupo.<\/p>\n<blockquote class=\"twitter-tweet\" data-width=\"550\" data-dnt=\"true\">\n<p lang=\"es\" dir=\"ltr\"><a href=\"https:\/\/twitter.com\/hashtag\/Mundial2019?src=hash&amp;ref_src=twsrc%5Etfw\">#Mundial2019<\/a> \u26bd\ufe0f<br \/>Argentina le gan\u00f3 a Sud\u00e1frica 9 a 2, qued\u00f3 primera en el grupo C y en cuartos de final enfrentar\u00e1 a Francia el viernes.<br \/>\u25b6\ufe0f <a href=\"https:\/\/t.co\/eSGhEfVdcm\">https:\/\/t.co\/eSGhEfVdcm<\/a> <a href=\"https:\/\/t.co\/br02MhtRcQ\">pic.twitter.com\/br02MhtRcQ<\/a><\/p>\n<p>&mdash; Futsal de Primera (@FutsaldePrimera) <a href=\"https:\/\/twitter.com\/FutsaldePrimera\/status\/1113637520980488192?ref_src=twsrc%5Etfw\">April 4, 2019<\/a><\/p><\/blockquote>\n<p><script async src=\"https:\/\/platform.twitter.com\/widgets.js\" charset=\"utf-8\"><\/script><\/p>\n<p>En cuartos de final, el conjunto dirigido por Ariel Avveduto super\u00f3 8-0 a Francia para clasificar a semifinales y enfrentar a uno de los favoritos, Paraguay. El conjunto guaran\u00ed se plant\u00f3 con decisi\u00f3n y complic\u00f3 al combinado argentino, que igualmente se meti\u00f3 en semifinales con una victoria 4-0.<\/p>\n<blockquote class=\"twitter-tweet\" data-width=\"550\" data-dnt=\"true\">\n<p lang=\"es\" dir=\"ltr\"><a href=\"https:\/\/twitter.com\/hashtag\/Mundial2019?src=hash&amp;ref_src=twsrc%5Etfw\">#Mundial2019<\/a><br \/>Argentina  lleg\u00f3 a la final y el sue\u00f1o de ser campe\u00f3n est\u00e1 a un s\u00f3lo partido<br \/>\u25b6\ufe0f <a href=\"https:\/\/t.co\/ujIDPtEHXo\">https:\/\/t.co\/ujIDPtEHXo<\/a> <a href=\"https:\/\/t.co\/jFyauiYIX0\">pic.twitter.com\/jFyauiYIX0<\/a><\/p>\n<p>&mdash; Futsal de Primera (@FutsaldePrimera) <a href=\"https:\/\/twitter.com\/FutsaldePrimera\/status\/1114730363983683584?ref_src=twsrc%5Etfw\">April 7, 2019<\/a><\/p><\/blockquote>\n<p><script async src=\"https:\/\/platform.twitter.com\/widgets.js\" charset=\"utf-8\"><\/script><\/p>\n<p>Tras vencer a Paraguay, Argentina enfrent\u00f3 a Brasil, en la ciudad de Montecarlo, para definir el campeonato. El cl\u00e1sico de Am\u00e9rica comenz\u00f3 favorable para el local, pero la Canarinha se repuso antes del final de la primera mitad. El complemento se mantuvo parejo, no solo en resultado sino tambi\u00e9n en el nivel de ambos equipos. A falta de 2&#8242;, la verdeamerela marc\u00f3 el 2-1 que parec\u00eda definitivo, pero faltando 12 segundos, la Selecci\u00f3n Argentina lleg\u00f3 al empate a trav\u00e9s de Marcelo Mescolatti de penal y as\u00ed el encuentro se fue a tiempo suplementario. En el alargue, Argentina consigui\u00f3 el tercer gol, con una volea de Gonzalo Pires, para consagrarse campe\u00f3n del mundo, en f\u00fatbol de sal\u00f3n, por segunda vez en su historia.<\/p>\n<p>&nbsp;<\/p>\n<blockquote class=\"twitter-tweet\" data-width=\"550\" data-dnt=\"true\">\n<p lang=\"und\" dir=\"ltr\">\ud83c\udde6\ud83c\uddf7\ud83c\udfc6\ud83e\udd47\ud83d\udcaa\ud83c\udffb\ud83d\udc4f\ud83c\udffb\ud83d\udd1d <a href=\"https:\/\/t.co\/rrP9Ju1WXy\">pic.twitter.com\/rrP9Ju1WXy<\/a><\/p>\n<p>&mdash; Argentina Futsal (@ArgentinaFutsal) <a href=\"https:\/\/twitter.com\/ArgentinaFutsal\/status\/1115093835531599872?ref_src=twsrc%5Etfw\">April 8, 2019<\/a><\/p><\/blockquote>\n<p><script async src=\"https:\/\/platform.twitter.com\/widgets.js\" charset=\"utf-8\"><\/script><\/p>\n<p>&nbsp;<\/p>\n<p><iframe loading=\"lazy\" width=\"696\" height=\"392\" src=\"https:\/\/www.youtube.com\/embed\/QIPD9uPCp3k?feature=oembed\" frameborder=\"0\" allow=\"accelerometer; autoplay; encrypted-media; gyroscope; picture-in-picture\" allowfullscreen><\/iframe><\/p>\n","protected":false},"excerpt":{"rendered":"<p>La Selecci\u00f3n Argentina super\u00f3 3-2 a Brasil y se consagr\u00f3 campe\u00f3n del Mundial de Futsal por segunda vez en su historia.\u00a0 El combinado nacional se proclam\u00f3 campe\u00f3n del torneo Mundial de Futsal tras superar por 3-2 a la selecci\u00f3n de Brasil. El campeonato se disput\u00f3 en la provincia de Misiones, Argentina, y la final se [&hellip;]<\/p>\n","protected":false},"author":33,"featured_media":38976,"comment_status":"closed","ping_status":"closed","sticky":false,"template":"","format":"standard","meta":{"_seopress_robots_primary_cat":"none","_seopress_titles_title":"","_seopress_titles_desc":"","_seopress_robots_index":"","footnotes":""},"categories":[2],"tags":[4150,7097,7064,7098,7096,1401,7062,3395],"class_list":["post-38971","post","type-post","status-publish","format-standard","has-post-thumbnail","hentry","category-futbol","tag-argentina-brasil","tag-argentina-campeon","tag-argentina-futsal","tag-clasico-de-america","tag-futbol-de-salon","tag-futsal","tag-mundial-futsal","tag-vamos-argentina"],"_links":{"self":[{"href":"https:\/\/www.cordobatimes.com\/deportes\/wp-json\/wp\/v2\/posts\/38971","targetHints":{"allow":["GET"]}}],"collection":[{"href":"https:\/\/www.cordobatimes.com\/deportes\/wp-json\/wp\/v2\/posts"}],"about":[{"href":"https:\/\/www.cordobatimes.com\/deportes\/wp-json\/wp\/v2\/types\/post"}],"author":[{"embeddable":true,"href":"https:\/\/www.cordobatimes.com\/deportes\/wp-json\/wp\/v2\/users\/33"}],"replies":[{"embeddable":true,"href":"https:\/\/www.cordobatimes.com\/deportes\/wp-json\/wp\/v2\/comments?post=38971"}],"version-history":[{"count":0,"href":"https:\/\/www.cordobatimes.com\/deportes\/wp-json\/wp\/v2\/posts\/38971\/revisions"}],"wp:featuredmedia":[{"embeddable":true,"href":"https:\/\/www.cordobatimes.com\/deportes\/wp-json\/wp\/v2\/media\/38976"}],"wp:attachment":[{"href":"https:\/\/www.cordobatimes.com\/deportes\/wp-json\/wp\/v2\/media?parent=38971"}],"wp:term":[{"taxonomy":"category","embeddable":true,"href":"https:\/\/www.cordobatimes.com\/deportes\/wp-json\/wp\/v2\/categories?post=38971"},{"taxonomy":"post_tag","embeddable":true,"href":"https:\/\/www.cordobatimes.com\/deportes\/wp-json\/wp\/v2\/tags?post=38971"}],"curies":[{"name":"wp","href":"https:\/\/api.w.org\/{rel}","templated":true}]}}