{"id":38621,"date":"2019-04-01T21:41:15","date_gmt":"2019-04-02T00:41:15","guid":{"rendered":"https:\/\/www.cordobatimes.com\/deportes\/?p=38621"},"modified":"2019-04-04T18:31:23","modified_gmt":"2019-04-04T21:31:23","slug":"marc-marquez-volo-en-su-honda-y-se-quedo-con-el-gran-premio-motogp-de-termas","status":"publish","type":"post","link":"https:\/\/www.cordobatimes.com\/deportes\/automovilismo\/2019\/04\/01\/marc-marquez-volo-en-su-honda-y-se-quedo-con-el-gran-premio-motogp-de-termas\/","title":{"rendered":"Marc M\u00e1rquez vol\u00f3 en su Honda y se qued\u00f3 con MotoGP de Termas"},"content":{"rendered":"<h3><strong>El catal\u00e1n se adjudic\u00f3 la pole position, hizo la vuelta m\u00e1s r\u00e1pida y lider\u00f3 la final de manera absoluta para concretar su primer triunfo del 2019.<\/strong><\/h3>\n<p>El m\u00faltiple campe\u00f3n Marc M\u00e1rquez, a bordo de su Honda RC213V, se adue\u00f1\u00f3 con comodidad del Gran Premio de Argentina de MotoGP, en el circuito de Termas de R\u00edo Hondo. El espa\u00f1ol nacido en Cervera no tuvo piedad con sus rivales y \u00e9sta vez los perdi\u00f3 de vista desde la largada. M\u00e1rquez demostr\u00f3 estar muy por encima de sus competidores y se impuso con una ventaja importante sobre Valentino Rossi y Andrea Dovizioso.<\/p>\n<p>El motociclista espa\u00f1ol, que ya hab\u00eda ganado en 2014 y 2016, domin\u00f3 de manera absoluta para lograr su tercera victoria en nuestro pa\u00eds. La concentraci\u00f3n, las arrolladoras cinco vueltas iniciales y el ritmo le permitieron establecer diferencias sobre sus rivales que fueron creciendo de principio a fin. Este triunfo indiscutido le permiti\u00f3 convertirse en el nuevo l\u00edder del certamen.<\/p>\n<blockquote class=\"twitter-tweet\" data-width=\"550\" data-dnt=\"true\">\n<p lang=\"es\" dir=\"ltr\">Tremenda victoria del hombre que supo dominar el <a href=\"https:\/\/twitter.com\/hashtag\/ArgentinaGP?src=hash&amp;ref_src=twsrc%5Etfw\">#ArgentinaGP<\/a> de punta a punta. Una nueva victoria para <a href=\"https:\/\/twitter.com\/marcmarquez93?ref_src=twsrc%5Etfw\">@marcmarquez93<\/a> y <a href=\"https:\/\/twitter.com\/HRC_MotoGP?ref_src=twsrc%5Etfw\">@HRC_MotoGP<\/a> <a href=\"https:\/\/twitter.com\/hashtag\/MotoGP?src=hash&amp;ref_src=twsrc%5Etfw\">#MotoGP<\/a> <a href=\"https:\/\/t.co\/ygMtWT41kf\">pic.twitter.com\/ygMtWT41kf<\/a><\/p>\n<p>&mdash; MotoGP Argentina (@MotoGpArg) <a href=\"https:\/\/twitter.com\/MotoGpArg\/status\/1112503087888064512?ref_src=twsrc%5Etfw\">March 31, 2019<\/a><\/p><\/blockquote>\n<p><script async src=\"https:\/\/platform.twitter.com\/widgets.js\" charset=\"utf-8\"><\/script><\/p>\n<p>Lo m\u00e1s expectante de la carrera se mantuvo en la puja por el segundo lugar entre los italianos Valentino Rossi (Yamaha) y Andrea Dovizioso (Ducati) vencedor de la primera fecha en Qatar. Fueron altern\u00e1ndose las posiciones hasta que en el final de la prueba la leyenda Valentino Rossi ratific\u00f3 su vigencia superando con una gran maniobra a Andrea Dovizioso.<\/p>\n<p>M\u00e1s atr\u00e1s llegaron el australiano Jack Miller (Pramac Ducati), el espa\u00f1ol Alex Rins (Suzuki), el italiano Danilo Petrucci (Ducati Team), el japon\u00e9s Takaaki Nakagami (LCR Honda Idemitsu), el franc\u00e9s Fabio Quartararo (Petronas Yamaha) y los espa\u00f1oles Aleix Espargaro (Aprilia Racing) y Pol Espargaro (Red Bull KTM).<\/p>\n<blockquote class=\"twitter-tweet\" data-width=\"550\" data-dnt=\"true\">\n<p lang=\"en\" dir=\"ltr\">Back on top! \ud83d\udd1d<\/p>\n<p>This one means a lot to <a href=\"https:\/\/twitter.com\/marcmarquez93?ref_src=twsrc%5Etfw\">@marcmarquez93<\/a>! \ud83c\udfc6<a href=\"https:\/\/twitter.com\/hashtag\/ArgentinaGP?src=hash&amp;ref_src=twsrc%5Etfw\">#ArgentinaGP<\/a> \ud83c\udde6\ud83c\uddf7 <a href=\"https:\/\/t.co\/Hs6RqTIRYd\">pic.twitter.com\/Hs6RqTIRYd<\/a><\/p>\n<p>&mdash; MotoGP\u2122 \ud83c\udde6\ud83c\uddf7 (@MotoGP) <a href=\"https:\/\/twitter.com\/MotoGP\/status\/1112429707767762945?ref_src=twsrc%5Etfw\">March 31, 2019<\/a><\/p><\/blockquote>\n<p><script async src=\"https:\/\/platform.twitter.com\/widgets.js\" charset=\"utf-8\"><\/script><\/p>\n<p>La pr\u00f3xima competencia ser\u00e1 el Gran Premio de Las Am\u00e9ricas, en la ciudad estadounidense de Austin Texas.<\/p>\n","protected":false},"excerpt":{"rendered":"<p>El catal\u00e1n se adjudic\u00f3 la pole position, hizo la vuelta m\u00e1s r\u00e1pida y lider\u00f3 la final de manera absoluta para concretar su primer triunfo del 2019. El m\u00faltiple campe\u00f3n Marc M\u00e1rquez, a bordo de su Honda RC213V, se adue\u00f1\u00f3 con comodidad del Gran Premio de Argentina de MotoGP, en el circuito de Termas de R\u00edo [&hellip;]<\/p>\n","protected":false},"author":20,"featured_media":38679,"comment_status":"closed","ping_status":"closed","sticky":false,"template":"","format":"standard","meta":{"_seopress_robots_primary_cat":"none","_seopress_titles_title":"","_seopress_titles_desc":"","_seopress_robots_index":"","footnotes":""},"categories":[1],"tags":[7030,7029,703,702,544],"class_list":["post-38621","post","type-post","status-publish","format-standard","has-post-thumbnail","hentry","category-automovilismo","tag-argentina-gp","tag-argentinagp","tag-equipo-honda","tag-honda-motor-argentina","tag-marc-marquez"],"_links":{"self":[{"href":"https:\/\/www.cordobatimes.com\/deportes\/wp-json\/wp\/v2\/posts\/38621","targetHints":{"allow":["GET"]}}],"collection":[{"href":"https:\/\/www.cordobatimes.com\/deportes\/wp-json\/wp\/v2\/posts"}],"about":[{"href":"https:\/\/www.cordobatimes.com\/deportes\/wp-json\/wp\/v2\/types\/post"}],"author":[{"embeddable":true,"href":"https:\/\/www.cordobatimes.com\/deportes\/wp-json\/wp\/v2\/users\/20"}],"replies":[{"embeddable":true,"href":"https:\/\/www.cordobatimes.com\/deportes\/wp-json\/wp\/v2\/comments?post=38621"}],"version-history":[{"count":0,"href":"https:\/\/www.cordobatimes.com\/deportes\/wp-json\/wp\/v2\/posts\/38621\/revisions"}],"wp:featuredmedia":[{"embeddable":true,"href":"https:\/\/www.cordobatimes.com\/deportes\/wp-json\/wp\/v2\/media\/38679"}],"wp:attachment":[{"href":"https:\/\/www.cordobatimes.com\/deportes\/wp-json\/wp\/v2\/media?parent=38621"}],"wp:term":[{"taxonomy":"category","embeddable":true,"href":"https:\/\/www.cordobatimes.com\/deportes\/wp-json\/wp\/v2\/categories?post=38621"},{"taxonomy":"post_tag","embeddable":true,"href":"https:\/\/www.cordobatimes.com\/deportes\/wp-json\/wp\/v2\/tags?post=38621"}],"curies":[{"name":"wp","href":"https:\/\/api.w.org\/{rel}","templated":true}]}}