{"id":38226,"date":"2019-03-26T23:54:50","date_gmt":"2019-03-27T02:54:50","guid":{"rendered":"https:\/\/www.cordobatimes.com\/deportes\/?p=38226"},"modified":"2019-03-26T23:55:36","modified_gmt":"2019-03-27T02:55:36","slug":"rally-mundial-argentina-2019-citroen-retorna-a-la-competencia-con-ogier-y-lappi","status":"publish","type":"post","link":"https:\/\/www.cordobatimes.com\/deportes\/automovilismo\/2019\/03\/26\/rally-mundial-argentina-2019-citroen-retorna-a-la-competencia-con-ogier-y-lappi\/","title":{"rendered":"Rally Mundial Argentina 2019: Citro\u00ebn retorna a la competencia con Ogier y Lappi"},"content":{"rendered":"<h3><strong>Otro de los grandes equipos que confirm\u00f3 su presencia en el XION Rally Argentina 2019 (25 al 28 de abril) es el Citro\u00ebn Total World Rally Team, que contar\u00e1 en los servicios del seis veces campe\u00f3n del mundo Sebasti\u00e9n Ogier y el joven Esapekka Lappi. Adem\u00e1s, Mads Ostberg se sumar\u00e1 a la escuadra con un C3 R5 en el WRC 2 Pro.<\/strong><\/h3>\n<p>Este team oficial cuenta con una alineaci\u00f3n renovada para la actual temporada, en la que s\u00f3lo opt\u00f3 por contar con dos pilotos por presupuesto: El actual monarca del WRC Sebastien Ogier (ganador de cuatro t\u00edtulos con el Volkswagen Motorsport y los \u00faltimos dos con el Ford Fiesta del M-Sport). Tambi\u00e9n incorpor\u00f3 a la joven promesa Esapekka Lappi, quien ingres\u00f3 a las ligas mayores en el 2017 de la mano de Toyota Gazoo Racing y ahora se perfila como la apuesta para los galos en los pr\u00f3ximos a\u00f1os.<\/p>\n<p>La marca francesa es la que mayor r\u00e9dito le ha sacado a sus participaciones en el Rally Argentina desde el 2004, ya que ostenta un total de nueve victorias desde aquel a\u00f1o (8 en manos de Sebasti\u00e9n Loeb y 1 con Kris Meeke); el equipo que mayor cantidad de triunfos ha obtenido en las 38 ediciones que se disputaron en este pa\u00eds.<\/p>\n<p><strong>Sebastien Ogier y Julien Ingrassia<\/strong>: Este binomio ha conseguido seis t\u00edtulos consecutivos en el certamen mundial con distintas marcas y, adem\u00e1s, lograron dos triunfos con s\u00f3lo tres carreras disputadas con el Citro\u00ebn C3 WRC; certificando, nuevamente, la jerarqu\u00eda del piloto franc\u00e9s y su capacidad para sacarle r\u00e9dito a cualquier auto que le toque manejar.<\/p>\n<p>En la temporada 2019 Ogier fue nuevamente convocado por el equipo donde supo dar sus primeros pasos cuando Loeb era el piloto principal y dominador de la categor\u00eda entre los a\u00f1os 2009 y 2011; a quien logr\u00f3 incomodar en la lucha del t\u00edtulo en su \u00faltima temporada en el team. Sin embargo, supo construir su dominio desde que ingres\u00f3 a Volkswagen en 2013 y desde entonces conserva el t\u00edtulo de campe\u00f3n.<\/p>\n<blockquote><p><span style=\"color: #000000;\"><strong>El Rally Argentina es la \u00fanica fecha en la que el franc\u00e9s no ha conseguido la victoria.<\/strong><\/span><\/p><\/blockquote>\n<p><strong>Esapekka Lappi y Jane Ferm:<\/strong>\u00a0El piloto finland\u00e9s empez\u00f3 mostrar solidez en su carrera en el campeonato mundial de la mano de Skoda Motorsport obteniendo el t\u00edtulo WRC2 en 2016. En el 2017, Toyota lo convoc\u00f3 a sus filas y s\u00f3lo debi\u00f3 esperar a la cuarta carrera para obtener su primer podio, casualmente en el rally que se disputa en su pa\u00eds de origen.<\/p>\n<p>La gran performance de Lappi en sus dos a\u00f1os dentro del equipo japon\u00e9s como su aporte para que alcanzar\u00e1 el t\u00edtulo de constructores en el 2018, adem\u00e1s de los t\u00edtulos obtenidos en WRC2 y otros cert\u00e1menes, fueron suficientes para que Citro\u00ebn fichara a este joven.<\/p>\n<blockquote><p><strong><span style=\"color: #000000;\">En el Rally Argentina s\u00f3lo particip\u00f3 en el 2018 concluyendo en la 8\u00b0 ubicaci\u00f3n.<\/span><\/strong><\/p><\/blockquote>\n<p><strong>Mads Ostberg y Torstein Eriksen<\/strong>: El noruego es uno de los pilotos que mayores participaciones tiene con un world rally car en el campeonato, en el cual ha participado con distintos equipos y marcas como Subaru, Ford y Citro\u00ebn. Tiene un solo triunfo dentro de la m\u00e1xima categor\u00eda en 2012 cuando formaba parte del Adapta World Rally Team con un Ford Fiesta.<\/p>\n<p>Sus mejores campeonatos fueron en 2012 y 2015, donde finaliz\u00f3 4\u00b0 con Ford y Citro\u00ebn respectivamente.<\/p>\n<p>Este a\u00f1o forma parte de la categor\u00eda denominada WRC 2 Pro, en la cual lo hace para el equipo oficial Citro\u00ebn con un C3 R5, el mismo con el que obtuvo la victoria en Suecia.<\/p>\n","protected":false},"excerpt":{"rendered":"<p>Otro de los grandes equipos que confirm\u00f3 su presencia en el XION Rally Argentina 2019 (25 al 28 de abril) es el Citro\u00ebn Total World Rally Team, que contar\u00e1 en los servicios del seis veces campe\u00f3n del mundo Sebasti\u00e9n Ogier y el joven Esapekka Lappi. Adem\u00e1s, Mads Ostberg se sumar\u00e1 a la escuadra con un [&hellip;]<\/p>\n","protected":false},"author":1,"featured_media":38231,"comment_status":"closed","ping_status":"closed","sticky":false,"template":"","format":"standard","meta":{"_seopress_robots_primary_cat":"none","_seopress_titles_title":"","_seopress_titles_desc":"","_seopress_robots_index":"","footnotes":""},"categories":[1,14],"tags":[6925,6926],"class_list":["post-38226","post","type-post","status-publish","format-standard","has-post-thumbnail","hentry","category-automovilismo","category-rally","tag-rally-mundial-argentina-2019","tag-tramos-rally-mundial-en-cordoba-2019"],"_links":{"self":[{"href":"https:\/\/www.cordobatimes.com\/deportes\/wp-json\/wp\/v2\/posts\/38226","targetHints":{"allow":["GET"]}}],"collection":[{"href":"https:\/\/www.cordobatimes.com\/deportes\/wp-json\/wp\/v2\/posts"}],"about":[{"href":"https:\/\/www.cordobatimes.com\/deportes\/wp-json\/wp\/v2\/types\/post"}],"author":[{"embeddable":true,"href":"https:\/\/www.cordobatimes.com\/deportes\/wp-json\/wp\/v2\/users\/1"}],"replies":[{"embeddable":true,"href":"https:\/\/www.cordobatimes.com\/deportes\/wp-json\/wp\/v2\/comments?post=38226"}],"version-history":[{"count":0,"href":"https:\/\/www.cordobatimes.com\/deportes\/wp-json\/wp\/v2\/posts\/38226\/revisions"}],"wp:featuredmedia":[{"embeddable":true,"href":"https:\/\/www.cordobatimes.com\/deportes\/wp-json\/wp\/v2\/media\/38231"}],"wp:attachment":[{"href":"https:\/\/www.cordobatimes.com\/deportes\/wp-json\/wp\/v2\/media?parent=38226"}],"wp:term":[{"taxonomy":"category","embeddable":true,"href":"https:\/\/www.cordobatimes.com\/deportes\/wp-json\/wp\/v2\/categories?post=38226"},{"taxonomy":"post_tag","embeddable":true,"href":"https:\/\/www.cordobatimes.com\/deportes\/wp-json\/wp\/v2\/tags?post=38226"}],"curies":[{"name":"wp","href":"https:\/\/api.w.org\/{rel}","templated":true}]}}