{"id":37760,"date":"2019-03-22T01:33:27","date_gmt":"2019-03-22T04:33:27","guid":{"rendered":"https:\/\/www.cordobatimes.com\/deportes\/?p=37760"},"modified":"2019-03-22T01:44:53","modified_gmt":"2019-03-22T04:44:53","slug":"primera-fecha-del-top-race","status":"publish","type":"post","link":"https:\/\/www.cordobatimes.com\/deportes\/automovilismo\/2019\/03\/22\/primera-fecha-del-top-race\/","title":{"rendered":"Primera fecha del Top Race: Pilotos, n\u00fameros y equipos"},"content":{"rendered":"<h3><strong>En el listado oficial de participantes de Top Race para el inicio de este fin de semana en Paran\u00e1 hay 18 pilotos. La mayor\u00eda mantiene su n\u00famero habitual.<\/strong><\/h3>\n<p>Se conoci\u00f3 la lista oficial de pilotos y equipos participantes en la primera fecha de la temporada de Top Race que ser\u00e1 este fin de semana en el aut\u00f3dromo de Paran\u00e1. El flamante n\u00famero 1 ser\u00e1 Franco Girolami, campe\u00f3n 2018, mientras que el resto de los pilotos mantendr\u00e1 su numeraci\u00f3n propia.<\/p>\n<p>Los cambios estar\u00e1n los pilotos que se incorporar\u00e1n en esta temporada como el n\u00famero 11 de Gonzalo Perlo (lo tuvo en 2018 N\u00e9stor Girolami), el 37 de Ianina Zanazzi, el 53 de Juan Magni y el 115 de Gast\u00f3n Crusitta (lo tuvo Ciantini en 2018), mientras que Diego Ciantini llevar\u00e1 el 232.<\/p>\n<p><a href=\"https:\/\/www.cordobatimes.com\/deportes\/wp-content\/uploads\/2019\/03\/Screenshot_14.jpg\"><img loading=\"lazy\" decoding=\"async\" class=\"alignnone size-full wp-image-37766\" src=\"https:\/\/www.cordobatimes.com\/deportes\/wp-content\/uploads\/2019\/03\/Screenshot_14.jpg\" alt=\"\" width=\"377\" height=\"463\" srcset=\"https:\/\/www.cordobatimes.com\/deportes\/wp-content\/uploads\/2019\/03\/Screenshot_14.jpg 377w, https:\/\/www.cordobatimes.com\/deportes\/wp-content\/uploads\/2019\/03\/Screenshot_14-244x300.jpg 244w, https:\/\/www.cordobatimes.com\/deportes\/wp-content\/uploads\/2019\/03\/Screenshot_14-342x420.jpg 342w\" sizes=\"auto, (max-width: 377px) 100vw, 377px\" \/><\/a><a href=\"https:\/\/www.cordobatimes.com\/deportes\/wp-content\/uploads\/2019\/03\/Screenshot_15.jpg\"><img loading=\"lazy\" decoding=\"async\" class=\"alignnone size-full wp-image-37767\" src=\"https:\/\/www.cordobatimes.com\/deportes\/wp-content\/uploads\/2019\/03\/Screenshot_15.jpg\" alt=\"\" width=\"370\" height=\"415\" srcset=\"https:\/\/www.cordobatimes.com\/deportes\/wp-content\/uploads\/2019\/03\/Screenshot_15.jpg 370w, https:\/\/www.cordobatimes.com\/deportes\/wp-content\/uploads\/2019\/03\/Screenshot_15-267x300.jpg 267w\" sizes=\"auto, (max-width: 370px) 100vw, 370px\" \/><\/a><\/p>\n","protected":false},"excerpt":{"rendered":"<p>En el listado oficial de participantes de Top Race para el inicio de este fin de semana en Paran\u00e1 hay 18 pilotos. La mayor\u00eda mantiene su n\u00famero habitual. Se conoci\u00f3 la lista oficial de pilotos y equipos participantes en la primera fecha de la temporada de Top Race que ser\u00e1 este fin de semana en [&hellip;]<\/p>\n","protected":false},"author":20,"featured_media":37773,"comment_status":"closed","ping_status":"closed","sticky":false,"template":"","format":"standard","meta":{"_seopress_robots_primary_cat":"none","_seopress_titles_title":"","_seopress_titles_desc":"","_seopress_robots_index":"","footnotes":""},"categories":[1,15],"tags":[6792,6793,5948,6791],"class_list":["post-37760","post","type-post","status-publish","format-standard","has-post-thumbnail","hentry","category-automovilismo","category-top-race","tag-autodromo-de-parana","tag-campeon-2019","tag-franco-girolami","tag-primera-fecha-top-race-2019"],"_links":{"self":[{"href":"https:\/\/www.cordobatimes.com\/deportes\/wp-json\/wp\/v2\/posts\/37760","targetHints":{"allow":["GET"]}}],"collection":[{"href":"https:\/\/www.cordobatimes.com\/deportes\/wp-json\/wp\/v2\/posts"}],"about":[{"href":"https:\/\/www.cordobatimes.com\/deportes\/wp-json\/wp\/v2\/types\/post"}],"author":[{"embeddable":true,"href":"https:\/\/www.cordobatimes.com\/deportes\/wp-json\/wp\/v2\/users\/20"}],"replies":[{"embeddable":true,"href":"https:\/\/www.cordobatimes.com\/deportes\/wp-json\/wp\/v2\/comments?post=37760"}],"version-history":[{"count":0,"href":"https:\/\/www.cordobatimes.com\/deportes\/wp-json\/wp\/v2\/posts\/37760\/revisions"}],"wp:featuredmedia":[{"embeddable":true,"href":"https:\/\/www.cordobatimes.com\/deportes\/wp-json\/wp\/v2\/media\/37773"}],"wp:attachment":[{"href":"https:\/\/www.cordobatimes.com\/deportes\/wp-json\/wp\/v2\/media?parent=37760"}],"wp:term":[{"taxonomy":"category","embeddable":true,"href":"https:\/\/www.cordobatimes.com\/deportes\/wp-json\/wp\/v2\/categories?post=37760"},{"taxonomy":"post_tag","embeddable":true,"href":"https:\/\/www.cordobatimes.com\/deportes\/wp-json\/wp\/v2\/tags?post=37760"}],"curies":[{"name":"wp","href":"https:\/\/api.w.org\/{rel}","templated":true}]}}