{"id":37751,"date":"2019-03-22T01:14:43","date_gmt":"2019-03-22T04:14:43","guid":{"rendered":"https:\/\/www.cordobatimes.com\/deportes\/?p=37751"},"modified":"2019-03-22T01:17:12","modified_gmt":"2019-03-22T04:17:12","slug":"el-super-tc2000-largara-de-parado-durante-todo-el-2019","status":"publish","type":"post","link":"https:\/\/www.cordobatimes.com\/deportes\/automovilismo\/2019\/03\/22\/el-super-tc2000-largara-de-parado-durante-todo-el-2019\/","title":{"rendered":"El S\u00faper TC2000 largar\u00e1 de parado durante todo el 2019"},"content":{"rendered":"<h3 class=\"summary\"><strong>El S\u00faper TC2000 ensay\u00f3 con \u00e9xito la partida detenida con Facundo Ardusso y se largar\u00e1 as\u00ed durante el 2019, salvo en el Callejero de Santa Fe.<\/strong><\/h3>\n<div class=\"body\">\n<p>Sobre el final de la tarde en Alta Gracia, el S\u00faper TC200 practic\u00f3 la partida detenida de manera exitosa y se confirm\u00f3 que la categor\u00eda largar\u00e1 cada una de sus fechas, salvo el Callejero de Santa Fe, de parado.<\/p>\n<p>La pr\u00e1ctica se llev\u00f3 sobre el final de la tarde del jueves en Alta Gracia y el encargo de ensayarlo fue Facundo Ardusso sobre el Renault Fluence.<\/p>\n<p>Luego de la prueba, Ardusso dio su opini\u00f3n: \u201cEn la largada m\u00eda lo que busqu\u00e9 es quitar la mayor cantidad de variables posibles. Lo que hizo fue apretar el bot\u00f3n para cargar el turbo, acelerarlo a fondo, se gener\u00f3 el corte y anduvo bien el bot\u00f3n a 5.500 revoluciones, lo que hizo fue no soltarlo m\u00e1s al acelerador dejarlo siempre a fondo, solt\u00e9 el embrague de golpe y soltar al mismo momento el bot\u00f3n de esa manera fui patinando much\u00edsimos metros eso habla de la buena potencia que tienen estos motores turbo\u201d.<\/p>\n<p>Y concluy\u00f3: \u201cMe gust\u00f3 mucho el motor, creo que se va a poder largada de parado tranquilamente. Ahora practicar una largada buscando ser eficientes. Quise exigir al m\u00e1ximo la patinada y respondi\u00f3 bien la caja, los neum\u00e1ticos y el motor\u201d.<\/p>\n<blockquote class=\"twitter-tweet\" data-lang=\"es\">\n<p dir=\"ltr\" lang=\"es\">Pr\u00e1ctica de partida detenida con los cinco autos en pista \ud83d\ude0e<a href=\"https:\/\/twitter.com\/hashtag\/STC2000?src=hash&amp;ref_src=twsrc%5Etfw\">#STC2000<\/a> <a href=\"https:\/\/t.co\/b0S1GuiMfe\">pic.twitter.com\/b0S1GuiMfe<\/a><\/p>\n<p>\u2014 S\u00daPER TC2000 (@SuperTC2000) <a href=\"https:\/\/twitter.com\/SuperTC2000\/status\/1108846697814413317?ref_src=twsrc%5Etfw\">21 de marzo de 2019<\/a><\/p><\/blockquote>\n<p><script async src=\"https:\/\/platform.twitter.com\/widgets.js\" charset=\"utf-8\"><\/script><\/p>\n<\/div>\n","protected":false},"excerpt":{"rendered":"<p>El S\u00faper TC2000 ensay\u00f3 con \u00e9xito la partida detenida con Facundo Ardusso y se largar\u00e1 as\u00ed durante el 2019, salvo en el Callejero de Santa Fe. Sobre el final de la tarde en Alta Gracia, el S\u00faper TC200 practic\u00f3 la partida detenida de manera exitosa y se confirm\u00f3 que la categor\u00eda largar\u00e1 cada una de [&hellip;]<\/p>\n","protected":false},"author":20,"featured_media":37758,"comment_status":"closed","ping_status":"closed","sticky":false,"template":"","format":"video","meta":{"_seopress_robots_primary_cat":"none","_seopress_titles_title":"","_seopress_titles_desc":"","_seopress_robots_index":"","footnotes":""},"categories":[1,10],"tags":[636,6789,678,6790],"class_list":["post-37751","post","type-post","status-publish","format-video","has-post-thumbnail","hentry","category-automovilismo","category-super-tc-2000","tag-alta-gracia","tag-esayo","tag-facundo-ardusso","tag-largada-de-parado-en-el-super-tc-2000","post_format-post-format-video"],"_links":{"self":[{"href":"https:\/\/www.cordobatimes.com\/deportes\/wp-json\/wp\/v2\/posts\/37751","targetHints":{"allow":["GET"]}}],"collection":[{"href":"https:\/\/www.cordobatimes.com\/deportes\/wp-json\/wp\/v2\/posts"}],"about":[{"href":"https:\/\/www.cordobatimes.com\/deportes\/wp-json\/wp\/v2\/types\/post"}],"author":[{"embeddable":true,"href":"https:\/\/www.cordobatimes.com\/deportes\/wp-json\/wp\/v2\/users\/20"}],"replies":[{"embeddable":true,"href":"https:\/\/www.cordobatimes.com\/deportes\/wp-json\/wp\/v2\/comments?post=37751"}],"version-history":[{"count":0,"href":"https:\/\/www.cordobatimes.com\/deportes\/wp-json\/wp\/v2\/posts\/37751\/revisions"}],"wp:featuredmedia":[{"embeddable":true,"href":"https:\/\/www.cordobatimes.com\/deportes\/wp-json\/wp\/v2\/media\/37758"}],"wp:attachment":[{"href":"https:\/\/www.cordobatimes.com\/deportes\/wp-json\/wp\/v2\/media?parent=37751"}],"wp:term":[{"taxonomy":"category","embeddable":true,"href":"https:\/\/www.cordobatimes.com\/deportes\/wp-json\/wp\/v2\/categories?post=37751"},{"taxonomy":"post_tag","embeddable":true,"href":"https:\/\/www.cordobatimes.com\/deportes\/wp-json\/wp\/v2\/tags?post=37751"}],"curies":[{"name":"wp","href":"https:\/\/api.w.org\/{rel}","templated":true}]}}