{"id":37284,"date":"2018-06-18T11:54:38","date_gmt":"2018-06-18T14:54:38","guid":{"rendered":"http:\/\/www.cordobatimes.com\/deportes\/?p=37284"},"modified":"2018-06-18T14:38:02","modified_gmt":"2018-06-18T17:38:02","slug":"brasil-vs-suiza-otra-sorpresa-en-rusia-2018","status":"publish","type":"post","link":"https:\/\/www.cordobatimes.com\/deportes\/futbol\/2018\/06\/18\/brasil-vs-suiza-otra-sorpresa-en-rusia-2018\/","title":{"rendered":"Brasil vs Suiza: otra sorpresa en Rusia 2018"},"content":{"rendered":"<h3><strong>Brasil y Suiza\u00a0empataron 1-1 por el grupo E en el\u00a0Mundial Rusia 2018. Coutinho y Zuber\u00a0anotaron los goles en el estadio Rostov Arena.<\/strong><\/h3>\n<p class=\"caps\">Brasil ganaba 1-0 y controlaba el partido en el Rostov Arena, pero Suiza aprovech\u00f3 que la Canarinha se durmi\u00f3 y empat\u00f3 de cabeza en el arranque del complemento. De esta manera, el \u00fanico puntero del grupo E es Serbia, que m\u00e1s temprano venci\u00f3 por 1-0 a Costa Rica.<\/p>\n<p>El debut del Brasil de Tite fue de mayor a menor. En el primer tiempo tuvo el control del partido, la pelota, las situaciones y sobre todo, el resultado a su favor. Pero en el complemento, fue una cara totalmente antag\u00f3nica a la imagen de los primeros 45 minutos.<\/p>\n<p>La banda izquierda fue la preferida por el ataque brasilero que hizo lo que quiso en ese sector de la cancha. De hecho, por ese lado vino la obra maestra de Philippe Coutinho, que con un disparo magistral al \u00e1ngulo izquierdo de Sommer, decret\u00f3 lo que ser\u00eda el \u00fanico gol de este primer tiempo.<\/p>\n<p>Si bien a Brasil no le sobr\u00f3 nada en estos primeros 45 minutos, domin\u00f3 el juego y lo llev\u00f3 para donde quiso. La Canarinha est\u00e1 demostrando solidez y teniendo el control de la pelota, haciendo que el cuadro suizo no sea para nada peligroso y juegue bien lejos del arco de Alisson.<\/p>\n<p>El gol de Coutinho parad\u00f3jicamente fue lo peor que le pudo pasar a la verde amarelha. Salieron del vestuario desconcentrados y qued\u00f3 claro en la jugada del empate de Suiza. A los 5\u2032 de la segunda etapa, apareci\u00f3 Steven Zuber con un testazo en el \u00e1rea chica para decretar la igualdad que no merec\u00edan los europeos.<\/p>\n<p>Luego de eso, los dirigidos por Tite fueron a la carga con m\u00e1s entrega que f\u00fatbol. Pero no fue suficiente. Fue 1-1 ante Suiza en el debut de Neymar, Coutinho y compa\u00f1\u00eda y por eso el \u00fanico l\u00edder del grupo E es Serbia, que consigui\u00f3 los tres puntos ante Costa Rica.<\/p>\n<p><iframe loading=\"lazy\" src=\"https:\/\/www.youtube.com\/embed\/vRjxI998SjQ\" width=\"640\" height=\"360\" frameborder=\"0\" allowfullscreen=\"allowfullscreen\"><\/iframe><\/p>\n","protected":false},"excerpt":{"rendered":"<p>Brasil y Suiza\u00a0empataron 1-1 por el grupo E en el\u00a0Mundial Rusia 2018. Coutinho y Zuber\u00a0anotaron los goles en el estadio Rostov Arena. Brasil ganaba 1-0 y controlaba el partido en el Rostov Arena, pero Suiza aprovech\u00f3 que la Canarinha se durmi\u00f3 y empat\u00f3 de cabeza en el arranque del complemento. De esta manera, el \u00fanico [&hellip;]<\/p>\n","protected":false},"author":20,"featured_media":37286,"comment_status":"closed","ping_status":"closed","sticky":false,"template":"","format":"standard","meta":{"_seopress_robots_primary_cat":"","_seopress_titles_title":"","_seopress_titles_desc":"","_seopress_robots_index":"","footnotes":""},"categories":[2,5905],"tags":[6727,3274,6729,6728,76,3185],"class_list":["post-37284","post","type-post","status-publish","format-standard","has-post-thumbnail","hentry","category-futbol","category-mundial-rusia-2018","tag-brasil-vs-suiza","tag-empate","tag-gol-de-coutinho","tag-mejores-jugadas","tag-goles","tag-resumen"],"_links":{"self":[{"href":"https:\/\/www.cordobatimes.com\/deportes\/wp-json\/wp\/v2\/posts\/37284","targetHints":{"allow":["GET"]}}],"collection":[{"href":"https:\/\/www.cordobatimes.com\/deportes\/wp-json\/wp\/v2\/posts"}],"about":[{"href":"https:\/\/www.cordobatimes.com\/deportes\/wp-json\/wp\/v2\/types\/post"}],"author":[{"embeddable":true,"href":"https:\/\/www.cordobatimes.com\/deportes\/wp-json\/wp\/v2\/users\/20"}],"replies":[{"embeddable":true,"href":"https:\/\/www.cordobatimes.com\/deportes\/wp-json\/wp\/v2\/comments?post=37284"}],"version-history":[{"count":0,"href":"https:\/\/www.cordobatimes.com\/deportes\/wp-json\/wp\/v2\/posts\/37284\/revisions"}],"wp:featuredmedia":[{"embeddable":true,"href":"https:\/\/www.cordobatimes.com\/deportes\/wp-json\/wp\/v2\/media\/37286"}],"wp:attachment":[{"href":"https:\/\/www.cordobatimes.com\/deportes\/wp-json\/wp\/v2\/media?parent=37284"}],"wp:term":[{"taxonomy":"category","embeddable":true,"href":"https:\/\/www.cordobatimes.com\/deportes\/wp-json\/wp\/v2\/categories?post=37284"},{"taxonomy":"post_tag","embeddable":true,"href":"https:\/\/www.cordobatimes.com\/deportes\/wp-json\/wp\/v2\/tags?post=37284"}],"curies":[{"name":"wp","href":"https:\/\/api.w.org\/{rel}","templated":true}]}}