{"id":37251,"date":"2018-06-15T15:07:43","date_gmt":"2018-06-15T18:07:43","guid":{"rendered":"http:\/\/www.cordobatimes.com\/deportes\/?p=37251"},"modified":"2018-06-15T15:23:40","modified_gmt":"2018-06-15T18:23:40","slug":"argentina-realizo-la-ultima-practica-y-ya-quedaron-definidos-los-once","status":"publish","type":"post","link":"https:\/\/www.cordobatimes.com\/deportes\/futbol\/seleccion-argentina\/2018\/06\/15\/argentina-realizo-la-ultima-practica-y-ya-quedaron-definidos-los-once\/","title":{"rendered":"Argentina realiz\u00f3 la \u00faltima pr\u00e1ctica y ya quedaron definidos los once"},"content":{"rendered":"<h3><strong>La selecci\u00f3n de Sampaoli se entren\u00f3 este viernes, previo al partido de este s\u00e1bado con Islandia. De no mediar imponderables, el equipo ser\u00eda el mismo que prob\u00f3 a lo largo de la semana.<\/strong><\/h3>\n<p>La selecci\u00f3n Argentina realiz\u00f3 en Bronnitsy el \u00faltimo entrenamiento antes del debut mundialista ante Islandia, este s\u00e1bado a las 10 en Mosc\u00fa. Si bien no hubo confirmaci\u00f3n oficial, Jorge Sampaoli ya\u00a0tendr\u00eda el equipo definido.<\/p>\n<p>La formaci\u00f3n albiceleste ser\u00eda:\u00a0<b>Wilfredo Caballero; Eduardo Salvio, Nicol\u00e1s Otamendi, Marcos Rojo, Nicol\u00e1s Tagliafico; Lucas Biglia, Javier Mascherano, Maximiliano Meza; Lionel Messi,\u00a0Sergio Ag\u00fcero y \u00c1ngel Di Mar\u00eda.<\/b><\/p>\n<p>La delegaci\u00f3n viajar\u00e1 a las 17 rumbo a Mosc\u00fa y a las 19 el t\u00e9cnico brindar\u00e1 la conferencia de prensa obligatoria en la previa del partido. Luego del choque con Islandia, los futbolistas regresar\u00e1n al predio de Bronnitsy.<\/p>\n","protected":false},"excerpt":{"rendered":"<p>La selecci\u00f3n de Sampaoli se entren\u00f3 este viernes, previo al partido de este s\u00e1bado con Islandia. De no mediar imponderables, el equipo ser\u00eda el mismo que prob\u00f3 a lo largo de la semana. La selecci\u00f3n Argentina realiz\u00f3 en Bronnitsy el \u00faltimo entrenamiento antes del debut mundialista ante Islandia, este s\u00e1bado a las 10 en Mosc\u00fa. [&hellip;]<\/p>\n","protected":false},"author":20,"featured_media":37252,"comment_status":"closed","ping_status":"closed","sticky":false,"template":"","format":"standard","meta":{"_seopress_robots_primary_cat":"","_seopress_titles_title":"","_seopress_titles_desc":"","_seopress_robots_index":"","footnotes":""},"categories":[5905,5904],"tags":[1857,6717,2954,3885,6716,6191,4076,6715,155,6714],"class_list":["post-37251","post","type-post","status-publish","format-standard","has-post-thumbnail","hentry","category-mundial-rusia-2018","category-seleccion-argentina","tag-angel-di-maria","tag-formacion-inicial-argentina-vs-islandia","tag-javier-mascherano","tag-marcos-rojo","tag-maximiliano-meza-lionel-messi","tag-mundial-rusia-2018","tag-nicolas-otamendi","tag-nicolas-tagliafico-lucas-biglia","tag-sergio-aguero","tag-wilfredo-caballero-eduardo-salvio"],"_links":{"self":[{"href":"https:\/\/www.cordobatimes.com\/deportes\/wp-json\/wp\/v2\/posts\/37251","targetHints":{"allow":["GET"]}}],"collection":[{"href":"https:\/\/www.cordobatimes.com\/deportes\/wp-json\/wp\/v2\/posts"}],"about":[{"href":"https:\/\/www.cordobatimes.com\/deportes\/wp-json\/wp\/v2\/types\/post"}],"author":[{"embeddable":true,"href":"https:\/\/www.cordobatimes.com\/deportes\/wp-json\/wp\/v2\/users\/20"}],"replies":[{"embeddable":true,"href":"https:\/\/www.cordobatimes.com\/deportes\/wp-json\/wp\/v2\/comments?post=37251"}],"version-history":[{"count":0,"href":"https:\/\/www.cordobatimes.com\/deportes\/wp-json\/wp\/v2\/posts\/37251\/revisions"}],"wp:featuredmedia":[{"embeddable":true,"href":"https:\/\/www.cordobatimes.com\/deportes\/wp-json\/wp\/v2\/media\/37252"}],"wp:attachment":[{"href":"https:\/\/www.cordobatimes.com\/deportes\/wp-json\/wp\/v2\/media?parent=37251"}],"wp:term":[{"taxonomy":"category","embeddable":true,"href":"https:\/\/www.cordobatimes.com\/deportes\/wp-json\/wp\/v2\/categories?post=37251"},{"taxonomy":"post_tag","embeddable":true,"href":"https:\/\/www.cordobatimes.com\/deportes\/wp-json\/wp\/v2\/tags?post=37251"}],"curies":[{"name":"wp","href":"https:\/\/api.w.org\/{rel}","templated":true}]}}