{"id":37147,"date":"2018-05-30T12:53:40","date_gmt":"2018-05-30T15:53:40","guid":{"rendered":"http:\/\/www.cordobatimes.com\/deportes\/?p=37147"},"modified":"2018-05-30T13:06:22","modified_gmt":"2018-05-30T16:06:22","slug":"inesperado-aguero-se-va-del-manchester-city","status":"publish","type":"post","link":"https:\/\/www.cordobatimes.com\/deportes\/futbol-internacional\/2018\/05\/30\/inesperado-aguero-se-va-del-manchester-city\/","title":{"rendered":"Inesperado: \u00bfAg\u00fcero se va del Manchester City?"},"content":{"rendered":"<h3><strong>Seg\u00fan los medios espa\u00f1oles, el delantero argentino se puso en contacto con los dirigentes de un club de ese pa\u00eds y les manifest\u00f3 su deseo de emigrar.<\/strong><\/h3>\n<p>A la espera del futuro de Antoine Griezmann, el entrenador Diego Simeone ver\u00eda con buenos ojos la llegada del delantero Sergio Ag\u00fcero al Atl\u00e9tico de Madrid de cara a la pr\u00f3xima temporada.<\/p>\n<p>Seg\u00fan los medios espa\u00f1oles, el Kun se puso en contacto con los dirigentes del Colchonero para pegar la vuelta, ya que no se sinti\u00f3 intocable en el Manchester City de Pep Guardiola y cree que su ciclo est\u00e1 cumplido. Desde Inglaterra estar\u00edan dispuestos a sentarse a negociar.<\/p>\n<p><a href=\"http:\/\/www.cordobatimes.com\/deportes\/wp-content\/uploads\/2018\/05\/espaa2.jpg\"><img loading=\"lazy\" decoding=\"async\" class=\"alignnone size-full wp-image-37148\" src=\"http:\/\/www.cordobatimes.com\/deportes\/wp-content\/uploads\/2018\/05\/espaa2.jpg\" alt=\"\" width=\"590\" height=\"477\" srcset=\"https:\/\/www.cordobatimes.com\/deportes\/wp-content\/uploads\/2018\/05\/espaa2.jpg 590w, https:\/\/www.cordobatimes.com\/deportes\/wp-content\/uploads\/2018\/05\/espaa2-300x243.jpg 300w, https:\/\/www.cordobatimes.com\/deportes\/wp-content\/uploads\/2018\/05\/espaa2-519x420.jpg 519w\" sizes=\"auto, (max-width: 590px) 100vw, 590px\" \/><\/a><\/p>\n<p>La idea del Cholo es que el ex Independiente sea el recambio para Kevin Gameiro, quien es pretendido por Valencia y no descarta cambiar de aires tras constatar que juega un papel secundario en el equipo.<\/p>\n<p>Hace algunos d\u00edas atr\u00e1s, Pep se refiri\u00f3 al futuro del argentino y dej\u00f3 en claro que no se interpondr\u00e1 en su decisi\u00f3n: \u201cEspero que no pase. Mi deseo es que no pase, pero no lo s\u00e9. Me han preguntado muchas veces en rueda de prensa y lo he dicho miles de veces: Sergio se va a quedar hasta que decida que ha llegado su hora\u201d.<\/p>\n","protected":false},"excerpt":{"rendered":"<p>Seg\u00fan los medios espa\u00f1oles, el delantero argentino se puso en contacto con los dirigentes de un club de ese pa\u00eds y les manifest\u00f3 su deseo de emigrar. A la espera del futuro de Antoine Griezmann, el entrenador Diego Simeone ver\u00eda con buenos ojos la llegada del delantero Sergio Ag\u00fcero al Atl\u00e9tico de Madrid de cara [&hellip;]<\/p>\n","protected":false},"author":20,"featured_media":37149,"comment_status":"closed","ping_status":"closed","sticky":false,"template":"","format":"standard","meta":{"_seopress_robots_primary_cat":"","_seopress_titles_title":"","_seopress_titles_desc":"","_seopress_robots_index":"","footnotes":""},"categories":[18],"tags":[404,153,6687],"class_list":["post-37147","post","type-post","status-publish","format-standard","has-post-thumbnail","hentry","category-futbol-internacional","tag-kun-aguero","tag-manchester-city","tag-sergio-aguero-al-atletico-de-madrid"],"_links":{"self":[{"href":"https:\/\/www.cordobatimes.com\/deportes\/wp-json\/wp\/v2\/posts\/37147","targetHints":{"allow":["GET"]}}],"collection":[{"href":"https:\/\/www.cordobatimes.com\/deportes\/wp-json\/wp\/v2\/posts"}],"about":[{"href":"https:\/\/www.cordobatimes.com\/deportes\/wp-json\/wp\/v2\/types\/post"}],"author":[{"embeddable":true,"href":"https:\/\/www.cordobatimes.com\/deportes\/wp-json\/wp\/v2\/users\/20"}],"replies":[{"embeddable":true,"href":"https:\/\/www.cordobatimes.com\/deportes\/wp-json\/wp\/v2\/comments?post=37147"}],"version-history":[{"count":0,"href":"https:\/\/www.cordobatimes.com\/deportes\/wp-json\/wp\/v2\/posts\/37147\/revisions"}],"wp:featuredmedia":[{"embeddable":true,"href":"https:\/\/www.cordobatimes.com\/deportes\/wp-json\/wp\/v2\/media\/37149"}],"wp:attachment":[{"href":"https:\/\/www.cordobatimes.com\/deportes\/wp-json\/wp\/v2\/media?parent=37147"}],"wp:term":[{"taxonomy":"category","embeddable":true,"href":"https:\/\/www.cordobatimes.com\/deportes\/wp-json\/wp\/v2\/categories?post=37147"},{"taxonomy":"post_tag","embeddable":true,"href":"https:\/\/www.cordobatimes.com\/deportes\/wp-json\/wp\/v2\/tags?post=37147"}],"curies":[{"name":"wp","href":"https:\/\/api.w.org\/{rel}","templated":true}]}}