{"id":37087,"date":"2018-05-23T17:58:38","date_gmt":"2018-05-23T20:58:38","guid":{"rendered":"http:\/\/www.cordobatimes.com\/deportes\/?p=37087"},"modified":"2018-05-23T17:58:38","modified_gmt":"2018-05-23T20:58:38","slug":"la-afa-publico-un-video-motivacional-para-alentar-la-seleccion-argentina","status":"publish","type":"post","link":"https:\/\/www.cordobatimes.com\/deportes\/mundial-rusia-2018\/2018\/05\/23\/la-afa-publico-un-video-motivacional-para-alentar-la-seleccion-argentina\/","title":{"rendered":"La AFA public\u00f3 un video motivacional para alentar la selecci\u00f3n argentina"},"content":{"rendered":"<h3><strong>Desde las redes sociales que rigen al organismo regulador del f\u00fatbol argentino sali\u00f3 publicado un video en apoyo a los futbolistas de cara a la Copa del Mundo en Rusia<\/strong>.<\/h3>\n<p>Un spot de diferentes im\u00e1genes con estrellas del equipo \u201calbiceleste\u201d, fue publicado por la cuenta oficial del equipo, de cara a la despedida del pa\u00eds: el 28 de mayo frente a Hait\u00ed, en la cancha de Boca.Un spot de diferentes im\u00e1genes con estrellas del equipo \u201calbiceleste\u201d, fue publicado por la cuenta oficial del equipo, de cara a la despedida del pa\u00eds: el 28 de mayo frente a Hait\u00ed, en la cancha de Boca.<\/p>\n<p>\u201cImaginate el cielo, ahora el mejor cielo del mundo, un cielo justo, lleno de magia, alegr\u00eda, emoci\u00f3n, recuerdos, asombro, de l\u00e1grimas. Un para\u00edso donde cada Dios puede hacer feliz a su pueblo&#8221;, narra la primera parte de un relato con im\u00e1genes de Diego Maradona, Lionel Messi, Juan Rom\u00e1n Riquelme y Mario Kempes en la cuenta @Argentina.<\/p>\n<blockquote class=\"twitter-tweet\" data-lang=\"es\">\n<p dir=\"ltr\" lang=\"es\">\u26bd?? Lleg\u00f3 la hora del Mundial. Lleg\u00f3 la hora de alentar. Es la hora.<a href=\"https:\/\/twitter.com\/hashtag\/SomosArgentina?src=hash&amp;ref_src=twsrc%5Etfw\">#SomosArgentina<\/a> <a href=\"https:\/\/t.co\/oVmkYoRevI\">pic.twitter.com\/oVmkYoRevI<\/a><\/p>\n<p>\u2014 Selecci\u00f3n Argentina (@Argentina) <a href=\"https:\/\/twitter.com\/Argentina\/status\/999354933915856897?ref_src=twsrc%5Etfw\">23 de mayo de 2018<\/a><\/p><\/blockquote>\n<p><script async src=\"https:\/\/platform.twitter.com\/widgets.js\" charset=\"utf-8\"><\/script><\/p>\n","protected":false},"excerpt":{"rendered":"<p>Desde las redes sociales que rigen al organismo regulador del f\u00fatbol argentino sali\u00f3 publicado un video en apoyo a los futbolistas de cara a la Copa del Mundo en Rusia. Un spot de diferentes im\u00e1genes con estrellas del equipo \u201calbiceleste\u201d, fue publicado por la cuenta oficial del equipo, de cara a la despedida del pa\u00eds: [&hellip;]<\/p>\n","protected":false},"author":1,"featured_media":37088,"comment_status":"closed","ping_status":"closed","sticky":false,"template":"","format":"standard","meta":{"_seopress_robots_primary_cat":"","_seopress_titles_title":"","_seopress_titles_desc":"","_seopress_robots_index":"","footnotes":""},"categories":[5905],"tags":[526,110,6678],"class_list":["post-37087","post","type-post","status-publish","format-standard","has-post-thumbnail","hentry","category-mundial-rusia-2018","tag-hu","tag-rusia-2018","tag-video-motivacional-seleccion-argentina"],"_links":{"self":[{"href":"https:\/\/www.cordobatimes.com\/deportes\/wp-json\/wp\/v2\/posts\/37087","targetHints":{"allow":["GET"]}}],"collection":[{"href":"https:\/\/www.cordobatimes.com\/deportes\/wp-json\/wp\/v2\/posts"}],"about":[{"href":"https:\/\/www.cordobatimes.com\/deportes\/wp-json\/wp\/v2\/types\/post"}],"author":[{"embeddable":true,"href":"https:\/\/www.cordobatimes.com\/deportes\/wp-json\/wp\/v2\/users\/1"}],"replies":[{"embeddable":true,"href":"https:\/\/www.cordobatimes.com\/deportes\/wp-json\/wp\/v2\/comments?post=37087"}],"version-history":[{"count":0,"href":"https:\/\/www.cordobatimes.com\/deportes\/wp-json\/wp\/v2\/posts\/37087\/revisions"}],"wp:featuredmedia":[{"embeddable":true,"href":"https:\/\/www.cordobatimes.com\/deportes\/wp-json\/wp\/v2\/media\/37088"}],"wp:attachment":[{"href":"https:\/\/www.cordobatimes.com\/deportes\/wp-json\/wp\/v2\/media?parent=37087"}],"wp:term":[{"taxonomy":"category","embeddable":true,"href":"https:\/\/www.cordobatimes.com\/deportes\/wp-json\/wp\/v2\/categories?post=37087"},{"taxonomy":"post_tag","embeddable":true,"href":"https:\/\/www.cordobatimes.com\/deportes\/wp-json\/wp\/v2\/tags?post=37087"}],"curies":[{"name":"wp","href":"https:\/\/api.w.org\/{rel}","templated":true}]}}