{"id":36905,"date":"2018-05-13T02:57:25","date_gmt":"2018-05-13T05:57:25","guid":{"rendered":"http:\/\/www.cordobatimes.com\/deportes\/?p=36905"},"modified":"2018-05-13T03:01:26","modified_gmt":"2018-05-13T06:01:26","slug":"ricardo-gareca-confirmo-la-lista-preliminar-de-25-jugadores-para-rusia","status":"publish","type":"post","link":"https:\/\/www.cordobatimes.com\/deportes\/mundial-rusia-2018\/2018\/05\/13\/ricardo-gareca-confirmo-la-lista-preliminar-de-25-jugadores-para-rusia\/","title":{"rendered":"Ricardo Gareca confirm\u00f3 la lista de 25 jugadores para Rusia"},"content":{"rendered":"<h3><strong>El t\u00e9cnico argentino dio este s\u00e1bado una lista preliminar de la selecci\u00f3n peruana.<\/strong><\/h3>\n<p>Ricardo Gareca dio una lista <strong>de 25 jugadores<\/strong> para el mundial, desistiendo de la posibilidad de llamar a 35 en la primera convocaci\u00f3n. Tendr\u00e1 tiempo <strong>hasta el 4 de junio<\/strong> para desafectar a dos integrantes en la selecci\u00f3n de Per\u00fa(<strong>que vuelve luego de 36 a\u00f1os a un mundial<\/strong>). Se destaca la ausencia de\u00a0<strong>Claudio Pizarro<\/strong> sin posibilidades concretas de ir a Rusia. El\u00a0<strong>d\u00eda lunes se har\u00eda oficial la lista de 25 preliminares.<\/strong><\/p>\n<p><em><strong>Estos son los 25 que est\u00e1n en la lista:<\/strong><\/em><\/p>\n<p>1. Pedro Gallese<br \/>\n2. Carlos C\u00e1ceda<br \/>\n3. Jos\u00e9 Carvallo<br \/>\n4. Aldo Corzo<br \/>\n5. Luis Adv\u00edncula<br \/>\n6. Alberto Rodr\u00edguez<br \/>\n7. Miguel Araujo<br \/>\n8. Christian Ramos<br \/>\n9. Anderson Santa Mar\u00eda<br \/>\n10. Luis Abram<br \/>\n11. Miguel Trauco<br \/>\n12. Nilson Loyola<br \/>\n13 Pedro Aquino<br \/>\n14. Yoshimar Yot\u00fan<br \/>\n15. Sergio Pe\u00f1a<br \/>\n16. Andr\u00e9 Carrillo<br \/>\n17. Andy Polo<br \/>\n18. Edison Flores<br \/>\n19. Paolo Hurtado<br \/>\n20. Christian Cueva<br \/>\n21. Jefferson Farf\u00e1n<br \/>\n22. Ra\u00fal Ruid\u00edaz<br \/>\n23. Paolo Guerrero<br \/>\n24. Renato Tapia<br \/>\n25. Wilder Cartagena<\/p>\n","protected":false},"excerpt":{"rendered":"<p>El t\u00e9cnico argentino dio este s\u00e1bado una lista preliminar de la selecci\u00f3n peruana. Ricardo Gareca dio una lista de 25 jugadores para el mundial, desistiendo de la posibilidad de llamar a 35 en la primera convocaci\u00f3n. Tendr\u00e1 tiempo hasta el 4 de junio para desafectar a dos integrantes en la selecci\u00f3n de Per\u00fa(que vuelve luego [&hellip;]<\/p>\n","protected":false},"author":27,"featured_media":36906,"comment_status":"closed","ping_status":"closed","sticky":false,"template":"","format":"standard","meta":{"_seopress_robots_primary_cat":"","_seopress_titles_title":"","_seopress_titles_desc":"","_seopress_robots_index":"","footnotes":""},"categories":[5905],"tags":[225,6656,5538,6655],"class_list":["post-36905","post","type-post","status-publish","format-standard","has-post-thumbnail","hentry","category-mundial-rusia-2018","tag-convocados","tag-lista-de-25","tag-mundial-de-rusia-2018","tag-seleccion-de-peru"],"_links":{"self":[{"href":"https:\/\/www.cordobatimes.com\/deportes\/wp-json\/wp\/v2\/posts\/36905","targetHints":{"allow":["GET"]}}],"collection":[{"href":"https:\/\/www.cordobatimes.com\/deportes\/wp-json\/wp\/v2\/posts"}],"about":[{"href":"https:\/\/www.cordobatimes.com\/deportes\/wp-json\/wp\/v2\/types\/post"}],"author":[{"embeddable":true,"href":"https:\/\/www.cordobatimes.com\/deportes\/wp-json\/wp\/v2\/users\/27"}],"replies":[{"embeddable":true,"href":"https:\/\/www.cordobatimes.com\/deportes\/wp-json\/wp\/v2\/comments?post=36905"}],"version-history":[{"count":0,"href":"https:\/\/www.cordobatimes.com\/deportes\/wp-json\/wp\/v2\/posts\/36905\/revisions"}],"wp:featuredmedia":[{"embeddable":true,"href":"https:\/\/www.cordobatimes.com\/deportes\/wp-json\/wp\/v2\/media\/36906"}],"wp:attachment":[{"href":"https:\/\/www.cordobatimes.com\/deportes\/wp-json\/wp\/v2\/media?parent=36905"}],"wp:term":[{"taxonomy":"category","embeddable":true,"href":"https:\/\/www.cordobatimes.com\/deportes\/wp-json\/wp\/v2\/categories?post=36905"},{"taxonomy":"post_tag","embeddable":true,"href":"https:\/\/www.cordobatimes.com\/deportes\/wp-json\/wp\/v2\/tags?post=36905"}],"curies":[{"name":"wp","href":"https:\/\/api.w.org\/{rel}","templated":true}]}}