{"id":36341,"date":"2018-04-08T12:51:50","date_gmt":"2018-04-08T15:51:50","guid":{"rendered":"http:\/\/www.cordobatimes.com\/deportes\/?p=36341"},"modified":"2018-04-08T12:51:50","modified_gmt":"2018-04-08T15:51:50","slug":"bayern-munich-campeon-de-la-bundesliga","status":"publish","type":"post","link":"https:\/\/www.cordobatimes.com\/deportes\/futbol\/2018\/04\/08\/bayern-munich-campeon-de-la-bundesliga\/","title":{"rendered":"Bayern Munich campe\u00f3n de la Bundesliga"},"content":{"rendered":"<h3><strong>El equipo alem\u00e1n se consagr\u00f3 campe\u00f3n de la Bundesliga quedando 4 fechas por jugar.<\/strong><\/h3>\n<p><em><strong>F.C Bayern Munich\u00a0<\/strong><\/em>se consagr\u00f3 campe\u00f3n el d\u00eda s\u00e1bado al vencer a\u00a0<em><strong>FC Augsburg\u00a0<\/strong><\/em>por\u00a0<strong>1-4<\/strong> de visitante. Donde el campe\u00f3n empez\u00f3 perdiendo a los 18 minutos ,<em><strong>Max\u00a0<\/strong><\/em>puso el 1-0 para el local, pero el local no pudo aguantar y el Bayern con sus estrellas se lo llev\u00f3 puesto y dio vuelta el resultado.<em><strong>32&#8242;<\/strong>\u00a0&#8211; <strong>Corentin Tolisso,\u00a0\u00a038&#8242;\u00a0&#8211; James Rodriguez,\u00a0\u00a062&#8242;\u00a0&#8211; Arjen Robben,\u00a0\u00a087&#8242;\u00a0&#8211; Sandro Wagner,<\/strong> fueron quienes anotaron los goles.<\/em><\/p>\n<p>Se consagr\u00f3 campe\u00f3n\u00a0<strong>quedando 4 fechas para finalizar, con 72 puntos teniendo una diferencia de 20 puntos al segundo (Schalke 04 con 52).<\/strong><\/p>\n<p>El campe\u00f3n ya tiene su mirada en el partido de vuelta en la Champions League ante\u00a0<strong>Sevilla de Espa\u00f1a de local el d\u00eda mi\u00e9rcoles 11 a las 15:45<\/strong>.<\/p>\n<p>&nbsp;<\/p>\n<blockquote class=\"twitter-tweet\" data-lang=\"es\">\n<p dir=\"ltr\" lang=\"en\">? Here&#8217;s how <a href=\"https:\/\/twitter.com\/Thiago6?ref_src=twsrc%5Etfw\">@Thiago6<\/a>, <a href=\"https:\/\/twitter.com\/jamesdrodriguez?ref_src=twsrc%5Etfw\">@jamesdrodriguez<\/a> and the rest of the <a href=\"https:\/\/twitter.com\/hashtag\/FCBayern?src=hash&amp;ref_src=twsrc%5Etfw\">#FCBayern<\/a> boys celebrated yesterday&#8217;s title on social media ?<\/p>\n<p>\u27a1 <a href=\"https:\/\/t.co\/4eiOw0C03f\">https:\/\/t.co\/4eiOw0C03f<\/a> <a href=\"https:\/\/twitter.com\/hashtag\/MiaSanMeister?src=hash&amp;ref_src=twsrc%5Etfw\">#MiaSanMeister<\/a> <a href=\"https:\/\/t.co\/UUEDSiGAnp\">pic.twitter.com\/UUEDSiGAnp<\/a><\/p>\n<p>\u2014 FC Bayern English (@FCBayernEN) <a href=\"https:\/\/twitter.com\/FCBayernEN\/status\/982946440988250112?ref_src=twsrc%5Etfw\">8 de abril de 2018<\/a><\/p><\/blockquote>\n<p><script async src=\"https:\/\/platform.twitter.com\/widgets.js\" charset=\"utf-8\"><\/script><strong><em>Los goles:<\/em><\/strong><br \/>\n<iframe loading=\"lazy\" src=\"https:\/\/www.youtube.com\/embed\/eQ238JZXR_4\" width=\"350\" height=\"350\" frameborder=\"0\" allowfullscreen=\"allowfullscreen\"><span data-mce-type=\"bookmark\" style=\"display: inline-block; width: 0px; overflow: hidden; line-height: 0;\" class=\"mce_SELRES_start\">\ufeff<\/span><\/iframe><\/p>\n","protected":false},"excerpt":{"rendered":"<p>El equipo alem\u00e1n se consagr\u00f3 campe\u00f3n de la Bundesliga quedando 4 fechas por jugar. F.C Bayern Munich\u00a0se consagr\u00f3 campe\u00f3n el d\u00eda s\u00e1bado al vencer a\u00a0FC Augsburg\u00a0por\u00a01-4 de visitante. Donde el campe\u00f3n empez\u00f3 perdiendo a los 18 minutos ,Max\u00a0puso el 1-0 para el local, pero el local no pudo aguantar y el Bayern con sus estrellas [&hellip;]<\/p>\n","protected":false},"author":27,"featured_media":36342,"comment_status":"closed","ping_status":"closed","sticky":false,"template":"","format":"standard","meta":{"_seopress_robots_primary_cat":"","_seopress_titles_title":"","_seopress_titles_desc":"","_seopress_robots_index":"","footnotes":""},"categories":[2,18],"tags":[6329,418,6519,807,912,498],"class_list":["post-36341","post","type-post","status-publish","format-standard","has-post-thumbnail","hentry","category-futbol","category-futbol-internacional","tag-6329","tag-alemania","tag-bayer-munich","tag-bundesliga","tag-campeon","tag-futbol-internacional-2"],"_links":{"self":[{"href":"https:\/\/www.cordobatimes.com\/deportes\/wp-json\/wp\/v2\/posts\/36341","targetHints":{"allow":["GET"]}}],"collection":[{"href":"https:\/\/www.cordobatimes.com\/deportes\/wp-json\/wp\/v2\/posts"}],"about":[{"href":"https:\/\/www.cordobatimes.com\/deportes\/wp-json\/wp\/v2\/types\/post"}],"author":[{"embeddable":true,"href":"https:\/\/www.cordobatimes.com\/deportes\/wp-json\/wp\/v2\/users\/27"}],"replies":[{"embeddable":true,"href":"https:\/\/www.cordobatimes.com\/deportes\/wp-json\/wp\/v2\/comments?post=36341"}],"version-history":[{"count":0,"href":"https:\/\/www.cordobatimes.com\/deportes\/wp-json\/wp\/v2\/posts\/36341\/revisions"}],"wp:featuredmedia":[{"embeddable":true,"href":"https:\/\/www.cordobatimes.com\/deportes\/wp-json\/wp\/v2\/media\/36342"}],"wp:attachment":[{"href":"https:\/\/www.cordobatimes.com\/deportes\/wp-json\/wp\/v2\/media?parent=36341"}],"wp:term":[{"taxonomy":"category","embeddable":true,"href":"https:\/\/www.cordobatimes.com\/deportes\/wp-json\/wp\/v2\/categories?post=36341"},{"taxonomy":"post_tag","embeddable":true,"href":"https:\/\/www.cordobatimes.com\/deportes\/wp-json\/wp\/v2\/tags?post=36341"}],"curies":[{"name":"wp","href":"https:\/\/api.w.org\/{rel}","templated":true}]}}