{"id":36140,"date":"2018-03-17T22:05:14","date_gmt":"2018-03-18T01:05:14","guid":{"rendered":"http:\/\/www.cordobatimes.com\/deportes\/?p=36140"},"modified":"2018-03-18T13:44:02","modified_gmt":"2018-03-18T16:44:02","slug":"con-el-corazon-en-la-mano-gano-talleres","status":"publish","type":"post","link":"https:\/\/www.cordobatimes.com\/deportes\/futbol\/2018\/03\/17\/con-el-corazon-en-la-mano-gano-talleres\/","title":{"rendered":"Con el coraz\u00f3n en la mano, gan\u00f3 Talleres"},"content":{"rendered":"<p><strong>La &#8220;T&#8221; derrot\u00f3 a Defensa y Justicia por 1-0 con gol de Juan Ram\u00edrez y qued\u00f3 a 5 de Boca, que juega este domingo.<\/strong><\/p>\n<p>El equipo de Frank Kudelka hizo un desgaste f\u00edsico de tal magnitud, que en el complemento se qued\u00f3 sin piernas y tuvo que aguantar con el cuchillo entre los dientes el resultado.<\/p>\n<p>Sin embargo, el &#8220;Albiazul&#8221; no tuvo muchas situaciones claras de gol. Joao Rojas fue quien m\u00e1s insisti\u00f3 ante la s\u00f3lida defensa de su rival. Cristian Ojeda no entr\u00f3 mucho en juego mientras que Santiago Silva, que se fue expulsado, le toc\u00f3 el &#8220;trabajo sucio&#8221;.<\/p>\n<figure id=\"attachment_36149\" aria-describedby=\"caption-attachment-36149\" style=\"width: 988px\" class=\"wp-caption alignnone\"><img loading=\"lazy\" decoding=\"async\" class=\"wp-image-36149 size-full\" src=\"http:\/\/www.cordobatimes.com\/deportes\/wp-content\/uploads\/2018\/03\/pelado-silva.jpeg\" alt=\"\" width=\"988\" height=\"799\" srcset=\"https:\/\/www.cordobatimes.com\/deportes\/wp-content\/uploads\/2018\/03\/pelado-silva.jpeg 988w, https:\/\/www.cordobatimes.com\/deportes\/wp-content\/uploads\/2018\/03\/pelado-silva-300x243.jpeg 300w, https:\/\/www.cordobatimes.com\/deportes\/wp-content\/uploads\/2018\/03\/pelado-silva-768x621.jpeg 768w, https:\/\/www.cordobatimes.com\/deportes\/wp-content\/uploads\/2018\/03\/pelado-silva-696x563.jpeg 696w, https:\/\/www.cordobatimes.com\/deportes\/wp-content\/uploads\/2018\/03\/pelado-silva-519x420.jpeg 519w\" sizes=\"auto, (max-width: 988px) 100vw, 988px\" \/><figcaption id=\"caption-attachment-36149\" class=\"wp-caption-text\">Santiago Silva fue expulsado y se pierde el duelo contra Boca. \/\/ Foto: Club Atl\u00e9tico Talleres<\/figcaption><\/figure>\n<p>Por su parte, Pablo Gui\u00f1az\u00fa volvi\u00f3 a mostrar un nivel superlativo en todos los aspectos del juego. Escoltado por Juan Ram\u00edrez, la figura del partido, y Fer Godoy, que levant\u00f3 su nivel.<\/p>\n<p>Siempre la menci\u00f3n especial para Guido Herrera, quien con la seguridad de siempre y reflejos de calidad, volvi\u00f3 a mantener el arco &#8220;en cero&#8221;.<\/p>\n<figure id=\"attachment_36150\" aria-describedby=\"caption-attachment-36150\" style=\"width: 993px\" class=\"wp-caption alignnone\"><img loading=\"lazy\" decoding=\"async\" class=\"wp-image-36150 size-full\" src=\"http:\/\/www.cordobatimes.com\/deportes\/wp-content\/uploads\/2018\/03\/Juan-Edgar-Ramirez.jpeg\" alt=\"\" width=\"993\" height=\"799\" srcset=\"https:\/\/www.cordobatimes.com\/deportes\/wp-content\/uploads\/2018\/03\/Juan-Edgar-Ramirez.jpeg 993w, https:\/\/www.cordobatimes.com\/deportes\/wp-content\/uploads\/2018\/03\/Juan-Edgar-Ramirez-300x241.jpeg 300w, https:\/\/www.cordobatimes.com\/deportes\/wp-content\/uploads\/2018\/03\/Juan-Edgar-Ramirez-768x618.jpeg 768w, https:\/\/www.cordobatimes.com\/deportes\/wp-content\/uploads\/2018\/03\/Juan-Edgar-Ramirez-696x560.jpeg 696w, https:\/\/www.cordobatimes.com\/deportes\/wp-content\/uploads\/2018\/03\/Juan-Edgar-Ramirez-522x420.jpeg 522w\" sizes=\"auto, (max-width: 993px) 100vw, 993px\" \/><figcaption id=\"caption-attachment-36150\" class=\"wp-caption-text\">Juan Ram\u00edrez lleg\u00f3 a 5 goles en el torneo. \/\/ Foto: Club Atl\u00e9tico Talleres<\/figcaption><\/figure>\n<p>El equipo mostr\u00f3 garra, sacrificio y compromiso en cada jugada y se llev\u00f3 tres puntos important\u00edsimos en la lucha por la clasificaci\u00f3n a copas. Y porque no, de incomodar a Boca en la cima del torneo.<\/p>\n<p><strong>El resumen:<\/strong><\/p>\n<p><iframe loading=\"lazy\" width=\"696\" height=\"392\" src=\"https:\/\/www.youtube.com\/embed\/knEbU-TyJIY?feature=oembed\" frameborder=\"0\" allow=\"autoplay; encrypted-media\" allowfullscreen><\/iframe><\/p>\n","protected":false},"excerpt":{"rendered":"<p>La &#8220;T&#8221; derrot\u00f3 a Defensa y Justicia por 1-0 con gol de Juan Ram\u00edrez y qued\u00f3 a 5 de Boca, que juega este domingo. El equipo de Frank Kudelka hizo un desgaste f\u00edsico de tal magnitud, que en el complemento se qued\u00f3 sin piernas y tuvo que aguantar con el cuchillo entre los dientes el [&hellip;]<\/p>\n","protected":false},"author":26,"featured_media":36141,"comment_status":"closed","ping_status":"closed","sticky":false,"template":"","format":"standard","meta":{"_seopress_robots_primary_cat":"","_seopress_titles_title":"","_seopress_titles_desc":"","_seopress_robots_index":"","footnotes":""},"categories":[2,16],"tags":[360,40],"class_list":["post-36140","post","type-post","status-publish","format-standard","has-post-thumbnail","hentry","category-futbol","category-primera-division","tag-defensa-y-justicia","tag-talleres"],"_links":{"self":[{"href":"https:\/\/www.cordobatimes.com\/deportes\/wp-json\/wp\/v2\/posts\/36140","targetHints":{"allow":["GET"]}}],"collection":[{"href":"https:\/\/www.cordobatimes.com\/deportes\/wp-json\/wp\/v2\/posts"}],"about":[{"href":"https:\/\/www.cordobatimes.com\/deportes\/wp-json\/wp\/v2\/types\/post"}],"author":[{"embeddable":true,"href":"https:\/\/www.cordobatimes.com\/deportes\/wp-json\/wp\/v2\/users\/26"}],"replies":[{"embeddable":true,"href":"https:\/\/www.cordobatimes.com\/deportes\/wp-json\/wp\/v2\/comments?post=36140"}],"version-history":[{"count":0,"href":"https:\/\/www.cordobatimes.com\/deportes\/wp-json\/wp\/v2\/posts\/36140\/revisions"}],"wp:featuredmedia":[{"embeddable":true,"href":"https:\/\/www.cordobatimes.com\/deportes\/wp-json\/wp\/v2\/media\/36141"}],"wp:attachment":[{"href":"https:\/\/www.cordobatimes.com\/deportes\/wp-json\/wp\/v2\/media?parent=36140"}],"wp:term":[{"taxonomy":"category","embeddable":true,"href":"https:\/\/www.cordobatimes.com\/deportes\/wp-json\/wp\/v2\/categories?post=36140"},{"taxonomy":"post_tag","embeddable":true,"href":"https:\/\/www.cordobatimes.com\/deportes\/wp-json\/wp\/v2\/tags?post=36140"}],"curies":[{"name":"wp","href":"https:\/\/api.w.org\/{rel}","templated":true}]}}