{"id":36037,"date":"2018-03-14T09:00:10","date_gmt":"2018-03-14T12:00:10","guid":{"rendered":"http:\/\/www.cordobatimes.com\/deportes\/?p=36037"},"modified":"2018-03-14T16:20:59","modified_gmt":"2018-03-14T19:20:59","slug":"supercopa-argentina-juega-bebelo-de-arranque","status":"publish","type":"post","link":"https:\/\/www.cordobatimes.com\/deportes\/futbol\/2018\/03\/14\/supercopa-argentina-juega-bebelo-de-arranque\/","title":{"rendered":"Supercopa Argentina: \u00bfJuega &#8220;Bebelo&#8221; de arranque?"},"content":{"rendered":"<h3><strong>El ex Talleres concentra con el plantel de Guillermo Barros Schelotto para la final del mi\u00e9rcoles ante River en Mendoza.<\/strong><\/h3>\n<p>Si bien desde que lleg\u00f3 al &#8220;Xeneize&#8221; disput\u00f3 varios partidos de titular incluyendo uno por Copa Libertadores, Emanuel Reynoso no ser\u00eda de la partida en el encuentro m\u00e1s importante del a\u00f1o para los clubes m\u00e1s importantes del pa\u00eds.<\/p>\n<p>Sin embargo, el talentoso volante puede aportarle claridad en el juego, tenencia de bal\u00f3n, precisi\u00f3n y calidad al esquema del &#8220;Mellizo&#8221; por si las cosas se complican. Aunque no est\u00e1 confirmada la formaci\u00f3n inicial, &#8220;Bebelo&#8221; esperar\u00eda en el banco de suplentes.<\/p>\n<figure id=\"attachment_36048\" aria-describedby=\"caption-attachment-36048\" style=\"width: 620px\" class=\"wp-caption alignnone\"><img loading=\"lazy\" decoding=\"async\" class=\"wp-image-36048 size-full\" src=\"http:\/\/www.cordobatimes.com\/deportes\/wp-content\/uploads\/2018\/03\/supercopa-arg.jpg\" alt=\"\" width=\"620\" height=\"430\" srcset=\"https:\/\/www.cordobatimes.com\/deportes\/wp-content\/uploads\/2018\/03\/supercopa-arg.jpg 620w, https:\/\/www.cordobatimes.com\/deportes\/wp-content\/uploads\/2018\/03\/supercopa-arg-300x208.jpg 300w, https:\/\/www.cordobatimes.com\/deportes\/wp-content\/uploads\/2018\/03\/supercopa-arg-100x70.jpg 100w, https:\/\/www.cordobatimes.com\/deportes\/wp-content\/uploads\/2018\/03\/supercopa-arg-218x150.jpg 218w, https:\/\/www.cordobatimes.com\/deportes\/wp-content\/uploads\/2018\/03\/supercopa-arg-606x420.jpg 606w\" sizes=\"auto, (max-width: 620px) 100vw, 620px\" \/><figcaption id=\"caption-attachment-36048\" class=\"wp-caption-text\">El deseado trofeo<\/figcaption><\/figure>\n<p>El hist\u00f3rico encuentro se juega en el estadio Malvinas Argentinas de Mendoza desde las 21:10 hs con arbitraje de Patricio Loustau. Los asistentes ser\u00e1n Yamil Bonf\u00e1 y Claudio Rossi. Mientras que el cuarto \u00e1rbitro ser\u00e1 Fernando Rapallini; tambi\u00e9n atr\u00e1s de los arcos se ubicar\u00e1n Facundo Tello y Ariel Penel. El encuentro ser\u00e1 televisado por Fox Sports Premium. En caso de empate, habr\u00e1 penales directamente.<\/p>\n<p><strong>\u00bfY los otros cordobeses?<\/strong><\/p>\n<p>Emanuel Reynoso no es el \u00fanico cordob\u00e9s en el plantel de Boca. Tambi\u00e9n est\u00e1n Gonzalo Maroni (no viaj\u00f3 a Mendoza), Julio Buffarini (ir\u00eda al banco), Ram\u00f3n \u00c1bila (tambi\u00e9n ser\u00eda suplente), Agust\u00edn Heredia (se qued\u00f3 en Buenos Aires) y Cristian Pav\u00f3n.<\/p>\n<p>Solamente Pav\u00f3n, quien tambi\u00e9n sali\u00f3 de las inferiores de la &#8220;T&#8221;, ir\u00eda como titular. &#8220;Kichan&#8221; es uno de los jugadores m\u00e1s importantes del &#8220;Xeneize&#8221; y ser\u00e1 parte de la delegaci\u00f3n de Jorge Sampaoli para los amistosos de la Selecci\u00f3n Argentina ante Italia y Espa\u00f1a.<\/p>\n","protected":false},"excerpt":{"rendered":"<p>El ex Talleres concentra con el plantel de Guillermo Barros Schelotto para la final del mi\u00e9rcoles ante River en Mendoza. Si bien desde que lleg\u00f3 al &#8220;Xeneize&#8221; disput\u00f3 varios partidos de titular incluyendo uno por Copa Libertadores, Emanuel Reynoso no ser\u00eda de la partida en el encuentro m\u00e1s importante del a\u00f1o para los clubes m\u00e1s [&hellip;]<\/p>\n","protected":false},"author":26,"featured_media":36049,"comment_status":"closed","ping_status":"closed","sticky":false,"template":"","format":"standard","meta":{"_seopress_robots_primary_cat":"","_seopress_titles_title":"","_seopress_titles_desc":"","_seopress_robots_index":"","footnotes":""},"categories":[2,16],"tags":[6501,6376,52,2333,2673,6500,2488,1771,6502,74,5083,564],"class_list":["post-36037","post","type-post","status-publish","format-standard","has-post-thumbnail","hentry","category-futbol","category-primera-division","tag-agustin-heredia","tag-bebelo-reynoso","tag-boca","tag-boca-river","tag-cristian-pavon","tag-final-supercopa-argentina","tag-julio-buffarini","tag-mendoza","tag-patricio-loustau","tag-river","tag-supercopa-argentina","tag-wanchope-abila"],"_links":{"self":[{"href":"https:\/\/www.cordobatimes.com\/deportes\/wp-json\/wp\/v2\/posts\/36037","targetHints":{"allow":["GET"]}}],"collection":[{"href":"https:\/\/www.cordobatimes.com\/deportes\/wp-json\/wp\/v2\/posts"}],"about":[{"href":"https:\/\/www.cordobatimes.com\/deportes\/wp-json\/wp\/v2\/types\/post"}],"author":[{"embeddable":true,"href":"https:\/\/www.cordobatimes.com\/deportes\/wp-json\/wp\/v2\/users\/26"}],"replies":[{"embeddable":true,"href":"https:\/\/www.cordobatimes.com\/deportes\/wp-json\/wp\/v2\/comments?post=36037"}],"version-history":[{"count":0,"href":"https:\/\/www.cordobatimes.com\/deportes\/wp-json\/wp\/v2\/posts\/36037\/revisions"}],"wp:featuredmedia":[{"embeddable":true,"href":"https:\/\/www.cordobatimes.com\/deportes\/wp-json\/wp\/v2\/media\/36049"}],"wp:attachment":[{"href":"https:\/\/www.cordobatimes.com\/deportes\/wp-json\/wp\/v2\/media?parent=36037"}],"wp:term":[{"taxonomy":"category","embeddable":true,"href":"https:\/\/www.cordobatimes.com\/deportes\/wp-json\/wp\/v2\/categories?post=36037"},{"taxonomy":"post_tag","embeddable":true,"href":"https:\/\/www.cordobatimes.com\/deportes\/wp-json\/wp\/v2\/tags?post=36037"}],"curies":[{"name":"wp","href":"https:\/\/api.w.org\/{rel}","templated":true}]}}