{"id":35998,"date":"2018-03-11T14:05:21","date_gmt":"2018-03-11T17:05:21","guid":{"rendered":"http:\/\/www.cordobatimes.com\/deportes\/?p=35998"},"modified":"2018-03-11T14:05:21","modified_gmt":"2018-03-11T17:05:21","slug":"quien-willy-caballero","status":"publish","type":"post","link":"https:\/\/www.cordobatimes.com\/deportes\/futbol\/2018\/03\/11\/quien-willy-caballero\/","title":{"rendered":"\u00bfQui\u00e9n es &#8220;Willy&#8221; Caballero?"},"content":{"rendered":"<h3><strong>La convocatoria m\u00e1s llamativa para esta gira de amistosos que jugar\u00e1 el equipo de Sampaoli ante Italia y Espa\u00f1a, sea la del arquero Wilfredo Caballero. Te contamos quien es.<\/strong><\/h3>\n<p><img decoding=\"async\" src=\"https:\/\/upload.wikimedia.org\/wikipedia\/commons\/7\/78\/Willy_Caballero_20180106.jpg\" alt=\"Willy Caballero 20180106.jpg\" \/><\/p>\n<p><em><strong>Wilfredo Daniel Caballero Lazcano, apodado como &#8220;WillY&#8221;<\/strong><\/em>, de 36 a\u00f1os nacido en\u00a0\u00a0<strong>Santa Elena en Entre Rios el 28 de septiembre de 1981.<\/strong><\/p>\n<ul>\n<li>Actualmente arquero del Chelsea<\/li>\n<li>Jug\u00f3 en la Selecci\u00f3n Argentina Sub 20 del 2001<\/li>\n<\/ul>\n<p><img decoding=\"async\" src=\"http:\/\/static.goal.com\/272300\/272369.jpg\" \/><\/p>\n<ul>\n<li><strong>Jug\u00f3 dos partidos y no recibi\u00f3 goles.<\/strong><\/li>\n<li>Estuvo presente en el oro que consigui\u00f3 en Grecia 2004, donde fue suplente.<\/li>\n<li>Debut\u00f3 en Boca Juniors\u00a0el\u00a07 de febrero\u00a0de\u00a02000\u00a0en la visita a\u00a0Newell&#8217;s Old Boys estuvo desde el 2000 al 2003. Jug\u00f3 en total 15 partidos<\/li>\n<\/ul>\n<p><img decoding=\"async\" src=\"http:\/\/staticmd1.lavozdelinterior.com.ar\/sites\/default\/files\/styles\/landscape_568_324\/public\/nota_periodistica\/caballero_boca_collage.jpg\" alt=\"Resultado de imagen para willy caballero en boca\" \/><\/p>\n<ul>\n<li>Luego tuvo dos pasos en el Elche de Espa\u00f1a donde jugo 186 partidos en el club del 05\/06 y 07\/011<\/li>\n<\/ul>\n<p><img decoding=\"async\" src=\"http:\/\/www.lawebdeparana.com\/imagenes\/noticias\/originales\/foto011421081.jpg\" alt=\"Resultado de imagen para willy caballero en el elche de espa\u00f1a\" \/><\/p>\n<ul>\n<li>Luego del primer paso por el Elche de Espa\u00f1a regres\u00f3 a la Argentina para jugar una temporada en Arsenal de Sarandi. Temporada 06\/07 jug\u00f3 13 partidos.<\/li>\n<li>Lleg\u00f3 al M\u00e1laga en la temporada 2010 al 2014 donde jug\u00f3 117 partidos.<\/li>\n<\/ul>\n<p><img decoding=\"async\" src=\"https:\/\/ugc.kn3.net\/i\/origin\/http:\/\/www4.pictures.zimbio.com\/gi\/Willy+Caballero+Malaga+CF+v+FC+Zenit+St+Petersburg+jdb8F6gw3tix.jpg\" alt=\"Resultado de imagen para willy caballero en el malaga de espa\u00f1a\" \/><\/p>\n<ul>\n<li>Desde el 2014-2017 lleg\u00f3 al Manchester City de Inglaterra donde jug\u00f3 23 partidos.<\/li>\n<li>En la actualidad juega en el Chelsea de Inglaterra.<\/li>\n<\/ul>\n<p><img decoding=\"async\" src=\"https:\/\/cdn.images.dailystar.co.uk\/dynamic\/58\/photos\/982000\/620x\/Willy-Caballero-655437.jpg\" alt=\"Resultado de imagen para willy caballero en el chelsea\" \/><\/p>\n<h1><em><strong>En total jug\u00f3 414 partidos y recibi\u00f3 472 goles.<\/strong><\/em><\/h1>\n<p><em><strong>Algunas atajadas en el Manchester City:<\/strong><\/em><br \/>\n<iframe loading=\"lazy\" src=\"https:\/\/www.youtube.com\/embed\/lC66DKGEeMs\" width=\"350\" height=\"350\" frameborder=\"0\" allowfullscreen=\"allowfullscreen\"><span data-mce-type=\"bookmark\" style=\"display: inline-block; width: 0px; overflow: hidden; line-height: 0;\" class=\"mce_SELRES_start\">\ufeff<\/span><\/iframe><\/p>\n<p>&nbsp;<\/p>\n","protected":false},"excerpt":{"rendered":"<p>La convocatoria m\u00e1s llamativa para esta gira de amistosos que jugar\u00e1 el equipo de Sampaoli ante Italia y Espa\u00f1a, sea la del arquero Wilfredo Caballero. Te contamos quien es. Wilfredo Daniel Caballero Lazcano, apodado como &#8220;WillY&#8221;, de 36 a\u00f1os nacido en\u00a0\u00a0Santa Elena en Entre Rios el 28 de septiembre de 1981. Actualmente arquero del Chelsea [&hellip;]<\/p>\n","protected":false},"author":27,"featured_media":35999,"comment_status":"closed","ping_status":"closed","sticky":false,"template":"","format":"standard","meta":{"_seopress_robots_primary_cat":"","_seopress_titles_title":"","_seopress_titles_desc":"","_seopress_robots_index":"","footnotes":""},"categories":[2,5904],"tags":[453,6497,64,542,3459],"class_list":["post-35998","post","type-post","status-publish","format-standard","has-post-thumbnail","hentry","category-futbol","category-seleccion-argentina","tag-arquero","tag-convocado","tag-futbol-2","tag-seleccion-argentina","tag-willy-caballero"],"_links":{"self":[{"href":"https:\/\/www.cordobatimes.com\/deportes\/wp-json\/wp\/v2\/posts\/35998","targetHints":{"allow":["GET"]}}],"collection":[{"href":"https:\/\/www.cordobatimes.com\/deportes\/wp-json\/wp\/v2\/posts"}],"about":[{"href":"https:\/\/www.cordobatimes.com\/deportes\/wp-json\/wp\/v2\/types\/post"}],"author":[{"embeddable":true,"href":"https:\/\/www.cordobatimes.com\/deportes\/wp-json\/wp\/v2\/users\/27"}],"replies":[{"embeddable":true,"href":"https:\/\/www.cordobatimes.com\/deportes\/wp-json\/wp\/v2\/comments?post=35998"}],"version-history":[{"count":0,"href":"https:\/\/www.cordobatimes.com\/deportes\/wp-json\/wp\/v2\/posts\/35998\/revisions"}],"wp:featuredmedia":[{"embeddable":true,"href":"https:\/\/www.cordobatimes.com\/deportes\/wp-json\/wp\/v2\/media\/35999"}],"wp:attachment":[{"href":"https:\/\/www.cordobatimes.com\/deportes\/wp-json\/wp\/v2\/media?parent=35998"}],"wp:term":[{"taxonomy":"category","embeddable":true,"href":"https:\/\/www.cordobatimes.com\/deportes\/wp-json\/wp\/v2\/categories?post=35998"},{"taxonomy":"post_tag","embeddable":true,"href":"https:\/\/www.cordobatimes.com\/deportes\/wp-json\/wp\/v2\/tags?post=35998"}],"curies":[{"name":"wp","href":"https:\/\/api.w.org\/{rel}","templated":true}]}}