{"id":35976,"date":"2018-03-10T12:21:49","date_gmt":"2018-03-10T15:21:49","guid":{"rendered":"http:\/\/www.cordobatimes.com\/deportes\/?p=35976"},"modified":"2018-03-10T12:21:49","modified_gmt":"2018-03-10T15:21:49","slug":"dos-figuras-del-psg-podrian-dejar-equipo-luego-la-elimnacion","status":"publish","type":"post","link":"https:\/\/www.cordobatimes.com\/deportes\/futbol\/2018\/03\/10\/dos-figuras-del-psg-podrian-dejar-equipo-luego-la-elimnacion\/","title":{"rendered":"Dos figuras del PSG, podr\u00edan dejar el equipo luego de la elimnaci\u00f3n"},"content":{"rendered":"<h3><strong>Luego de la derrota ante el Real, varios diarios franceses anunciaron que dos grandes jugadores quieren irse del club.<\/strong><\/h3>\n<p><em><strong>Los dos jugadores son:<\/strong><\/em><\/p>\n<ul>\n<li>Neymar<\/li>\n<\/ul>\n<p><img decoding=\"async\" src=\"http:\/\/staticmd1.lavozdelinterior.com.ar\/sites\/default\/files\/styles\/landscape_568_324\/public\/nota_periodistica\/2018020508245753896.jpg\" \/><\/p>\n<p><strong>El brasile\u00f1o quiere volver al Barcelona, ya que para el &#8220;fue un error haberse ido del club Catal\u00e1n &#8220;. Por otro lado, se dice que su padre estar\u00eda negociando la llegada al Real Madrid.<\/strong><\/p>\n<ul>\n<li><em>Edinson Cavani<\/em><\/li>\n<\/ul>\n<p><img decoding=\"async\" src=\"http:\/\/staticmd1.lavozdelinterior.com.ar\/sites\/default\/files\/styles\/landscape_568_324\/public\/nota_periodistica\/edinsoncavanicelb.jpg\" \/><\/p>\n<p><em><strong>El uruguayo planea irse a mitad de a\u00f1o seg\u00fan especul\u00f3 el peri\u00f3dico&#8221; Le Parisien&#8221;. La idea es irse a otra liga.<\/strong><\/em><\/p>\n<p><strong>Fuente: Mundo D<\/strong><\/p>\n","protected":false},"excerpt":{"rendered":"<p>Luego de la derrota ante el Real, varios diarios franceses anunciaron que dos grandes jugadores quieren irse del club. Los dos jugadores son: Neymar El brasile\u00f1o quiere volver al Barcelona, ya que para el &#8220;fue un error haberse ido del club Catal\u00e1n &#8220;. Por otro lado, se dice que su padre estar\u00eda negociando la llegada [&hellip;]<\/p>\n","protected":false},"author":27,"featured_media":35977,"comment_status":"closed","ping_status":"closed","sticky":false,"template":"","format":"standard","meta":{"_seopress_robots_primary_cat":"","_seopress_titles_title":"","_seopress_titles_desc":"","_seopress_robots_index":"","footnotes":""},"categories":[2,18],"tags":[2480,244,1155],"class_list":["post-35976","post","type-post","status-publish","format-standard","has-post-thumbnail","hentry","category-futbol","category-futbol-internacional","tag-edinson-cavani","tag-neymar","tag-psg"],"_links":{"self":[{"href":"https:\/\/www.cordobatimes.com\/deportes\/wp-json\/wp\/v2\/posts\/35976","targetHints":{"allow":["GET"]}}],"collection":[{"href":"https:\/\/www.cordobatimes.com\/deportes\/wp-json\/wp\/v2\/posts"}],"about":[{"href":"https:\/\/www.cordobatimes.com\/deportes\/wp-json\/wp\/v2\/types\/post"}],"author":[{"embeddable":true,"href":"https:\/\/www.cordobatimes.com\/deportes\/wp-json\/wp\/v2\/users\/27"}],"replies":[{"embeddable":true,"href":"https:\/\/www.cordobatimes.com\/deportes\/wp-json\/wp\/v2\/comments?post=35976"}],"version-history":[{"count":0,"href":"https:\/\/www.cordobatimes.com\/deportes\/wp-json\/wp\/v2\/posts\/35976\/revisions"}],"wp:featuredmedia":[{"embeddable":true,"href":"https:\/\/www.cordobatimes.com\/deportes\/wp-json\/wp\/v2\/media\/35977"}],"wp:attachment":[{"href":"https:\/\/www.cordobatimes.com\/deportes\/wp-json\/wp\/v2\/media?parent=35976"}],"wp:term":[{"taxonomy":"category","embeddable":true,"href":"https:\/\/www.cordobatimes.com\/deportes\/wp-json\/wp\/v2\/categories?post=35976"},{"taxonomy":"post_tag","embeddable":true,"href":"https:\/\/www.cordobatimes.com\/deportes\/wp-json\/wp\/v2\/tags?post=35976"}],"curies":[{"name":"wp","href":"https:\/\/api.w.org\/{rel}","templated":true}]}}