{"id":35927,"date":"2018-03-08T16:35:37","date_gmt":"2018-03-08T19:35:37","guid":{"rendered":"http:\/\/www.cordobatimes.com\/deportes\/?p=35927"},"modified":"2018-03-08T17:08:58","modified_gmt":"2018-03-08T20:08:58","slug":"se-confirmo-la-lista-los-jugadores-sub-20-acompanaran-la-seleccion-gira","status":"publish","type":"post","link":"https:\/\/www.cordobatimes.com\/deportes\/futbol\/2018\/03\/08\/se-confirmo-la-lista-los-jugadores-sub-20-acompanaran-la-seleccion-gira\/","title":{"rendered":"Se confirm\u00f3 la lista de los jugadores Sub 20 que acompa\u00f1aran a la Selecci\u00f3n en la Gira"},"content":{"rendered":"<h3><strong>Sebasti\u00e1n Beccacece p\u00fablico los chicos que viajar\u00e1n junto al seleccionado mayor de Sampaoli para jugar los amistosos ante Italia y Espa\u00f1a.<\/strong><\/h3>\n<p>En la lista se destacan varios cordobeses que juegan en\u00a0<strong>Talleres, Boca y River.<\/strong><\/p>\n<p><em><strong>Estos son los cordobeses que estar\u00e1n:<\/strong><\/em><\/p>\n<ul>\n<li>Gonzalo Maroni de Boca<\/li>\n<li>Juli\u00e1n \u00c1lvarez de River<\/li>\n<li>Facundo Medina de Talleres<\/li>\n<li>Cristian Ojeda de Talleres<\/li>\n<\/ul>\n<p><strong>El seleccionado juvenil jugar\u00e1 dos amistosos ante : Inglaterra y Real Madrid Sub 20.<\/strong><\/p>\n<h1><em><strong>Lista Completa:<\/strong><\/em><\/h1>\n<p><img decoding=\"async\" src=\"https:\/\/pbs.twimg.com\/media\/DXxWegsXkAAYhgt.jpg\" \/><\/p>\n","protected":false},"excerpt":{"rendered":"<p>Sebasti\u00e1n Beccacece p\u00fablico los chicos que viajar\u00e1n junto al seleccionado mayor de Sampaoli para jugar los amistosos ante Italia y Espa\u00f1a. En la lista se destacan varios cordobeses que juegan en\u00a0Talleres, Boca y River. Estos son los cordobeses que estar\u00e1n: Gonzalo Maroni de Boca Juli\u00e1n \u00c1lvarez de River Facundo Medina de Talleres Cristian Ojeda de [&hellip;]<\/p>\n","protected":false},"author":27,"featured_media":35928,"comment_status":"closed","ping_status":"closed","sticky":false,"template":"","format":"standard","meta":{"_seopress_robots_primary_cat":"","_seopress_titles_title":"","_seopress_titles_desc":"","_seopress_robots_index":"","footnotes":""},"categories":[2,5904],"tags":[226,26,225,4030,227,4904],"class_list":["post-35927","post","type-post","status-publish","format-standard","has-post-thumbnail","hentry","category-futbol","category-seleccion-argentina","tag-amistosos","tag-argentina","tag-convocados","tag-gira","tag-seleccion","tag-sub-20"],"_links":{"self":[{"href":"https:\/\/www.cordobatimes.com\/deportes\/wp-json\/wp\/v2\/posts\/35927","targetHints":{"allow":["GET"]}}],"collection":[{"href":"https:\/\/www.cordobatimes.com\/deportes\/wp-json\/wp\/v2\/posts"}],"about":[{"href":"https:\/\/www.cordobatimes.com\/deportes\/wp-json\/wp\/v2\/types\/post"}],"author":[{"embeddable":true,"href":"https:\/\/www.cordobatimes.com\/deportes\/wp-json\/wp\/v2\/users\/27"}],"replies":[{"embeddable":true,"href":"https:\/\/www.cordobatimes.com\/deportes\/wp-json\/wp\/v2\/comments?post=35927"}],"version-history":[{"count":0,"href":"https:\/\/www.cordobatimes.com\/deportes\/wp-json\/wp\/v2\/posts\/35927\/revisions"}],"wp:featuredmedia":[{"embeddable":true,"href":"https:\/\/www.cordobatimes.com\/deportes\/wp-json\/wp\/v2\/media\/35928"}],"wp:attachment":[{"href":"https:\/\/www.cordobatimes.com\/deportes\/wp-json\/wp\/v2\/media?parent=35927"}],"wp:term":[{"taxonomy":"category","embeddable":true,"href":"https:\/\/www.cordobatimes.com\/deportes\/wp-json\/wp\/v2\/categories?post=35927"},{"taxonomy":"post_tag","embeddable":true,"href":"https:\/\/www.cordobatimes.com\/deportes\/wp-json\/wp\/v2\/tags?post=35927"}],"curies":[{"name":"wp","href":"https:\/\/api.w.org\/{rel}","templated":true}]}}