{"id":35802,"date":"2018-02-27T01:58:08","date_gmt":"2018-02-27T04:58:08","guid":{"rendered":"http:\/\/www.cordobatimes.com\/deportes\/?p=35802"},"modified":"2018-02-27T01:58:08","modified_gmt":"2018-02-27T04:58:08","slug":"la-t-aplasto-al-bicho","status":"publish","type":"post","link":"https:\/\/www.cordobatimes.com\/deportes\/futbol\/2018\/02\/27\/la-t-aplasto-al-bicho\/","title":{"rendered":"La &#8220;T&#8221; aplast\u00f3 al &#8220;Bicho&#8221;"},"content":{"rendered":"<h3><strong>Con un gran juego colectivo, Talleres derrot\u00f3 2-0 a Argentinos Juniors con goles de Juan Ram\u00edrez y Santiago Silva.<\/strong><\/h3>\n<p>El equipo de Frank Dar\u00edo Kudelka no afloja y en la tarde del lunes derrot\u00f3 al equipo de La Paternal por 2-0. Juan Ram\u00edrez, quien estuvo al borde de salir del equipo titular, y Santiago Silva, marcaron para que la &#8220;T&#8221; acumule seis partidos sin perder en la actual Superliga.<\/p>\n<figure id=\"attachment_35804\" aria-describedby=\"caption-attachment-35804\" style=\"width: 980px\" class=\"wp-caption alignnone\"><img loading=\"lazy\" decoding=\"async\" class=\"wp-image-35804 size-full\" src=\"http:\/\/www.cordobatimes.com\/deportes\/wp-content\/uploads\/2018\/02\/RAMIREZ.jpeg\" alt=\"\" width=\"980\" height=\"800\" srcset=\"https:\/\/www.cordobatimes.com\/deportes\/wp-content\/uploads\/2018\/02\/RAMIREZ.jpeg 980w, https:\/\/www.cordobatimes.com\/deportes\/wp-content\/uploads\/2018\/02\/RAMIREZ-300x245.jpeg 300w, https:\/\/www.cordobatimes.com\/deportes\/wp-content\/uploads\/2018\/02\/RAMIREZ-768x627.jpeg 768w, https:\/\/www.cordobatimes.com\/deportes\/wp-content\/uploads\/2018\/02\/RAMIREZ-696x568.jpeg 696w, https:\/\/www.cordobatimes.com\/deportes\/wp-content\/uploads\/2018\/02\/RAMIREZ-515x420.jpeg 515w\" sizes=\"auto, (max-width: 980px) 100vw, 980px\" \/><figcaption id=\"caption-attachment-35804\" class=\"wp-caption-text\">Juan Ram\u00edrez puso el 1-0<\/figcaption><\/figure>\n<p>La &#8220;T&#8221; no se sinti\u00f3 del todo c\u00f3modo en los primeros minutos del partido cuando la visita goz\u00f3 de la posesi\u00f3n de la pelota y ten\u00eda muchas facilidades para dejar a Battalini y Gonz\u00e1lez, mano a mano con los defensores albiazules. Sin embargo, no fueron precisos en los \u00faltimos metros y no incomodaron a Guido Herrera.<\/p>\n<blockquote class=\"twitter-tweet\" data-lang=\"es\">\n<p dir=\"ltr\" lang=\"es\"><a href=\"https:\/\/twitter.com\/hashtag\/VamosTalleres?src=hash&amp;ref_src=twsrc%5Etfw\">#VamosTalleres<\/a> | De arco a arco, el golazo de <a href=\"https:\/\/twitter.com\/hashtag\/Talleres?src=hash&amp;ref_src=twsrc%5Etfw\">#Talleres<\/a> para ponerse 1 a 0 arriba.<br \/>\n?: <a href=\"https:\/\/twitter.com\/TNTSportsLA?ref_src=twsrc%5Etfw\">@TNTSportsLA<\/a> <a href=\"https:\/\/t.co\/5bVxL10ymW\">pic.twitter.com\/5bVxL10ymW<\/a><\/p>\n<p>\u2014 Talleres (@CATalleresdecba) <a href=\"https:\/\/twitter.com\/CATalleresdecba\/status\/968256243130396672?ref_src=twsrc%5Etfw\">26 de febrero de 2018<\/a><\/p><\/blockquote>\n<p><script async src=\"https:\/\/platform.twitter.com\/widgets.js\" charset=\"utf-8\"><\/script><\/p>\n<p>Mat\u00edas Pisano fue el encargado de dar vuelta el rumbo del partido. El extremo que debutaba como titular, sac\u00f3 a lucir su jerarqu\u00eda individual y asisti\u00f3 a Juan Ram\u00edrez en el primer tiempo y a Santiago Silva en el complemento. Por la otra banda, Joao Rojas exigi\u00f3 siempre a sus rivales siendo una constante en ataque con desbordes y regates que significaban peligro para Lucas Ch\u00e1vez, el &#8220;1&#8221; visitante.<\/p>\n<p>La &#8220;T&#8221; volvi\u00f3 a recuperar el juego colectivo de la mano de Pablo Gui\u00f1az\u00fa en la recuperaci\u00f3n y de Fernando Godoy para ser el &#8220;primer pase&#8221;. Juan Ram\u00edrez le aport\u00f3 el cambio de ritmo al ataque albiazul. Mientras que Leo Godoy y Lucas Olaza volvieron a proyectarse con frecuencia en ataque, aportando cantidad de recursos a la ofensiva.<\/p>\n<blockquote class=\"twitter-tweet\" data-lang=\"es\">\n<p dir=\"ltr\" lang=\"es\"><a href=\"https:\/\/twitter.com\/hashtag\/VamosTalleres?src=hash&amp;ref_src=twsrc%5Etfw\">#VamosTalleres<\/a> | Potente remate de Santiago Silva para el 2 a 0. Mir\u00e1 ?<br \/>\n?: <a href=\"https:\/\/twitter.com\/TNTSportsLA?ref_src=twsrc%5Etfw\">@TNTSportsLA<\/a> <a href=\"https:\/\/t.co\/Z1Hb7sGwXt\">pic.twitter.com\/Z1Hb7sGwXt<\/a><\/p>\n<p>\u2014 Talleres (@CATalleresdecba) <a href=\"https:\/\/twitter.com\/CATalleresdecba\/status\/968266643385221121?ref_src=twsrc%5Etfw\">26 de febrero de 2018<\/a><\/p><\/blockquote>\n<p><script async src=\"https:\/\/platform.twitter.com\/widgets.js\" charset=\"utf-8\"><\/script><\/p>\n<p>Por su parte Guido Herrera, escoltado por Carlos Quintana y Javier Gandolfi, volvieron a mantener el arco &#8220;bajo llaves&#8221; por 11\u00b0 ocasi\u00f3n en el torneo. El arquero, respondi\u00f3 cuando se lo exigi\u00f3 y se mostr\u00f3 muy seguro y r\u00e1pido de piernas cortando los ataques adversarios.<\/p>\n<figure id=\"attachment_35805\" aria-describedby=\"caption-attachment-35805\" style=\"width: 1200px\" class=\"wp-caption alignnone\"><img loading=\"lazy\" decoding=\"async\" class=\"wp-image-35805 size-full\" src=\"http:\/\/www.cordobatimes.com\/deportes\/wp-content\/uploads\/2018\/02\/FESTEJO-SILVA.jpeg\" alt=\"\" width=\"1200\" height=\"727\" srcset=\"https:\/\/www.cordobatimes.com\/deportes\/wp-content\/uploads\/2018\/02\/FESTEJO-SILVA.jpeg 1200w, https:\/\/www.cordobatimes.com\/deportes\/wp-content\/uploads\/2018\/02\/FESTEJO-SILVA-300x182.jpeg 300w, https:\/\/www.cordobatimes.com\/deportes\/wp-content\/uploads\/2018\/02\/FESTEJO-SILVA-768x465.jpeg 768w, https:\/\/www.cordobatimes.com\/deportes\/wp-content\/uploads\/2018\/02\/FESTEJO-SILVA-1024x620.jpeg 1024w, https:\/\/www.cordobatimes.com\/deportes\/wp-content\/uploads\/2018\/02\/FESTEJO-SILVA-696x422.jpeg 696w, https:\/\/www.cordobatimes.com\/deportes\/wp-content\/uploads\/2018\/02\/FESTEJO-SILVA-1068x647.jpeg 1068w, https:\/\/www.cordobatimes.com\/deportes\/wp-content\/uploads\/2018\/02\/FESTEJO-SILVA-693x420.jpeg 693w\" sizes=\"auto, (max-width: 1200px) 100vw, 1200px\" \/><figcaption id=\"caption-attachment-35805\" class=\"wp-caption-text\">Santiago Silva marc\u00f3 el 2-0 definitivo.<\/figcaption><\/figure>\n<p>El club de Barrio Jard\u00edn es el \u00fanico escolta del l\u00edder Boca. Sum\u00f3 tres puntos importantes para lograr el objetivo de clasificar a copas internacionales y mostr\u00f3 un nivel muy alto que ilusiona a sus hinchas partido tras partido.<\/p>\n<p><strong>El resumen:<\/strong><\/p>\n<p><iframe loading=\"lazy\" width=\"696\" height=\"392\" src=\"https:\/\/www.youtube.com\/embed\/haBOgNgyLQQ?feature=oembed\" frameborder=\"0\" allow=\"autoplay; encrypted-media\" allowfullscreen><\/iframe><\/p>\n","protected":false},"excerpt":{"rendered":"<p>Con un gran juego colectivo, Talleres derrot\u00f3 2-0 a Argentinos Juniors con goles de Juan Ram\u00edrez y Santiago Silva. El equipo de Frank Dar\u00edo Kudelka no afloja y en la tarde del lunes derrot\u00f3 al equipo de La Paternal por 2-0. Juan Ram\u00edrez, quien estuvo al borde de salir del equipo titular, y Santiago Silva, [&hellip;]<\/p>\n","protected":false},"author":26,"featured_media":35803,"comment_status":"closed","ping_status":"closed","sticky":false,"template":"","format":"standard","meta":{"_seopress_robots_primary_cat":"","_seopress_titles_title":"","_seopress_titles_desc":"","_seopress_robots_index":"","footnotes":""},"categories":[2,16],"tags":[6329,272,852,4748,94,5966,6003,2753,5605,40,6450],"class_list":["post-35802","post","type-post","status-publish","format-standard","has-post-thumbnail","hentry","category-futbol","category-primera-division","tag-6329","tag-argentinos","tag-argentinos-juniors","tag-frank-dario-kudelka","tag-futbol-argentino","tag-guido-herrera","tag-juan-ramirez","tag-santiago-silva","tag-superliga","tag-talleres","tag-talleres-escolta"],"_links":{"self":[{"href":"https:\/\/www.cordobatimes.com\/deportes\/wp-json\/wp\/v2\/posts\/35802","targetHints":{"allow":["GET"]}}],"collection":[{"href":"https:\/\/www.cordobatimes.com\/deportes\/wp-json\/wp\/v2\/posts"}],"about":[{"href":"https:\/\/www.cordobatimes.com\/deportes\/wp-json\/wp\/v2\/types\/post"}],"author":[{"embeddable":true,"href":"https:\/\/www.cordobatimes.com\/deportes\/wp-json\/wp\/v2\/users\/26"}],"replies":[{"embeddable":true,"href":"https:\/\/www.cordobatimes.com\/deportes\/wp-json\/wp\/v2\/comments?post=35802"}],"version-history":[{"count":0,"href":"https:\/\/www.cordobatimes.com\/deportes\/wp-json\/wp\/v2\/posts\/35802\/revisions"}],"wp:featuredmedia":[{"embeddable":true,"href":"https:\/\/www.cordobatimes.com\/deportes\/wp-json\/wp\/v2\/media\/35803"}],"wp:attachment":[{"href":"https:\/\/www.cordobatimes.com\/deportes\/wp-json\/wp\/v2\/media?parent=35802"}],"wp:term":[{"taxonomy":"category","embeddable":true,"href":"https:\/\/www.cordobatimes.com\/deportes\/wp-json\/wp\/v2\/categories?post=35802"},{"taxonomy":"post_tag","embeddable":true,"href":"https:\/\/www.cordobatimes.com\/deportes\/wp-json\/wp\/v2\/tags?post=35802"}],"curies":[{"name":"wp","href":"https:\/\/api.w.org\/{rel}","templated":true}]}}