{"id":35687,"date":"2018-02-18T20:32:34","date_gmt":"2018-02-18T23:32:34","guid":{"rendered":"http:\/\/www.cordobatimes.com\/deportes\/?p=35687"},"modified":"2018-02-18T20:32:34","modified_gmt":"2018-02-18T23:32:34","slug":"no-hubo-milagro","status":"publish","type":"post","link":"https:\/\/www.cordobatimes.com\/deportes\/futbol\/2018\/02\/18\/no-hubo-milagro\/","title":{"rendered":"No hubo milagro"},"content":{"rendered":"<h3><strong>Talleres qued\u00f3 afuera de la Copa Libertadores Sub 20 tras el empate 0-0 entre Nacional de Uruguay e Independiente del Valle de Ecuador.<\/strong><\/h3>\n<p>Tras empatar el viernes 1-1 contra San Pablo de Brasil, la &#8220;T&#8221; deb\u00eda esperar que se de una serie de resultados para avanzar a semifinales. Tras los partidos del d\u00eda s\u00e1bado correspondientes al Grupo &#8220;B&#8221;, el equipo de Egidio Acu\u00f1a segu\u00eda con chances de pasar de ronda. S\u00f3lo ten\u00eda que haber un ganador en el duelo decisivo del Grupo &#8220;C&#8221; entre Nacional e Independiente.<\/p>\n<p>Sin embargo, fue empate 0-0 este domingo entre el representante de Ecuador y uno de los equipos locales (el otro es River de Uruguay). As\u00ed, la &#8220;T&#8221; culmina una hist\u00f3rica participaci\u00f3n en el certamen con dos victorias (3-0 sobre Atl\u00e9tico Venezuela y 2-0 ante Quebracho de Bolivia) y un empate (1-1 frente a San Pablo). Recibiendo apenas un gol y convirtiendo seis. El goleador del equipo cordob\u00e9s fue Nahuel Bustos con cuatro tantos.<\/p>\n<p>De todas maneras, los chicos de Talleres dejaron una muy buena impresi\u00f3n en el campeonato. La suerte no estuvo de su lado y fueron eliminados del torneo a pesar de no haber perdido ning\u00fan partido.<\/p>\n<blockquote class=\"twitter-tweet\" data-lang=\"es\">\n<p dir=\"ltr\" lang=\"es\">Estamos MUY orgullosos de nuestros jugadores y cuerpo t\u00e9cnico. Volvimos a hacer historia para el f\u00fatbol del interior, dejando bien en alto los colores m\u00e1s lindos en la Copa <a href=\"https:\/\/twitter.com\/LibertadoresUy?ref_src=twsrc%5Etfw\">@LibertadoresUy<\/a> Sub 20. \u00a1GRACIAS! ?? <a href=\"https:\/\/t.co\/K2hzv4LU6J\">pic.twitter.com\/K2hzv4LU6J<\/a><\/p>\n<p>\u2014 Talleres (@CATalleresdecba) <a href=\"https:\/\/twitter.com\/CATalleresdecba\/status\/965360781792604162?ref_src=twsrc%5Etfw\">18 de febrero de 2018<\/a><\/p><\/blockquote>\n<p><script async src=\"https:\/\/platform.twitter.com\/widgets.js\" charset=\"utf-8\"><\/script><\/p>\n<blockquote class=\"twitter-tweet\" data-lang=\"es\">\n<p dir=\"ltr\" lang=\"es\"><a href=\"https:\/\/twitter.com\/hashtag\/LibertadoresSub20?src=hash&amp;ref_src=twsrc%5Etfw\">#LibertadoresSub20<\/a> | La primera semifinal de la <a href=\"https:\/\/twitter.com\/LibertadoresUy?ref_src=twsrc%5Etfw\">@LibertadoresUy<\/a> se jugar\u00e1 el 21\/2 a las 16:30 h entre <a href=\"https:\/\/twitter.com\/SaoPauloFC?ref_src=twsrc%5Etfw\">@SaoPauloFC<\/a> y <a href=\"https:\/\/twitter.com\/Nacional?ref_src=twsrc%5Etfw\">@Nacional<\/a>.<br \/>\nLa segunda ser\u00e1 el mismo d\u00eda a las 18:45 h ente <a href=\"https:\/\/twitter.com\/cariveruruguay?ref_src=twsrc%5Etfw\">@cariveruruguay<\/a> e <a href=\"https:\/\/twitter.com\/IDV_EC?ref_src=twsrc%5Etfw\">@IDV_EC<\/a>.<br \/>\nAmbos encuentros se disputar\u00e1n en el Estadio Centenario con entrada gratuita. <a href=\"https:\/\/t.co\/Q5O8fkKlZM\">pic.twitter.com\/Q5O8fkKlZM<\/a><\/p>\n<p>\u2014 Conmebol Libertadores Sub-20 Uruguay 2018 (@LibertadoresUy) <a href=\"https:\/\/twitter.com\/LibertadoresUy\/status\/965338935516901377?ref_src=twsrc%5Etfw\">18 de febrero de 2018<\/a><\/p><\/blockquote>\n<p><script async src=\"https:\/\/platform.twitter.com\/widgets.js\" charset=\"utf-8\"><\/script><\/p>\n","protected":false},"excerpt":{"rendered":"<p>Talleres qued\u00f3 afuera de la Copa Libertadores Sub 20 tras el empate 0-0 entre Nacional de Uruguay e Independiente del Valle de Ecuador. Tras empatar el viernes 1-1 contra San Pablo de Brasil, la &#8220;T&#8221; deb\u00eda esperar que se de una serie de resultados para avanzar a semifinales. Tras los partidos del d\u00eda s\u00e1bado correspondientes [&hellip;]<\/p>\n","protected":false},"author":26,"featured_media":35690,"comment_status":"closed","ping_status":"closed","sticky":false,"template":"","format":"standard","meta":{"_seopress_robots_primary_cat":"","_seopress_titles_title":"","_seopress_titles_desc":"","_seopress_robots_index":"","footnotes":""},"categories":[2],"tags":[6387,1971,1625,40],"class_list":["post-35687","post","type-post","status-publish","format-standard","has-post-thumbnail","hentry","category-futbol","tag-copa-libertadores-sub-20","tag-independiente-del-valle","tag-nacional","tag-talleres"],"_links":{"self":[{"href":"https:\/\/www.cordobatimes.com\/deportes\/wp-json\/wp\/v2\/posts\/35687","targetHints":{"allow":["GET"]}}],"collection":[{"href":"https:\/\/www.cordobatimes.com\/deportes\/wp-json\/wp\/v2\/posts"}],"about":[{"href":"https:\/\/www.cordobatimes.com\/deportes\/wp-json\/wp\/v2\/types\/post"}],"author":[{"embeddable":true,"href":"https:\/\/www.cordobatimes.com\/deportes\/wp-json\/wp\/v2\/users\/26"}],"replies":[{"embeddable":true,"href":"https:\/\/www.cordobatimes.com\/deportes\/wp-json\/wp\/v2\/comments?post=35687"}],"version-history":[{"count":0,"href":"https:\/\/www.cordobatimes.com\/deportes\/wp-json\/wp\/v2\/posts\/35687\/revisions"}],"wp:featuredmedia":[{"embeddable":true,"href":"https:\/\/www.cordobatimes.com\/deportes\/wp-json\/wp\/v2\/media\/35690"}],"wp:attachment":[{"href":"https:\/\/www.cordobatimes.com\/deportes\/wp-json\/wp\/v2\/media?parent=35687"}],"wp:term":[{"taxonomy":"category","embeddable":true,"href":"https:\/\/www.cordobatimes.com\/deportes\/wp-json\/wp\/v2\/categories?post=35687"},{"taxonomy":"post_tag","embeddable":true,"href":"https:\/\/www.cordobatimes.com\/deportes\/wp-json\/wp\/v2\/tags?post=35687"}],"curies":[{"name":"wp","href":"https:\/\/api.w.org\/{rel}","templated":true}]}}