{"id":35678,"date":"2018-02-18T11:52:57","date_gmt":"2018-02-18T14:52:57","guid":{"rendered":"http:\/\/www.cordobatimes.com\/deportes\/?p=35678"},"modified":"2018-02-18T11:57:17","modified_gmt":"2018-02-18T14:57:17","slug":"bebelo-titular-juega-boca","status":"publish","type":"post","link":"https:\/\/www.cordobatimes.com\/deportes\/futbol\/2018\/02\/18\/bebelo-titular-juega-boca\/","title":{"rendered":"Con &#8220;Bebelo&#8221; de titular, juega Boca"},"content":{"rendered":"<h3><strong>El Xeneize buscar\u00e1 seguir siendo puntero cuando visite desde las 21:30 a Banfield. En el equipo boquense ser\u00e1 titular Reynoso.<\/strong><\/h3>\n<p>Boca intentar\u00e1 esta noche seguir siendo el l\u00edder de la superliga, cuando <strong>visit\u00e9 al Taladro<\/strong> a las <strong>21:30<\/strong>, ser\u00e1 trasmisi\u00f3n de\u00a0<strong>Fox Sport Premium.<\/strong><\/p>\n<p>En el visitante jugar\u00e1\u00a0<strong>Emanuel &#8221; Bebelo&#8221; Reynoso,\u00a0<\/strong>el ex talleres volver\u00e1 a la titularidad luego de haber jugado el \u00faltimo partido con el matador en el anterior torneo.<\/p>\n<blockquote class=\"twitter-tweet\" data-lang=\"es\">\n<p dir=\"ltr\" lang=\"cy\"><a href=\"https:\/\/twitter.com\/hashtag\/Concentrados?src=hash&amp;ref_src=twsrc%5Etfw\">#Concentrados<\/a> Banfield-Boca <a href=\"https:\/\/t.co\/es8rwiPMxo\">pic.twitter.com\/es8rwiPMxo<\/a><\/p>\n<p>\u2014 Boca Jrs. Oficial (@BocaJrsOficial) <a href=\"https:\/\/twitter.com\/BocaJrsOficial\/status\/964555933362737153?ref_src=twsrc%5Etfw\">16 de febrero de 2018<\/a><\/p><\/blockquote>\n<p><script async src=\"https:\/\/platform.twitter.com\/widgets.js\" charset=\"utf-8\"><\/script><\/p>\n<p><strong>Probables Formaciones:<\/strong><\/p>\n<p><b>BANFIELD:<\/b>\u00a0Facundo Altamirano; Emanuel Coronel, Alexis Maldonado, Alexis Sosa; Claudio Bravo, Nicol\u00e1s Linares; Franco Colela, Luciano G\u00f3mez o Claudio Villagra, Juan Alvarez, Mart\u00edn Lucero; Juli\u00e1n Carranza.<\/p>\n<p><b>BOCA:<\/b>\u00a0Agust\u00edn Rossi; Leonardo Jara, Paolo Goltz, Lisandro Magall\u00e1n y Frank Fabra; Nahitan N\u00e1ndez, Wilmar Barrios y Emanuel Reynoso; Cristian Pav\u00f3n, Carlos Tevez y Edwin Cardona.<\/p>\n<p><b>CANCHA:<\/b>\u00a0Banfield.<br \/>\n<b>ARBITRO:<\/b>\u00a0Mauro Vigliano.<br \/>\n<b>HORA:<\/b>\u00a021.30.<\/p>\n","protected":false},"excerpt":{"rendered":"<p>El Xeneize buscar\u00e1 seguir siendo puntero cuando visite desde las 21:30 a Banfield. En el equipo boquense ser\u00e1 titular Reynoso. Boca intentar\u00e1 esta noche seguir siendo el l\u00edder de la superliga, cuando visit\u00e9 al Taladro a las 21:30, ser\u00e1 trasmisi\u00f3n de\u00a0Fox Sport Premium. En el visitante jugar\u00e1\u00a0Emanuel &#8221; Bebelo&#8221; Reynoso,\u00a0el ex talleres volver\u00e1 a la [&hellip;]<\/p>\n","protected":false},"author":27,"featured_media":35679,"comment_status":"closed","ping_status":"closed","sticky":false,"template":"","format":"standard","meta":{"_seopress_robots_primary_cat":"","_seopress_titles_title":"","_seopress_titles_desc":"","_seopress_robots_index":"","footnotes":""},"categories":[2,16],"tags":[358,6376,52,2712,64,105,5605,6438],"class_list":["post-35678","post","type-post","status-publish","format-standard","has-post-thumbnail","hentry","category-futbol","category-primera-division","tag-banfield","tag-bebelo-reynoso","tag-boca","tag-fecha-16","tag-futbol-2","tag-primera-division-2","tag-superliga","tag-titular"],"_links":{"self":[{"href":"https:\/\/www.cordobatimes.com\/deportes\/wp-json\/wp\/v2\/posts\/35678","targetHints":{"allow":["GET"]}}],"collection":[{"href":"https:\/\/www.cordobatimes.com\/deportes\/wp-json\/wp\/v2\/posts"}],"about":[{"href":"https:\/\/www.cordobatimes.com\/deportes\/wp-json\/wp\/v2\/types\/post"}],"author":[{"embeddable":true,"href":"https:\/\/www.cordobatimes.com\/deportes\/wp-json\/wp\/v2\/users\/27"}],"replies":[{"embeddable":true,"href":"https:\/\/www.cordobatimes.com\/deportes\/wp-json\/wp\/v2\/comments?post=35678"}],"version-history":[{"count":0,"href":"https:\/\/www.cordobatimes.com\/deportes\/wp-json\/wp\/v2\/posts\/35678\/revisions"}],"wp:featuredmedia":[{"embeddable":true,"href":"https:\/\/www.cordobatimes.com\/deportes\/wp-json\/wp\/v2\/media\/35679"}],"wp:attachment":[{"href":"https:\/\/www.cordobatimes.com\/deportes\/wp-json\/wp\/v2\/media?parent=35678"}],"wp:term":[{"taxonomy":"category","embeddable":true,"href":"https:\/\/www.cordobatimes.com\/deportes\/wp-json\/wp\/v2\/categories?post=35678"},{"taxonomy":"post_tag","embeddable":true,"href":"https:\/\/www.cordobatimes.com\/deportes\/wp-json\/wp\/v2\/tags?post=35678"}],"curies":[{"name":"wp","href":"https:\/\/api.w.org\/{rel}","templated":true}]}}