{"id":35633,"date":"2018-02-16T13:53:31","date_gmt":"2018-02-16T16:53:31","guid":{"rendered":"http:\/\/www.cordobatimes.com\/deportes\/?p=35633"},"modified":"2018-02-16T16:11:18","modified_gmt":"2018-02-16T19:11:18","slug":"por-un-pase-a-las-semis","status":"publish","type":"post","link":"https:\/\/www.cordobatimes.com\/deportes\/futbol\/2018\/02\/16\/por-un-pase-a-las-semis\/","title":{"rendered":"Por un pase a las &#8220;semis&#8221;"},"content":{"rendered":"<h3><strong>Por la Copa Libertadores Sub 20, Talleres juega este viernes desde las 16:30 hs contra San Pablo de Brasil por un pase a las semifinales del torneo. Debe ganar o esperar resultados.<\/strong><\/h3>\n<p>En el marco de la tercera y \u00faltima fecha del Grupo &#8220;A&#8221; de la Copa Libertadores Sub 20, el equipo de Egidio Acu\u00f1a se mide frente a San Pablo, con quien comparte la punta en una de las zonas del torneo. Como todos los encuentros del certamen, se jugar\u00e1 en el estadio Centenario de Montevideo, Uruguay.<\/p>\n<p>La &#8220;T&#8221;, debe vencer al equipo brasilero -que adem\u00e1s es el \u00faltimo campe\u00f3n de la competici\u00f3n- para acceder a la siguiente ronda del torneo juvenil sin depender de nadie. En caso de empatar o perder, necesitar\u00e1 de una serie de resultados en los grupos &#8220;B&#8221; y &#8220;C&#8221; que lo depositen como &#8220;mejor segundo&#8221; y, as\u00ed, avanzar a semifinales.<\/p>\n<p>El &#8220;Tricolor&#8221; viene de golear 6-1 a Atl\u00e9tico Venezuela. Y en la primer fecha, derrot\u00f3 6-0 a Quebracho de Bolivia. Por su parte, el equipo de Barrio Jard\u00edn llega a dicho encuentro tras ganarle a Quebracho 2-0; y en la primera fecha, a Atl\u00e9tico Venezuela por 3-0.<\/p>\n<p><strong>As\u00ed est\u00e1n todos los grupos de la Copa Libertadores Sub 20:<\/strong><\/p>\n<p><strong>GRUPO &#8220;A&#8221;:<\/strong><\/p>\n<ol>\n<li><strong>San Pablo (Brasil) |<\/strong>\u00a06pts (+11)<\/li>\n<li><strong>Talleres (Argentina) |<\/strong>\u00a06pts (+5)<\/li>\n<li><strong>Atl\u00e9tico Venezuela (Venezuela) |<\/strong>\u00a00pts (-8)<\/li>\n<li><strong>Quebracho (Bolivia) |<\/strong>\u00a00pts (-8)<\/li>\n<\/ol>\n<p><strong>GRUPO &#8220;B&#8221;:<\/strong><\/p>\n<ol>\n<li><strong>Libertad (Paraguay) |<\/strong>\u00a04pts (+2)<\/li>\n<li><strong>River Plate (Uruguay) |\u00a0<\/strong>4pts (+1)<\/li>\n<li><strong>La Equidad (Colombia) |\u00a0<\/strong>3pts (0)<\/li>\n<li><strong>Cruzeiro (Brasil) |<\/strong>\u00a00pts (-3)<\/li>\n<\/ol>\n<p><strong>GRUPO &#8220;C&#8221;:<\/strong><\/p>\n<ol>\n<li><strong>Nacional (Uruguay) |\u00a0<\/strong>6pts (+13)<\/li>\n<li><strong>Independiente del Valle (Ecuador) |<\/strong>\u00a06pts (+10)<\/li>\n<li><strong>Colo Colo (Chile) |\u00a0<\/strong>0pts (-10)<\/li>\n<li><strong>Sport Huancayo (Per\u00fa) |<\/strong>\u00a00pts (-13)<\/li>\n<\/ol>\n<p>Cabe destacar que aun resta disputarse la \u00faltima fecha en cada grupo. \u00c9sta, se disputar\u00e1 los d\u00edas viernes y domingo, dependiendo la zona.<\/p>\n<blockquote class=\"twitter-tweet\" data-lang=\"es\">\n<p dir=\"ltr\" lang=\"es\"><a href=\"https:\/\/twitter.com\/hashtag\/CopaLibertadores?src=hash&amp;ref_src=twsrc%5Etfw\">#CopaLibertadores<\/a> Sub 20 | La delegaci\u00f3n de <a href=\"https:\/\/twitter.com\/hashtag\/Talleres?src=hash&amp;ref_src=twsrc%5Etfw\">#Talleres<\/a> en Uruguay a la espera del gran partido de ma\u00f1ana ante S\u00e3o Paulo ? <a href=\"https:\/\/t.co\/1T4V6k8ym6\">pic.twitter.com\/1T4V6k8ym6<\/a><\/p>\n<p>\u2014 Talleres (@CATalleresdecba) <a href=\"https:\/\/twitter.com\/CATalleresdecba\/status\/964146974621650944?ref_src=twsrc%5Etfw\">15 de febrero de 2018<\/a><\/p><\/blockquote>\n<p><script async src=\"https:\/\/platform.twitter.com\/widgets.js\" charset=\"utf-8\"><\/script><\/p>\n<blockquote class=\"twitter-tweet\" data-lang=\"es\">\n<p lang=\"es\" dir=\"ltr\"><a href=\"https:\/\/twitter.com\/hashtag\/CopaLibertadores?src=hash&amp;ref_src=twsrc%5Etfw\">#CopaLibertadores<\/a> Sub 20 | Nos preparamos para partir rumbo al Estadio Centenario de Montevideo. <a href=\"https:\/\/t.co\/6LgWG89qXY\">pic.twitter.com\/6LgWG89qXY<\/a><\/p>\n<p>&mdash; Talleres (@CATalleresdecba) <a href=\"https:\/\/twitter.com\/CATalleresdecba\/status\/964537950074744832?ref_src=twsrc%5Etfw\">16 de febrero de 2018<\/a><\/p><\/blockquote>\n<p><script async src=\"https:\/\/platform.twitter.com\/widgets.js\" charset=\"utf-8\"><\/script><\/p>\n<blockquote class=\"twitter-tweet\" data-lang=\"es\">\n<p lang=\"es\" dir=\"ltr\"><a href=\"https:\/\/twitter.com\/hashtag\/CopaLibertadores?src=hash&amp;ref_src=twsrc%5Etfw\">#CopaLibertadores<\/a> Sub 20 | La formaci\u00f3n de <a href=\"https:\/\/twitter.com\/hashtag\/Talleres?src=hash&amp;ref_src=twsrc%5Etfw\">#Talleres<\/a> para jugar ante <a href=\"https:\/\/twitter.com\/SaoPauloFC?ref_src=twsrc%5Etfw\">@SaoPauloFC<\/a> en el Estadio Centenario, en nuestro \u00faltimo partido del Grupo A. <a href=\"https:\/\/t.co\/EJGOaQP2pw\">pic.twitter.com\/EJGOaQP2pw<\/a><\/p>\n<p>&mdash; Talleres (@CATalleresdecba) <a href=\"https:\/\/twitter.com\/CATalleresdecba\/status\/964567561181384704?ref_src=twsrc%5Etfw\">16 de febrero de 2018<\/a><\/p><\/blockquote>\n<p><script async src=\"https:\/\/platform.twitter.com\/widgets.js\" charset=\"utf-8\"><\/script><\/p>\n","protected":false},"excerpt":{"rendered":"<p>Por la Copa Libertadores Sub 20, Talleres juega este viernes desde las 16:30 hs contra San Pablo de Brasil por un pase a las semifinales del torneo. Debe ganar o esperar resultados. En el marco de la tercera y \u00faltima fecha del Grupo &#8220;A&#8221; de la Copa Libertadores Sub 20, el equipo de Egidio Acu\u00f1a [&hellip;]<\/p>\n","protected":false},"author":26,"featured_media":35634,"comment_status":"closed","ping_status":"closed","sticky":false,"template":"","format":"standard","meta":{"_seopress_robots_primary_cat":"","_seopress_titles_title":"","_seopress_titles_desc":"","_seopress_robots_index":"","footnotes":""},"categories":[2],"tags":[26,6414,4159,125,6387,6428,6424,6423,459,6430,40,316],"class_list":["post-35633","post","type-post","status-publish","format-standard","has-post-thumbnail","hentry","category-futbol","tag-argentina","tag-atletico-venezuela","tag-bolivia","tag-brasil","tag-copa-libertadores-sub-20","tag-egidio-acuna","tag-estadio-centenario","tag-quebracho","tag-san-pablo","tag-sao-pablo","tag-talleres","tag-uruguay"],"_links":{"self":[{"href":"https:\/\/www.cordobatimes.com\/deportes\/wp-json\/wp\/v2\/posts\/35633","targetHints":{"allow":["GET"]}}],"collection":[{"href":"https:\/\/www.cordobatimes.com\/deportes\/wp-json\/wp\/v2\/posts"}],"about":[{"href":"https:\/\/www.cordobatimes.com\/deportes\/wp-json\/wp\/v2\/types\/post"}],"author":[{"embeddable":true,"href":"https:\/\/www.cordobatimes.com\/deportes\/wp-json\/wp\/v2\/users\/26"}],"replies":[{"embeddable":true,"href":"https:\/\/www.cordobatimes.com\/deportes\/wp-json\/wp\/v2\/comments?post=35633"}],"version-history":[{"count":0,"href":"https:\/\/www.cordobatimes.com\/deportes\/wp-json\/wp\/v2\/posts\/35633\/revisions"}],"wp:featuredmedia":[{"embeddable":true,"href":"https:\/\/www.cordobatimes.com\/deportes\/wp-json\/wp\/v2\/media\/35634"}],"wp:attachment":[{"href":"https:\/\/www.cordobatimes.com\/deportes\/wp-json\/wp\/v2\/media?parent=35633"}],"wp:term":[{"taxonomy":"category","embeddable":true,"href":"https:\/\/www.cordobatimes.com\/deportes\/wp-json\/wp\/v2\/categories?post=35633"},{"taxonomy":"post_tag","embeddable":true,"href":"https:\/\/www.cordobatimes.com\/deportes\/wp-json\/wp\/v2\/tags?post=35633"}],"curies":[{"name":"wp","href":"https:\/\/api.w.org\/{rel}","templated":true}]}}