{"id":35617,"date":"2018-02-13T21:11:32","date_gmt":"2018-02-14T00:11:32","guid":{"rendered":"http:\/\/www.cordobatimes.com\/deportes\/?p=35617"},"modified":"2018-02-13T21:11:32","modified_gmt":"2018-02-14T00:11:32","slug":"libertadores-sub-20-talleres-le-gano-2-0-quebracho","status":"publish","type":"post","link":"https:\/\/www.cordobatimes.com\/deportes\/futbol\/2018\/02\/13\/libertadores-sub-20-talleres-le-gano-2-0-quebracho\/","title":{"rendered":"Libertadores Sub 20: Talleres le gan\u00f3 2-0 a Quebracho"},"content":{"rendered":"<h3><strong>Con goles de Mauro Valiente y Nahuel Bustos, la &#8220;T&#8221; se impuso 2-0 ante los bolivianos por la segunda fecha del Grupo &#8220;A&#8221;.<\/strong><\/h3>\n<figure id=\"attachment_35619\" aria-describedby=\"caption-attachment-35619\" style=\"width: 1200px\" class=\"wp-caption alignnone\"><img loading=\"lazy\" decoding=\"async\" class=\"wp-image-35619 size-full\" src=\"http:\/\/www.cordobatimes.com\/deportes\/wp-content\/uploads\/2018\/02\/carlos-villalba.jpg\" alt=\"\" width=\"1200\" height=\"800\" srcset=\"https:\/\/www.cordobatimes.com\/deportes\/wp-content\/uploads\/2018\/02\/carlos-villalba.jpg 1200w, https:\/\/www.cordobatimes.com\/deportes\/wp-content\/uploads\/2018\/02\/carlos-villalba-300x200.jpg 300w, https:\/\/www.cordobatimes.com\/deportes\/wp-content\/uploads\/2018\/02\/carlos-villalba-768x512.jpg 768w, https:\/\/www.cordobatimes.com\/deportes\/wp-content\/uploads\/2018\/02\/carlos-villalba-1024x683.jpg 1024w, https:\/\/www.cordobatimes.com\/deportes\/wp-content\/uploads\/2018\/02\/carlos-villalba-696x464.jpg 696w, https:\/\/www.cordobatimes.com\/deportes\/wp-content\/uploads\/2018\/02\/carlos-villalba-1068x712.jpg 1068w, https:\/\/www.cordobatimes.com\/deportes\/wp-content\/uploads\/2018\/02\/carlos-villalba-630x420.jpg 630w\" sizes=\"auto, (max-width: 1200px) 100vw, 1200px\" \/><figcaption id=\"caption-attachment-35619\" class=\"wp-caption-text\">Carlos Villalba fue el capit\u00e1n en la &#8220;T&#8221;<\/figcaption><\/figure>\n<p>El equipo de Egidio Acu\u00f1a sigue a paso firme en el certamen internacional y derrotaron por 2-0 al equipo de Bolivia. As\u00ed, comparte la punta del Grupo &#8220;A&#8221; con San Pablo de Brasil con 6 puntos (hoy derrot\u00f3 6-1 a Atl\u00e9tico Venezuela). El equipo brasilero, ser\u00e1 el rival de Talleres el viernes desde las 16:30 en lo que ser\u00e1 el \u00faltimo partido de la Fase de Grupos.<\/p>\n<p>Mauro Valiente a los 45 minutos del primer tiempo adelant\u00f3 a la &#8220;T&#8221;. Mientras que Nahuel Bustos a los 6 minutos del segundo tiempo puso el 2-0 definitivo.<\/p>\n<p>&nbsp;<\/p>\n<figure id=\"attachment_35621\" aria-describedby=\"caption-attachment-35621\" style=\"width: 1200px\" class=\"wp-caption alignnone\"><img loading=\"lazy\" decoding=\"async\" class=\"wp-image-35621 size-full\" src=\"http:\/\/www.cordobatimes.com\/deportes\/wp-content\/uploads\/2018\/02\/gol-valiente.jpg\" alt=\"\" width=\"1200\" height=\"949\" srcset=\"https:\/\/www.cordobatimes.com\/deportes\/wp-content\/uploads\/2018\/02\/gol-valiente.jpg 1200w, https:\/\/www.cordobatimes.com\/deportes\/wp-content\/uploads\/2018\/02\/gol-valiente-300x237.jpg 300w, https:\/\/www.cordobatimes.com\/deportes\/wp-content\/uploads\/2018\/02\/gol-valiente-768x607.jpg 768w, https:\/\/www.cordobatimes.com\/deportes\/wp-content\/uploads\/2018\/02\/gol-valiente-1024x810.jpg 1024w, https:\/\/www.cordobatimes.com\/deportes\/wp-content\/uploads\/2018\/02\/gol-valiente-696x550.jpg 696w, https:\/\/www.cordobatimes.com\/deportes\/wp-content\/uploads\/2018\/02\/gol-valiente-1068x845.jpg 1068w, https:\/\/www.cordobatimes.com\/deportes\/wp-content\/uploads\/2018\/02\/gol-valiente-531x420.jpg 531w\" sizes=\"auto, (max-width: 1200px) 100vw, 1200px\" \/><figcaption id=\"caption-attachment-35621\" class=\"wp-caption-text\">Mauro Valiente adelant\u00f3 a la &#8220;T&#8221;<\/figcaption><\/figure>\n<p><img loading=\"lazy\" decoding=\"async\" class=\"alignnone wp-image-35622 size-full\" src=\"http:\/\/www.cordobatimes.com\/deportes\/wp-content\/uploads\/2018\/02\/DV8-KyqW0AMjeQP.jpg\" alt=\"\" width=\"1200\" height=\"853\" srcset=\"https:\/\/www.cordobatimes.com\/deportes\/wp-content\/uploads\/2018\/02\/DV8-KyqW0AMjeQP.jpg 1200w, https:\/\/www.cordobatimes.com\/deportes\/wp-content\/uploads\/2018\/02\/DV8-KyqW0AMjeQP-300x213.jpg 300w, https:\/\/www.cordobatimes.com\/deportes\/wp-content\/uploads\/2018\/02\/DV8-KyqW0AMjeQP-768x546.jpg 768w, https:\/\/www.cordobatimes.com\/deportes\/wp-content\/uploads\/2018\/02\/DV8-KyqW0AMjeQP-1024x728.jpg 1024w, https:\/\/www.cordobatimes.com\/deportes\/wp-content\/uploads\/2018\/02\/DV8-KyqW0AMjeQP-100x70.jpg 100w, https:\/\/www.cordobatimes.com\/deportes\/wp-content\/uploads\/2018\/02\/DV8-KyqW0AMjeQP-696x495.jpg 696w, https:\/\/www.cordobatimes.com\/deportes\/wp-content\/uploads\/2018\/02\/DV8-KyqW0AMjeQP-1068x759.jpg 1068w, https:\/\/www.cordobatimes.com\/deportes\/wp-content\/uploads\/2018\/02\/DV8-KyqW0AMjeQP-591x420.jpg 591w\" sizes=\"auto, (max-width: 1200px) 100vw, 1200px\" \/><\/p>\n<p>En caso de ganar o conseguir un resultado que lo ubique como &#8220;mejor segundo&#8221;, jugar\u00e1 las semifinales del torneo el mi\u00e9rcoles 21 de febrero.<\/p>\n<p><strong>As\u00ed quedaron las tablas de posiciones del Grupo &#8220;A&#8221;:<\/strong><\/p>\n<p>San Pablo \u2013 6 (+11)<br \/>\nTalleres \u2013 6 (+5)<br \/>\nAtl\u00e9tico Venezuela \u2013 0 (-8)<br \/>\nQuebracho \u2013 0 (-8)<\/p>\n<p><strong>Los goleadores de la tarde-noche en Uruguay:<\/strong><\/p>\n<figure id=\"attachment_35618\" aria-describedby=\"caption-attachment-35618\" style=\"width: 866px\" class=\"wp-caption alignnone\"><img loading=\"lazy\" decoding=\"async\" class=\"wp-image-35618 size-full\" src=\"http:\/\/www.cordobatimes.com\/deportes\/wp-content\/uploads\/2018\/02\/Mauro-valiente-y-nahuel-bustos.jpg\" alt=\"\" width=\"866\" height=\"1051\" srcset=\"https:\/\/www.cordobatimes.com\/deportes\/wp-content\/uploads\/2018\/02\/Mauro-valiente-y-nahuel-bustos.jpg 866w, https:\/\/www.cordobatimes.com\/deportes\/wp-content\/uploads\/2018\/02\/Mauro-valiente-y-nahuel-bustos-247x300.jpg 247w, https:\/\/www.cordobatimes.com\/deportes\/wp-content\/uploads\/2018\/02\/Mauro-valiente-y-nahuel-bustos-768x932.jpg 768w, https:\/\/www.cordobatimes.com\/deportes\/wp-content\/uploads\/2018\/02\/Mauro-valiente-y-nahuel-bustos-844x1024.jpg 844w, https:\/\/www.cordobatimes.com\/deportes\/wp-content\/uploads\/2018\/02\/Mauro-valiente-y-nahuel-bustos-696x845.jpg 696w, https:\/\/www.cordobatimes.com\/deportes\/wp-content\/uploads\/2018\/02\/Mauro-valiente-y-nahuel-bustos-346x420.jpg 346w\" sizes=\"auto, (max-width: 866px) 100vw, 866px\" \/><figcaption id=\"caption-attachment-35618\" class=\"wp-caption-text\">Mauro Valiente y Nahuel Bustos convirtieron para que gane la &#8220;T&#8221;<\/figcaption><\/figure>\n<blockquote class=\"twitter-tweet\" data-lang=\"es\">\n<p dir=\"ltr\" lang=\"es\">Finaliz\u00f3 la segunda jornada del grupo C por la <a href=\"https:\/\/twitter.com\/LibertadoresUy?ref_src=twsrc%5Etfw\">@Libertadoresuy<\/a>. <a href=\"https:\/\/twitter.com\/SaoPauloFC?ref_src=twsrc%5Etfw\">@SaoPauloFC<\/a> 6 &#8211; 1 <a href=\"https:\/\/twitter.com\/AtleticoVzla?ref_src=twsrc%5Etfw\">@AtleticoVzla<\/a> <a href=\"https:\/\/twitter.com\/ClubQuebracho?ref_src=twsrc%5Etfw\">@ClubQuebracho<\/a> 0 &#8211; 2 <a href=\"https:\/\/twitter.com\/CATalleresdecba?ref_src=twsrc%5Etfw\">@CATalleresdecba<\/a><\/p>\n<p>Posiciones (DG):<br \/>\nSan Pablo \u2013 6 (+11)<br \/>\nTalleres \u2013 6 (+5)<br \/>\nAtl\u00e9tico Venezuela \u2013 0 (-8)<br \/>\nQuebracho \u2013 0 (-8)<a href=\"https:\/\/twitter.com\/hashtag\/LibertadoresSub20?src=hash&amp;ref_src=twsrc%5Etfw\">#LibertadoresSub20<\/a> <a href=\"https:\/\/t.co\/burN2ES9YU\">pic.twitter.com\/burN2ES9YU<\/a><\/p>\n<p>\u2014 Conmebol Libertadores Sub-20 Uruguay 2018 (@LibertadoresUy) <a href=\"https:\/\/twitter.com\/LibertadoresUy\/status\/963561484168069121?ref_src=twsrc%5Etfw\">13 de febrero de 2018<\/a><\/p><\/blockquote>\n<p><script async src=\"https:\/\/platform.twitter.com\/widgets.js\" charset=\"utf-8\"><\/script><\/p>\n<blockquote class=\"twitter-tweet\" data-lang=\"es\">\n<p dir=\"ltr\" lang=\"es\"><a href=\"https:\/\/twitter.com\/hashtag\/VamosTalleres?src=hash&amp;ref_src=twsrc%5Etfw\">#VamosTalleres<\/a> | Final del partido: <a href=\"https:\/\/twitter.com\/hashtag\/Talleres?src=hash&amp;ref_src=twsrc%5Etfw\">#Talleres<\/a> 2 (Valiente y Bustos) &#8211; Club Quebracho 0. Segunda victoria consecutiva de la &#8220;T&#8221; en la Copa <a href=\"https:\/\/twitter.com\/LibertadoresUy?ref_src=twsrc%5Etfw\">@LibertadoresUy<\/a> Sub 20 ? <a href=\"https:\/\/t.co\/9ktM1rqqZX\">pic.twitter.com\/9ktM1rqqZX<\/a><\/p>\n<p>\u2014 Talleres (@CATalleresdecba) <a href=\"https:\/\/twitter.com\/CATalleresdecba\/status\/963557665401131013?ref_src=twsrc%5Etfw\">13 de febrero de 2018<\/a><\/p><\/blockquote>\n<p><script async src=\"https:\/\/platform.twitter.com\/widgets.js\" charset=\"utf-8\"><\/script><\/p>\n","protected":false},"excerpt":{"rendered":"<p>Con goles de Mauro Valiente y Nahuel Bustos, la &#8220;T&#8221; se impuso 2-0 ante los bolivianos por la segunda fecha del Grupo &#8220;A&#8221;. El equipo de Egidio Acu\u00f1a sigue a paso firme en el certamen internacional y derrotaron por 2-0 al equipo de Bolivia. As\u00ed, comparte la punta del Grupo &#8220;A&#8221; con San Pablo de [&hellip;]<\/p>\n","protected":false},"author":26,"featured_media":35620,"comment_status":"closed","ping_status":"closed","sticky":false,"template":"","format":"standard","meta":{"_seopress_robots_primary_cat":"","_seopress_titles_title":"","_seopress_titles_desc":"","_seopress_robots_index":"","footnotes":""},"categories":[2],"tags":[26,4159,6428,6422,6429,6013,6423,40,6427,316],"class_list":["post-35617","post","type-post","status-publish","format-standard","has-post-thumbnail","hentry","category-futbol","tag-argentina","tag-bolivia","tag-egidio-acuna","tag-libertadores-sub-20","tag-mauro-valiente","tag-nahuel-bustos","tag-quebracho","tag-talleres","tag-talleres-2-0-club-quebracho","tag-uruguay"],"_links":{"self":[{"href":"https:\/\/www.cordobatimes.com\/deportes\/wp-json\/wp\/v2\/posts\/35617","targetHints":{"allow":["GET"]}}],"collection":[{"href":"https:\/\/www.cordobatimes.com\/deportes\/wp-json\/wp\/v2\/posts"}],"about":[{"href":"https:\/\/www.cordobatimes.com\/deportes\/wp-json\/wp\/v2\/types\/post"}],"author":[{"embeddable":true,"href":"https:\/\/www.cordobatimes.com\/deportes\/wp-json\/wp\/v2\/users\/26"}],"replies":[{"embeddable":true,"href":"https:\/\/www.cordobatimes.com\/deportes\/wp-json\/wp\/v2\/comments?post=35617"}],"version-history":[{"count":0,"href":"https:\/\/www.cordobatimes.com\/deportes\/wp-json\/wp\/v2\/posts\/35617\/revisions"}],"wp:featuredmedia":[{"embeddable":true,"href":"https:\/\/www.cordobatimes.com\/deportes\/wp-json\/wp\/v2\/media\/35620"}],"wp:attachment":[{"href":"https:\/\/www.cordobatimes.com\/deportes\/wp-json\/wp\/v2\/media?parent=35617"}],"wp:term":[{"taxonomy":"category","embeddable":true,"href":"https:\/\/www.cordobatimes.com\/deportes\/wp-json\/wp\/v2\/categories?post=35617"},{"taxonomy":"post_tag","embeddable":true,"href":"https:\/\/www.cordobatimes.com\/deportes\/wp-json\/wp\/v2\/tags?post=35617"}],"curies":[{"name":"wp","href":"https:\/\/api.w.org\/{rel}","templated":true}]}}